  {"id":9871,"date":"2021-11-02T11:34:07","date_gmt":"2021-11-02T10:34:07","guid":{"rendered":"https:\/\/www.iesabadinobhi.com\/?p=9871"},"modified":"2021-11-02T11:42:30","modified_gmt":"2021-11-02T10:42:30","slug":"aprendizaje-de-idiomas-en-el-extranjero","status":"publish","type":"post","link":"https:\/\/www.iesabadinobhi.com\/es\/aprendizaje-de-idiomas-en-el-extranjero\/","title":{"rendered":"Aprendizaje de idiomas en el extranjero"},"content":{"rendered":"<p><img loading=\"lazy\" decoding=\"async\" class=\"aligncenter size-large wp-image-9877\" src=\"https:\/\/www.iesabadinobhi.com\/wp-content\/uploads\/2021\/11\/europa_cursos_apaisado-1024x582.jpg\" alt=\"\" width=\"1024\" height=\"582\" srcset=\"https:\/\/www.iesabadinobhi.com\/wp-content\/uploads\/2021\/11\/europa_cursos_apaisado-1024x582.jpg 1024w, https:\/\/www.iesabadinobhi.com\/wp-content\/uploads\/2021\/11\/europa_cursos_apaisado-500x284.jpg 500w, https:\/\/www.iesabadinobhi.com\/wp-content\/uploads\/2021\/11\/europa_cursos_apaisado-768x436.jpg 768w, https:\/\/www.iesabadinobhi.com\/wp-content\/uploads\/2021\/11\/europa_cursos_apaisado-1536x872.jpg 1536w, https:\/\/www.iesabadinobhi.com\/wp-content\/uploads\/2021\/11\/europa_cursos_apaisado-150x85.jpg 150w, https:\/\/www.iesabadinobhi.com\/wp-content\/uploads\/2021\/11\/europa_cursos_apaisado.jpg 2000w\" sizes=\"auto, (max-width: 1024px) 100vw, 1024px\" \/><\/p>\n<h3>Cursos de idiomas en el extranjero &#8211; Verano 2022.<\/h3>\n<p>Oferta de plazas para la estancia y realizaci\u00f3n de cursos en Irlanda, Reino Unido, Francia y Alemania, durante el verano de 2022, dirigido a alumnado de 3\u00ba y 4\u00ba de la Educaci\u00f3n Secundaria Obligatoria y de 1er y 2\u00ba cursos de Bachillerato matriculado en centros sostenidos con fondos p\u00fablicos de la Comunidad Aut\u00f3noma del Pa\u00eds Vasco.<\/p>\n<h5>Enlaces y documentos<\/h5>\n<p><a href=\"https:\/\/www.euskadi.eus\/aprendizaje-de-idiomas-en-el-extranjero-verano\/web01-a3helebi\/es\/\" target=\"_blank\" rel=\"noopener\">Informaci\u00f3n<\/a><\/p>\n","protected":false},"excerpt":{"rendered":"<p>Cursos de idiomas en el extranjero &#8211; Verano 2022. Oferta de plazas para la estancia y realizaci\u00f3n de cursos en Irlanda, Reino Unido, Francia y Alemania, durante el verano de 2022, dirigido a alumnado de 3\u00ba y 4\u00ba de la Educaci\u00f3n Secundaria Obligatoria y de 1er y 2\u00ba cursos de&nbsp;<a href=\"https:\/\/www.iesabadinobhi.com\/es\/aprendizaje-de-idiomas-en-el-extranjero\/\">&hellip;<\/a><\/p>\n","protected":false},"author":1,"featured_media":9874,"comment_status":"closed","ping_status":"closed","sticky":false,"template":"","format":"standard","meta":{"_acf_changed":false,"footnotes":""},"categories":[38],"tags":[],"class_list":["post-9871","post","type-post","status-publish","format-standard","has-post-thumbnail","hentry","category-noticias","odd"],"acf":[],"yoast_head":"<!-- This site is optimized with the Yoast SEO plugin v27.4 - https:\/\/yoast.com\/product\/yoast-seo-wordpress\/ -->\n<title>Aprendizaje de idiomas en el extranjero - Abadi\u00f1oko Institutua - Instituto de Abadi\u00f1o<\/title>\n<meta name=\"robots\" content=\"index, follow, max-snippet:-1, max-image-preview:large, max-video-preview:-1\" \/>\n<link rel=\"canonical\" href=\"https:\/\/www.iesabadinobhi.com\/es\/aprendizaje-de-idiomas-en-el-extranjero\/\" \/>\n<meta property=\"og:locale\" content=\"es_ES\" \/>\n<meta property=\"og:type\" content=\"article\" \/>\n<meta property=\"og:title\" content=\"Aprendizaje de idiomas en el extranjero - Abadi\u00f1oko Institutua - Instituto de Abadi\u00f1o\" \/>\n<meta property=\"og:description\" content=\"Cursos de idiomas en el extranjero &#8211; Verano 2022. Oferta de plazas para la estancia y realizaci\u00f3n de cursos en Irlanda, Reino Unido, Francia y Alemania, durante el verano de 2022, dirigido a alumnado de 3\u00ba y 4\u00ba de la Educaci\u00f3n Secundaria Obligatoria y de 1er y 2\u00ba cursos de&nbsp;&hellip;\" \/>\n<meta property=\"og:url\" content=\"https:\/\/www.iesabadinobhi.com\/es\/aprendizaje-de-idiomas-en-el-extranjero\/\" \/>\n<meta property=\"og:site_name\" content=\"Abadi\u00f1oko Institutua - Instituto de Abadi\u00f1o\" \/>\n<meta property=\"article:published_time\" content=\"2021-11-02T10:34:07+00:00\" \/>\n<meta property=\"article:modified_time\" content=\"2021-11-02T10:42:30+00:00\" \/>\n<meta property=\"og:image\" content=\"https:\/\/www.iesabadinobhi.com\/wp-content\/uploads\/2021\/11\/europa_cursos.jpg\" \/>\n\t<meta property=\"og:image:width\" content=\"2000\" \/>\n\t<meta property=\"og:image:height\" content=\"2000\" \/>\n\t<meta property=\"og:image:type\" content=\"image\/jpeg\" \/>\n<meta name=\"author\" content=\"komunika\" \/>\n<meta name=\"twitter:card\" content=\"summary_large_image\" \/>\n<meta name=\"twitter:label1\" content=\"Escrito por\" \/>\n\t<meta name=\"twitter:data1\" content=\"komunika\" \/>\n<script type=\"application\/ld+json\" class=\"yoast-schema-graph\">{\"@context\":\"https:\\\/\\\/schema.org\",\"@graph\":[{\"@type\":\"Article\",\"@id\":\"https:\\\/\\\/www.iesabadinobhi.com\\\/es\\\/aprendizaje-de-idiomas-en-el-extranjero\\\/#article\",\"isPartOf\":{\"@id\":\"https:\\\/\\\/www.iesabadinobhi.com\\\/es\\\/aprendizaje-de-idiomas-en-el-extranjero\\\/\"},\"author\":{\"name\":\"komunika\",\"@id\":\"https:\\\/\\\/www.iesabadinobhi.com\\\/#\\\/schema\\\/person\\\/a71a6965234a00ffd67b3fc3c9858cd3\"},\"headline\":\"Aprendizaje de idiomas en el extranjero\",\"datePublished\":\"2021-11-02T10:34:07+00:00\",\"dateModified\":\"2021-11-02T10:42:30+00:00\",\"mainEntityOfPage\":{\"@id\":\"https:\\\/\\\/www.iesabadinobhi.com\\\/es\\\/aprendizaje-de-idiomas-en-el-extranjero\\\/\"},\"wordCount\":76,\"publisher\":{\"@id\":\"https:\\\/\\\/www.iesabadinobhi.com\\\/#organization\"},\"image\":{\"@id\":\"https:\\\/\\\/www.iesabadinobhi.com\\\/es\\\/aprendizaje-de-idiomas-en-el-extranjero\\\/#primaryimage\"},\"thumbnailUrl\":\"https:\\\/\\\/www.iesabadinobhi.com\\\/wp-content\\\/uploads\\\/2021\\\/11\\\/europa_cursos.jpg\",\"articleSection\":[\"Noticias\"],\"inLanguage\":\"es\"},{\"@type\":\"WebPage\",\"@id\":\"https:\\\/\\\/www.iesabadinobhi.com\\\/es\\\/aprendizaje-de-idiomas-en-el-extranjero\\\/\",\"url\":\"https:\\\/\\\/www.iesabadinobhi.com\\\/es\\\/aprendizaje-de-idiomas-en-el-extranjero\\\/\",\"name\":\"Aprendizaje de idiomas en el extranjero - Abadi\u00f1oko Institutua - Instituto de Abadi\u00f1o\",\"isPartOf\":{\"@id\":\"https:\\\/\\\/www.iesabadinobhi.com\\\/#website\"},\"primaryImageOfPage\":{\"@id\":\"https:\\\/\\\/www.iesabadinobhi.com\\\/es\\\/aprendizaje-de-idiomas-en-el-extranjero\\\/#primaryimage\"},\"image\":{\"@id\":\"https:\\\/\\\/www.iesabadinobhi.com\\\/es\\\/aprendizaje-de-idiomas-en-el-extranjero\\\/#primaryimage\"},\"thumbnailUrl\":\"https:\\\/\\\/www.iesabadinobhi.com\\\/wp-content\\\/uploads\\\/2021\\\/11\\\/europa_cursos.jpg\",\"datePublished\":\"2021-11-02T10:34:07+00:00\",\"dateModified\":\"2021-11-02T10:42:30+00:00\",\"breadcrumb\":{\"@id\":\"https:\\\/\\\/www.iesabadinobhi.com\\\/es\\\/aprendizaje-de-idiomas-en-el-extranjero\\\/#breadcrumb\"},\"inLanguage\":\"es\",\"potentialAction\":[{\"@type\":\"ReadAction\",\"target\":[\"https:\\\/\\\/www.iesabadinobhi.com\\\/es\\\/aprendizaje-de-idiomas-en-el-extranjero\\\/\"]}]},{\"@type\":\"ImageObject\",\"inLanguage\":\"es\",\"@id\":\"https:\\\/\\\/www.iesabadinobhi.com\\\/es\\\/aprendizaje-de-idiomas-en-el-extranjero\\\/#primaryimage\",\"url\":\"https:\\\/\\\/www.iesabadinobhi.com\\\/wp-content\\\/uploads\\\/2021\\\/11\\\/europa_cursos.jpg\",\"contentUrl\":\"https:\\\/\\\/www.iesabadinobhi.com\\\/wp-content\\\/uploads\\\/2021\\\/11\\\/europa_cursos.jpg\",\"width\":2000,\"height\":2000},{\"@type\":\"BreadcrumbList\",\"@id\":\"https:\\\/\\\/www.iesabadinobhi.com\\\/es\\\/aprendizaje-de-idiomas-en-el-extranjero\\\/#breadcrumb\",\"itemListElement\":[{\"@type\":\"ListItem\",\"position\":1,\"name\":\"Portada\",\"item\":\"https:\\\/\\\/www.iesabadinobhi.com\\\/es\\\/\"},{\"@type\":\"ListItem\",\"position\":2,\"name\":\"Aprendizaje de idiomas en el extranjero\"}]},{\"@type\":\"WebSite\",\"@id\":\"https:\\\/\\\/www.iesabadinobhi.com\\\/#website\",\"url\":\"https:\\\/\\\/www.iesabadinobhi.com\\\/\",\"name\":\"Abadi\u00f1oko Institutua - Instituto de Abadi\u00f1o\",\"description\":\"Centro p\u00fablico de modelo D para alumnos\\\/as de 12 a 16 a\u00f1os.\",\"publisher\":{\"@id\":\"https:\\\/\\\/www.iesabadinobhi.com\\\/#organization\"},\"potentialAction\":[{\"@type\":\"SearchAction\",\"target\":{\"@type\":\"EntryPoint\",\"urlTemplate\":\"https:\\\/\\\/www.iesabadinobhi.com\\\/?s={search_term_string}\"},\"query-input\":{\"@type\":\"PropertyValueSpecification\",\"valueRequired\":true,\"valueName\":\"search_term_string\"}}],\"inLanguage\":\"es\"},{\"@type\":\"Organization\",\"@id\":\"https:\\\/\\\/www.iesabadinobhi.com\\\/#organization\",\"name\":\"Abadi\u00f1oko Institutua - Instituto de Abadi\u00f1o\",\"url\":\"https:\\\/\\\/www.iesabadinobhi.com\\\/\",\"logo\":{\"@type\":\"ImageObject\",\"inLanguage\":\"es\",\"@id\":\"https:\\\/\\\/www.iesabadinobhi.com\\\/#\\\/schema\\\/logo\\\/image\\\/\",\"url\":\"https:\\\/\\\/www.iesabadinobhi.com\\\/wp-content\\\/uploads\\\/2022\\\/01\\\/logo_abadino_web_25-1.jpg\",\"contentUrl\":\"https:\\\/\\\/www.iesabadinobhi.com\\\/wp-content\\\/uploads\\\/2022\\\/01\\\/logo_abadino_web_25-1.jpg\",\"width\":246,\"height\":234,\"caption\":\"Abadi\u00f1oko Institutua - Instituto de Abadi\u00f1o\"},\"image\":{\"@id\":\"https:\\\/\\\/www.iesabadinobhi.com\\\/#\\\/schema\\\/logo\\\/image\\\/\"},\"sameAs\":[\"https:\\\/\\\/www.youtube.com\\\/channel\\\/UChFI9DF_PiIsiqzblGEpD6Q\"]},{\"@type\":\"Person\",\"@id\":\"https:\\\/\\\/www.iesabadinobhi.com\\\/#\\\/schema\\\/person\\\/a71a6965234a00ffd67b3fc3c9858cd3\",\"name\":\"komunika\",\"image\":{\"@type\":\"ImageObject\",\"inLanguage\":\"es\",\"@id\":\"https:\\\/\\\/secure.gravatar.com\\\/avatar\\\/a22f2ac29ef785448617c06f66acb86e91041eb5ff01e3e6145cdc0af3989762?s=96&d=mm&r=g\",\"url\":\"https:\\\/\\\/secure.gravatar.com\\\/avatar\\\/a22f2ac29ef785448617c06f66acb86e91041eb5ff01e3e6145cdc0af3989762?s=96&d=mm&r=g\",\"contentUrl\":\"https:\\\/\\\/secure.gravatar.com\\\/avatar\\\/a22f2ac29ef785448617c06f66acb86e91041eb5ff01e3e6145cdc0af3989762?s=96&d=mm&r=g\",\"caption\":\"komunika\"},\"sameAs\":[\"http:\\\/\\\/www.iesabadinobhi.com\"],\"url\":\"https:\\\/\\\/www.iesabadinobhi.com\\\/es\\\/author\\\/komunika\\\/\"}]}<\/script>\n<!-- \/ Yoast SEO plugin. -->","yoast_head_json":{"title":"Aprendizaje de idiomas en el extranjero - Abadi\u00f1oko Institutua - Instituto de Abadi\u00f1o","robots":{"index":"index","follow":"follow","max-snippet":"max-snippet:-1","max-image-preview":"max-image-preview:large","max-video-preview":"max-video-preview:-1"},"canonical":"https:\/\/www.iesabadinobhi.com\/es\/aprendizaje-de-idiomas-en-el-extranjero\/","og_locale":"es_ES","og_type":"article","og_title":"Aprendizaje de idiomas en el extranjero - Abadi\u00f1oko Institutua - Instituto de Abadi\u00f1o","og_description":"Cursos de idiomas en el extranjero &#8211; Verano 2022. Oferta de plazas para la estancia y realizaci\u00f3n de cursos en Irlanda, Reino Unido, Francia y Alemania, durante el verano de 2022, dirigido a alumnado de 3\u00ba y 4\u00ba de la Educaci\u00f3n Secundaria Obligatoria y de 1er y 2\u00ba cursos de&nbsp;&hellip;","og_url":"https:\/\/www.iesabadinobhi.com\/es\/aprendizaje-de-idiomas-en-el-extranjero\/","og_site_name":"Abadi\u00f1oko Institutua - Instituto de Abadi\u00f1o","article_published_time":"2021-11-02T10:34:07+00:00","article_modified_time":"2021-11-02T10:42:30+00:00","og_image":[{"width":2000,"height":2000,"url":"https:\/\/www.iesabadinobhi.com\/wp-content\/uploads\/2021\/11\/europa_cursos.jpg","type":"image\/jpeg"}],"author":"komunika","twitter_card":"summary_large_image","twitter_misc":{"Escrito por":"komunika"},"schema":{"@context":"https:\/\/schema.org","@graph":[{"@type":"Article","@id":"https:\/\/www.iesabadinobhi.com\/es\/aprendizaje-de-idiomas-en-el-extranjero\/#article","isPartOf":{"@id":"https:\/\/www.iesabadinobhi.com\/es\/aprendizaje-de-idiomas-en-el-extranjero\/"},"author":{"name":"komunika","@id":"https:\/\/www.iesabadinobhi.com\/#\/schema\/person\/a71a6965234a00ffd67b3fc3c9858cd3"},"headline":"Aprendizaje de idiomas en el extranjero","datePublished":"2021-11-02T10:34:07+00:00","dateModified":"2021-11-02T10:42:30+00:00","mainEntityOfPage":{"@id":"https:\/\/www.iesabadinobhi.com\/es\/aprendizaje-de-idiomas-en-el-extranjero\/"},"wordCount":76,"publisher":{"@id":"https:\/\/www.iesabadinobhi.com\/#organization"},"image":{"@id":"https:\/\/www.iesabadinobhi.com\/es\/aprendizaje-de-idiomas-en-el-extranjero\/#primaryimage"},"thumbnailUrl":"https:\/\/www.iesabadinobhi.com\/wp-content\/uploads\/2021\/11\/europa_cursos.jpg","articleSection":["Noticias"],"inLanguage":"es"},{"@type":"WebPage","@id":"https:\/\/www.iesabadinobhi.com\/es\/aprendizaje-de-idiomas-en-el-extranjero\/","url":"https:\/\/www.iesabadinobhi.com\/es\/aprendizaje-de-idiomas-en-el-extranjero\/","name":"Aprendizaje de idiomas en el extranjero - Abadi\u00f1oko Institutua - Instituto de Abadi\u00f1o","isPartOf":{"@id":"https:\/\/www.iesabadinobhi.com\/#website"},"primaryImageOfPage":{"@id":"https:\/\/www.iesabadinobhi.com\/es\/aprendizaje-de-idiomas-en-el-extranjero\/#primaryimage"},"image":{"@id":"https:\/\/www.iesabadinobhi.com\/es\/aprendizaje-de-idiomas-en-el-extranjero\/#primaryimage"},"thumbnailUrl":"https:\/\/www.iesabadinobhi.com\/wp-content\/uploads\/2021\/11\/europa_cursos.jpg","datePublished":"2021-11-02T10:34:07+00:00","dateModified":"2021-11-02T10:42:30+00:00","breadcrumb":{"@id":"https:\/\/www.iesabadinobhi.com\/es\/aprendizaje-de-idiomas-en-el-extranjero\/#breadcrumb"},"inLanguage":"es","potentialAction":[{"@type":"ReadAction","target":["https:\/\/www.iesabadinobhi.com\/es\/aprendizaje-de-idiomas-en-el-extranjero\/"]}]},{"@type":"ImageObject","inLanguage":"es","@id":"https:\/\/www.iesabadinobhi.com\/es\/aprendizaje-de-idiomas-en-el-extranjero\/#primaryimage","url":"https:\/\/www.iesabadinobhi.com\/wp-content\/uploads\/2021\/11\/europa_cursos.jpg","contentUrl":"https:\/\/www.iesabadinobhi.com\/wp-content\/uploads\/2021\/11\/europa_cursos.jpg","width":2000,"height":2000},{"@type":"BreadcrumbList","@id":"https:\/\/www.iesabadinobhi.com\/es\/aprendizaje-de-idiomas-en-el-extranjero\/#breadcrumb","itemListElement":[{"@type":"ListItem","position":1,"name":"Portada","item":"https:\/\/www.iesabadinobhi.com\/es\/"},{"@type":"ListItem","position":2,"name":"Aprendizaje de idiomas en el extranjero"}]},{"@type":"WebSite","@id":"https:\/\/www.iesabadinobhi.com\/#website","url":"https:\/\/www.iesabadinobhi.com\/","name":"Abadi\u00f1oko Institutua - Instituto de Abadi\u00f1o","description":"Centro p\u00fablico de modelo D para alumnos\/as de 12 a 16 a\u00f1os.","publisher":{"@id":"https:\/\/www.iesabadinobhi.com\/#organization"},"potentialAction":[{"@type":"SearchAction","target":{"@type":"EntryPoint","urlTemplate":"https:\/\/www.iesabadinobhi.com\/?s={search_term_string}"},"query-input":{"@type":"PropertyValueSpecification","valueRequired":true,"valueName":"search_term_string"}}],"inLanguage":"es"},{"@type":"Organization","@id":"https:\/\/www.iesabadinobhi.com\/#organization","name":"Abadi\u00f1oko Institutua - Instituto de Abadi\u00f1o","url":"https:\/\/www.iesabadinobhi.com\/","logo":{"@type":"ImageObject","inLanguage":"es","@id":"https:\/\/www.iesabadinobhi.com\/#\/schema\/logo\/image\/","url":"https:\/\/www.iesabadinobhi.com\/wp-content\/uploads\/2022\/01\/logo_abadino_web_25-1.jpg","contentUrl":"https:\/\/www.iesabadinobhi.com\/wp-content\/uploads\/2022\/01\/logo_abadino_web_25-1.jpg","width":246,"height":234,"caption":"Abadi\u00f1oko Institutua - Instituto de Abadi\u00f1o"},"image":{"@id":"https:\/\/www.iesabadinobhi.com\/#\/schema\/logo\/image\/"},"sameAs":["https:\/\/www.youtube.com\/channel\/UChFI9DF_PiIsiqzblGEpD6Q"]},{"@type":"Person","@id":"https:\/\/www.iesabadinobhi.com\/#\/schema\/person\/a71a6965234a00ffd67b3fc3c9858cd3","name":"komunika","image":{"@type":"ImageObject","inLanguage":"es","@id":"https:\/\/secure.gravatar.com\/avatar\/a22f2ac29ef785448617c06f66acb86e91041eb5ff01e3e6145cdc0af3989762?s=96&d=mm&r=g","url":"https:\/\/secure.gravatar.com\/avatar\/a22f2ac29ef785448617c06f66acb86e91041eb5ff01e3e6145cdc0af3989762?s=96&d=mm&r=g","contentUrl":"https:\/\/secure.gravatar.com\/avatar\/a22f2ac29ef785448617c06f66acb86e91041eb5ff01e3e6145cdc0af3989762?s=96&d=mm&r=g","caption":"komunika"},"sameAs":["http:\/\/www.iesabadinobhi.com"],"url":"https:\/\/www.iesabadinobhi.com\/es\/author\/komunika\/"}]}},"_links":{"self":[{"href":"https:\/\/www.iesabadinobhi.com\/es\/wp-json\/wp\/v2\/posts\/9871","targetHints":{"allow":["GET"]}}],"collection":[{"href":"https:\/\/www.iesabadinobhi.com\/es\/wp-json\/wp\/v2\/posts"}],"about":[{"href":"https:\/\/www.iesabadinobhi.com\/es\/wp-json\/wp\/v2\/types\/post"}],"author":[{"embeddable":true,"href":"https:\/\/www.iesabadinobhi.com\/es\/wp-json\/wp\/v2\/users\/1"}],"replies":[{"embeddable":true,"href":"https:\/\/www.iesabadinobhi.com\/es\/wp-json\/wp\/v2\/comments?post=9871"}],"version-history":[{"count":8,"href":"https:\/\/www.iesabadinobhi.com\/es\/wp-json\/wp\/v2\/posts\/9871\/revisions"}],"predecessor-version":[{"id":9886,"href":"https:\/\/www.iesabadinobhi.com\/es\/wp-json\/wp\/v2\/posts\/9871\/revisions\/9886"}],"wp:featuredmedia":[{"embeddable":true,"href":"https:\/\/www.iesabadinobhi.com\/es\/wp-json\/wp\/v2\/media\/9874"}],"wp:attachment":[{"href":"https:\/\/www.iesabadinobhi.com\/es\/wp-json\/wp\/v2\/media?parent=9871"}],"wp:term":[{"taxonomy":"category","embeddable":true,"href":"https:\/\/www.iesabadinobhi.com\/es\/wp-json\/wp\/v2\/categories?post=9871"},{"taxonomy":"post_tag","embeddable":true,"href":"https:\/\/www.iesabadinobhi.com\/es\/wp-json\/wp\/v2\/tags?post=9871"}],"curies":[{"name":"wp","href":"https:\/\/api.w.org\/{rel}","templated":true}]}}