  {"id":338,"date":"2021-02-01T12:05:40","date_gmt":"2021-02-01T11:05:40","guid":{"rendered":"http:\/\/ed.aislinthemes.com\/?p=526"},"modified":"2021-06-21T16:33:47","modified_gmt":"2021-06-21T14:33:47","slug":"reunion-informativa-alumnado-1o-curso-2021-2022","status":"publish","type":"post","link":"https:\/\/www.iesabadinobhi.com\/es\/reunion-informativa-alumnado-1o-curso-2021-2022\/","title":{"rendered":"Reuni\u00f3n informativa &#8211; Alumnado 1\u00ba curso 2021-2022"},"content":{"rendered":"<h3><img loading=\"lazy\" decoding=\"async\" class=\"aligncenter size-large wp-image-9014\" src=\"http:\/\/www.iesabadinobhi.com\/wp-content\/uploads\/2021\/06\/abadino_img_noticia_default-1024x683.jpg\" alt=\"\" width=\"1024\" height=\"683\" srcset=\"https:\/\/www.iesabadinobhi.com\/wp-content\/uploads\/2021\/06\/abadino_img_noticia_default-1024x683.jpg 1024w, https:\/\/www.iesabadinobhi.com\/wp-content\/uploads\/2021\/06\/abadino_img_noticia_default-500x333.jpg 500w, https:\/\/www.iesabadinobhi.com\/wp-content\/uploads\/2021\/06\/abadino_img_noticia_default-768x512.jpg 768w, https:\/\/www.iesabadinobhi.com\/wp-content\/uploads\/2021\/06\/abadino_img_noticia_default-150x100.jpg 150w, https:\/\/www.iesabadinobhi.com\/wp-content\/uploads\/2021\/06\/abadino_img_noticia_default.jpg 1500w\" sizes=\"auto, (max-width: 1024px) 100vw, 1024px\" \/><\/h3>\n<h3>El d\u00eda 10 de febrero se celebrar\u00e1 una reuni\u00f3n informativa con las familias de l@s alumn@s de 6\u00ba de primaria.<\/h3>\n<p>Se celebrar\u00e1 una reuni\u00f3n informativa con las familias de l@s alumn@s de 6\u00ba de primaria. La reuni\u00f3n ser\u00e1 en ERROTA KULTUR ETXEA el d\u00eda 10 de febrero, mi\u00e9rcoles, a las 17:30. En la misma, se intentar\u00e1 responder y aclarar todas vuestras dudas.<\/p>\n<p>En esta situaci\u00f3n de pandemia nos vemos obligad@s a cumplir las medidas establecidas en el protocolo contra el COVID-19 por lo que os pedimos que asista a la reuni\u00f3n una \u00fanica persona por familia.<\/p>\n","protected":false},"excerpt":{"rendered":"<p>El d\u00eda 10 de febrero se celebrar\u00e1 una reuni\u00f3n informativa con las familias de l@s alumn@s de 6\u00ba de primaria. Se celebrar\u00e1 una reuni\u00f3n informativa con las familias de l@s alumn@s de 6\u00ba de primaria. La reuni\u00f3n ser\u00e1 en ERROTA KULTUR ETXEA el d\u00eda 10 de febrero, mi\u00e9rcoles, a las&nbsp;<a href=\"https:\/\/www.iesabadinobhi.com\/es\/reunion-informativa-alumnado-1o-curso-2021-2022\/\">&hellip;<\/a><\/p>\n","protected":false},"author":1,"featured_media":9014,"comment_status":"closed","ping_status":"closed","sticky":false,"template":"","format":"standard","meta":{"_acf_changed":false,"footnotes":""},"categories":[38],"tags":[],"class_list":["post-338","post","type-post","status-publish","format-standard","has-post-thumbnail","hentry","category-noticias","odd"],"acf":[],"yoast_head":"<!-- This site is optimized with the Yoast SEO plugin v27.4 - https:\/\/yoast.com\/product\/yoast-seo-wordpress\/ -->\n<title>Reuni\u00f3n informativa - Alumnado 1\u00ba curso 2021-2022 - Abadi\u00f1oko Institutua - Instituto de Abadi\u00f1o<\/title>\n<meta name=\"robots\" content=\"index, follow, max-snippet:-1, max-image-preview:large, max-video-preview:-1\" \/>\n<link rel=\"canonical\" href=\"https:\/\/www.iesabadinobhi.com\/es\/reunion-informativa-alumnado-1o-curso-2021-2022\/\" \/>\n<meta property=\"og:locale\" content=\"es_ES\" \/>\n<meta property=\"og:type\" content=\"article\" \/>\n<meta property=\"og:title\" content=\"Reuni\u00f3n informativa - Alumnado 1\u00ba curso 2021-2022 - Abadi\u00f1oko Institutua - Instituto de Abadi\u00f1o\" \/>\n<meta property=\"og:description\" content=\"El d\u00eda 10 de febrero se celebrar\u00e1 una reuni\u00f3n informativa con las familias de l@s alumn@s de 6\u00ba de primaria. Se celebrar\u00e1 una reuni\u00f3n informativa con las familias de l@s alumn@s de 6\u00ba de primaria. La reuni\u00f3n ser\u00e1 en ERROTA KULTUR ETXEA el d\u00eda 10 de febrero, mi\u00e9rcoles, a las&nbsp;&hellip;\" \/>\n<meta property=\"og:url\" content=\"https:\/\/www.iesabadinobhi.com\/es\/reunion-informativa-alumnado-1o-curso-2021-2022\/\" \/>\n<meta property=\"og:site_name\" content=\"Abadi\u00f1oko Institutua - Instituto de Abadi\u00f1o\" \/>\n<meta property=\"article:published_time\" content=\"2021-02-01T11:05:40+00:00\" \/>\n<meta property=\"article:modified_time\" content=\"2021-06-21T14:33:47+00:00\" \/>\n<meta property=\"og:image\" content=\"https:\/\/www.iesabadinobhi.com\/wp-content\/uploads\/2021\/06\/abadino_img_noticia_default.jpg\" \/>\n\t<meta property=\"og:image:width\" content=\"1500\" \/>\n\t<meta property=\"og:image:height\" content=\"1000\" \/>\n\t<meta property=\"og:image:type\" content=\"image\/jpeg\" \/>\n<meta name=\"author\" content=\"komunika\" \/>\n<meta name=\"twitter:card\" content=\"summary_large_image\" \/>\n<meta name=\"twitter:label1\" content=\"Escrito por\" \/>\n\t<meta name=\"twitter:data1\" content=\"komunika\" \/>\n\t<meta name=\"twitter:label2\" content=\"Tiempo de lectura\" \/>\n\t<meta name=\"twitter:data2\" content=\"1 minuto\" \/>\n<script type=\"application\/ld+json\" class=\"yoast-schema-graph\">{\"@context\":\"https:\\\/\\\/schema.org\",\"@graph\":[{\"@type\":\"Article\",\"@id\":\"https:\\\/\\\/www.iesabadinobhi.com\\\/es\\\/reunion-informativa-alumnado-1o-curso-2021-2022\\\/#article\",\"isPartOf\":{\"@id\":\"https:\\\/\\\/www.iesabadinobhi.com\\\/es\\\/reunion-informativa-alumnado-1o-curso-2021-2022\\\/\"},\"author\":{\"name\":\"komunika\",\"@id\":\"https:\\\/\\\/www.iesabadinobhi.com\\\/#\\\/schema\\\/person\\\/a71a6965234a00ffd67b3fc3c9858cd3\"},\"headline\":\"Reuni\u00f3n informativa &#8211; Alumnado 1\u00ba curso 2021-2022\",\"datePublished\":\"2021-02-01T11:05:40+00:00\",\"dateModified\":\"2021-06-21T14:33:47+00:00\",\"mainEntityOfPage\":{\"@id\":\"https:\\\/\\\/www.iesabadinobhi.com\\\/es\\\/reunion-informativa-alumnado-1o-curso-2021-2022\\\/\"},\"wordCount\":111,\"publisher\":{\"@id\":\"https:\\\/\\\/www.iesabadinobhi.com\\\/#organization\"},\"image\":{\"@id\":\"https:\\\/\\\/www.iesabadinobhi.com\\\/es\\\/reunion-informativa-alumnado-1o-curso-2021-2022\\\/#primaryimage\"},\"thumbnailUrl\":\"https:\\\/\\\/www.iesabadinobhi.com\\\/wp-content\\\/uploads\\\/2021\\\/06\\\/abadino_img_noticia_default.jpg\",\"articleSection\":[\"Noticias\"],\"inLanguage\":\"es\"},{\"@type\":\"WebPage\",\"@id\":\"https:\\\/\\\/www.iesabadinobhi.com\\\/es\\\/reunion-informativa-alumnado-1o-curso-2021-2022\\\/\",\"url\":\"https:\\\/\\\/www.iesabadinobhi.com\\\/es\\\/reunion-informativa-alumnado-1o-curso-2021-2022\\\/\",\"name\":\"Reuni\u00f3n informativa - Alumnado 1\u00ba curso 2021-2022 - Abadi\u00f1oko Institutua - Instituto de Abadi\u00f1o\",\"isPartOf\":{\"@id\":\"https:\\\/\\\/www.iesabadinobhi.com\\\/#website\"},\"primaryImageOfPage\":{\"@id\":\"https:\\\/\\\/www.iesabadinobhi.com\\\/es\\\/reunion-informativa-alumnado-1o-curso-2021-2022\\\/#primaryimage\"},\"image\":{\"@id\":\"https:\\\/\\\/www.iesabadinobhi.com\\\/es\\\/reunion-informativa-alumnado-1o-curso-2021-2022\\\/#primaryimage\"},\"thumbnailUrl\":\"https:\\\/\\\/www.iesabadinobhi.com\\\/wp-content\\\/uploads\\\/2021\\\/06\\\/abadino_img_noticia_default.jpg\",\"datePublished\":\"2021-02-01T11:05:40+00:00\",\"dateModified\":\"2021-06-21T14:33:47+00:00\",\"breadcrumb\":{\"@id\":\"https:\\\/\\\/www.iesabadinobhi.com\\\/es\\\/reunion-informativa-alumnado-1o-curso-2021-2022\\\/#breadcrumb\"},\"inLanguage\":\"es\",\"potentialAction\":[{\"@type\":\"ReadAction\",\"target\":[\"https:\\\/\\\/www.iesabadinobhi.com\\\/es\\\/reunion-informativa-alumnado-1o-curso-2021-2022\\\/\"]}]},{\"@type\":\"ImageObject\",\"inLanguage\":\"es\",\"@id\":\"https:\\\/\\\/www.iesabadinobhi.com\\\/es\\\/reunion-informativa-alumnado-1o-curso-2021-2022\\\/#primaryimage\",\"url\":\"https:\\\/\\\/www.iesabadinobhi.com\\\/wp-content\\\/uploads\\\/2021\\\/06\\\/abadino_img_noticia_default.jpg\",\"contentUrl\":\"https:\\\/\\\/www.iesabadinobhi.com\\\/wp-content\\\/uploads\\\/2021\\\/06\\\/abadino_img_noticia_default.jpg\",\"width\":1500,\"height\":1000},{\"@type\":\"BreadcrumbList\",\"@id\":\"https:\\\/\\\/www.iesabadinobhi.com\\\/es\\\/reunion-informativa-alumnado-1o-curso-2021-2022\\\/#breadcrumb\",\"itemListElement\":[{\"@type\":\"ListItem\",\"position\":1,\"name\":\"Portada\",\"item\":\"https:\\\/\\\/www.iesabadinobhi.com\\\/es\\\/\"},{\"@type\":\"ListItem\",\"position\":2,\"name\":\"Reuni\u00f3n informativa &#8211; Alumnado 1\u00ba curso 2021-2022\"}]},{\"@type\":\"WebSite\",\"@id\":\"https:\\\/\\\/www.iesabadinobhi.com\\\/#website\",\"url\":\"https:\\\/\\\/www.iesabadinobhi.com\\\/\",\"name\":\"Abadi\u00f1oko Institutua - Instituto de Abadi\u00f1o\",\"description\":\"Centro p\u00fablico de modelo D para alumnos\\\/as de 12 a 16 a\u00f1os.\",\"publisher\":{\"@id\":\"https:\\\/\\\/www.iesabadinobhi.com\\\/#organization\"},\"potentialAction\":[{\"@type\":\"SearchAction\",\"target\":{\"@type\":\"EntryPoint\",\"urlTemplate\":\"https:\\\/\\\/www.iesabadinobhi.com\\\/?s={search_term_string}\"},\"query-input\":{\"@type\":\"PropertyValueSpecification\",\"valueRequired\":true,\"valueName\":\"search_term_string\"}}],\"inLanguage\":\"es\"},{\"@type\":\"Organization\",\"@id\":\"https:\\\/\\\/www.iesabadinobhi.com\\\/#organization\",\"name\":\"Abadi\u00f1oko Institutua - Instituto de Abadi\u00f1o\",\"url\":\"https:\\\/\\\/www.iesabadinobhi.com\\\/\",\"logo\":{\"@type\":\"ImageObject\",\"inLanguage\":\"es\",\"@id\":\"https:\\\/\\\/www.iesabadinobhi.com\\\/#\\\/schema\\\/logo\\\/image\\\/\",\"url\":\"https:\\\/\\\/www.iesabadinobhi.com\\\/wp-content\\\/uploads\\\/2022\\\/01\\\/logo_abadino_web_25-1.jpg\",\"contentUrl\":\"https:\\\/\\\/www.iesabadinobhi.com\\\/wp-content\\\/uploads\\\/2022\\\/01\\\/logo_abadino_web_25-1.jpg\",\"width\":246,\"height\":234,\"caption\":\"Abadi\u00f1oko Institutua - Instituto de Abadi\u00f1o\"},\"image\":{\"@id\":\"https:\\\/\\\/www.iesabadinobhi.com\\\/#\\\/schema\\\/logo\\\/image\\\/\"},\"sameAs\":[\"https:\\\/\\\/www.youtube.com\\\/channel\\\/UChFI9DF_PiIsiqzblGEpD6Q\"]},{\"@type\":\"Person\",\"@id\":\"https:\\\/\\\/www.iesabadinobhi.com\\\/#\\\/schema\\\/person\\\/a71a6965234a00ffd67b3fc3c9858cd3\",\"name\":\"komunika\",\"image\":{\"@type\":\"ImageObject\",\"inLanguage\":\"es\",\"@id\":\"https:\\\/\\\/secure.gravatar.com\\\/avatar\\\/a22f2ac29ef785448617c06f66acb86e91041eb5ff01e3e6145cdc0af3989762?s=96&d=mm&r=g\",\"url\":\"https:\\\/\\\/secure.gravatar.com\\\/avatar\\\/a22f2ac29ef785448617c06f66acb86e91041eb5ff01e3e6145cdc0af3989762?s=96&d=mm&r=g\",\"contentUrl\":\"https:\\\/\\\/secure.gravatar.com\\\/avatar\\\/a22f2ac29ef785448617c06f66acb86e91041eb5ff01e3e6145cdc0af3989762?s=96&d=mm&r=g\",\"caption\":\"komunika\"},\"sameAs\":[\"http:\\\/\\\/www.iesabadinobhi.com\"],\"url\":\"https:\\\/\\\/www.iesabadinobhi.com\\\/es\\\/author\\\/komunika\\\/\"}]}<\/script>\n<!-- \/ Yoast SEO plugin. -->","yoast_head_json":{"title":"Reuni\u00f3n informativa - Alumnado 1\u00ba curso 2021-2022 - Abadi\u00f1oko Institutua - Instituto de Abadi\u00f1o","robots":{"index":"index","follow":"follow","max-snippet":"max-snippet:-1","max-image-preview":"max-image-preview:large","max-video-preview":"max-video-preview:-1"},"canonical":"https:\/\/www.iesabadinobhi.com\/es\/reunion-informativa-alumnado-1o-curso-2021-2022\/","og_locale":"es_ES","og_type":"article","og_title":"Reuni\u00f3n informativa - Alumnado 1\u00ba curso 2021-2022 - Abadi\u00f1oko Institutua - Instituto de Abadi\u00f1o","og_description":"El d\u00eda 10 de febrero se celebrar\u00e1 una reuni\u00f3n informativa con las familias de l@s alumn@s de 6\u00ba de primaria. Se celebrar\u00e1 una reuni\u00f3n informativa con las familias de l@s alumn@s de 6\u00ba de primaria. La reuni\u00f3n ser\u00e1 en ERROTA KULTUR ETXEA el d\u00eda 10 de febrero, mi\u00e9rcoles, a las&nbsp;&hellip;","og_url":"https:\/\/www.iesabadinobhi.com\/es\/reunion-informativa-alumnado-1o-curso-2021-2022\/","og_site_name":"Abadi\u00f1oko Institutua - Instituto de Abadi\u00f1o","article_published_time":"2021-02-01T11:05:40+00:00","article_modified_time":"2021-06-21T14:33:47+00:00","og_image":[{"width":1500,"height":1000,"url":"https:\/\/www.iesabadinobhi.com\/wp-content\/uploads\/2021\/06\/abadino_img_noticia_default.jpg","type":"image\/jpeg"}],"author":"komunika","twitter_card":"summary_large_image","twitter_misc":{"Escrito por":"komunika","Tiempo de lectura":"1 minuto"},"schema":{"@context":"https:\/\/schema.org","@graph":[{"@type":"Article","@id":"https:\/\/www.iesabadinobhi.com\/es\/reunion-informativa-alumnado-1o-curso-2021-2022\/#article","isPartOf":{"@id":"https:\/\/www.iesabadinobhi.com\/es\/reunion-informativa-alumnado-1o-curso-2021-2022\/"},"author":{"name":"komunika","@id":"https:\/\/www.iesabadinobhi.com\/#\/schema\/person\/a71a6965234a00ffd67b3fc3c9858cd3"},"headline":"Reuni\u00f3n informativa &#8211; Alumnado 1\u00ba curso 2021-2022","datePublished":"2021-02-01T11:05:40+00:00","dateModified":"2021-06-21T14:33:47+00:00","mainEntityOfPage":{"@id":"https:\/\/www.iesabadinobhi.com\/es\/reunion-informativa-alumnado-1o-curso-2021-2022\/"},"wordCount":111,"publisher":{"@id":"https:\/\/www.iesabadinobhi.com\/#organization"},"image":{"@id":"https:\/\/www.iesabadinobhi.com\/es\/reunion-informativa-alumnado-1o-curso-2021-2022\/#primaryimage"},"thumbnailUrl":"https:\/\/www.iesabadinobhi.com\/wp-content\/uploads\/2021\/06\/abadino_img_noticia_default.jpg","articleSection":["Noticias"],"inLanguage":"es"},{"@type":"WebPage","@id":"https:\/\/www.iesabadinobhi.com\/es\/reunion-informativa-alumnado-1o-curso-2021-2022\/","url":"https:\/\/www.iesabadinobhi.com\/es\/reunion-informativa-alumnado-1o-curso-2021-2022\/","name":"Reuni\u00f3n informativa - Alumnado 1\u00ba curso 2021-2022 - Abadi\u00f1oko Institutua - Instituto de Abadi\u00f1o","isPartOf":{"@id":"https:\/\/www.iesabadinobhi.com\/#website"},"primaryImageOfPage":{"@id":"https:\/\/www.iesabadinobhi.com\/es\/reunion-informativa-alumnado-1o-curso-2021-2022\/#primaryimage"},"image":{"@id":"https:\/\/www.iesabadinobhi.com\/es\/reunion-informativa-alumnado-1o-curso-2021-2022\/#primaryimage"},"thumbnailUrl":"https:\/\/www.iesabadinobhi.com\/wp-content\/uploads\/2021\/06\/abadino_img_noticia_default.jpg","datePublished":"2021-02-01T11:05:40+00:00","dateModified":"2021-06-21T14:33:47+00:00","breadcrumb":{"@id":"https:\/\/www.iesabadinobhi.com\/es\/reunion-informativa-alumnado-1o-curso-2021-2022\/#breadcrumb"},"inLanguage":"es","potentialAction":[{"@type":"ReadAction","target":["https:\/\/www.iesabadinobhi.com\/es\/reunion-informativa-alumnado-1o-curso-2021-2022\/"]}]},{"@type":"ImageObject","inLanguage":"es","@id":"https:\/\/www.iesabadinobhi.com\/es\/reunion-informativa-alumnado-1o-curso-2021-2022\/#primaryimage","url":"https:\/\/www.iesabadinobhi.com\/wp-content\/uploads\/2021\/06\/abadino_img_noticia_default.jpg","contentUrl":"https:\/\/www.iesabadinobhi.com\/wp-content\/uploads\/2021\/06\/abadino_img_noticia_default.jpg","width":1500,"height":1000},{"@type":"BreadcrumbList","@id":"https:\/\/www.iesabadinobhi.com\/es\/reunion-informativa-alumnado-1o-curso-2021-2022\/#breadcrumb","itemListElement":[{"@type":"ListItem","position":1,"name":"Portada","item":"https:\/\/www.iesabadinobhi.com\/es\/"},{"@type":"ListItem","position":2,"name":"Reuni\u00f3n informativa &#8211; Alumnado 1\u00ba curso 2021-2022"}]},{"@type":"WebSite","@id":"https:\/\/www.iesabadinobhi.com\/#website","url":"https:\/\/www.iesabadinobhi.com\/","name":"Abadi\u00f1oko Institutua - Instituto de Abadi\u00f1o","description":"Centro p\u00fablico de modelo D para alumnos\/as de 12 a 16 a\u00f1os.","publisher":{"@id":"https:\/\/www.iesabadinobhi.com\/#organization"},"potentialAction":[{"@type":"SearchAction","target":{"@type":"EntryPoint","urlTemplate":"https:\/\/www.iesabadinobhi.com\/?s={search_term_string}"},"query-input":{"@type":"PropertyValueSpecification","valueRequired":true,"valueName":"search_term_string"}}],"inLanguage":"es"},{"@type":"Organization","@id":"https:\/\/www.iesabadinobhi.com\/#organization","name":"Abadi\u00f1oko Institutua - Instituto de Abadi\u00f1o","url":"https:\/\/www.iesabadinobhi.com\/","logo":{"@type":"ImageObject","inLanguage":"es","@id":"https:\/\/www.iesabadinobhi.com\/#\/schema\/logo\/image\/","url":"https:\/\/www.iesabadinobhi.com\/wp-content\/uploads\/2022\/01\/logo_abadino_web_25-1.jpg","contentUrl":"https:\/\/www.iesabadinobhi.com\/wp-content\/uploads\/2022\/01\/logo_abadino_web_25-1.jpg","width":246,"height":234,"caption":"Abadi\u00f1oko Institutua - Instituto de Abadi\u00f1o"},"image":{"@id":"https:\/\/www.iesabadinobhi.com\/#\/schema\/logo\/image\/"},"sameAs":["https:\/\/www.youtube.com\/channel\/UChFI9DF_PiIsiqzblGEpD6Q"]},{"@type":"Person","@id":"https:\/\/www.iesabadinobhi.com\/#\/schema\/person\/a71a6965234a00ffd67b3fc3c9858cd3","name":"komunika","image":{"@type":"ImageObject","inLanguage":"es","@id":"https:\/\/secure.gravatar.com\/avatar\/a22f2ac29ef785448617c06f66acb86e91041eb5ff01e3e6145cdc0af3989762?s=96&d=mm&r=g","url":"https:\/\/secure.gravatar.com\/avatar\/a22f2ac29ef785448617c06f66acb86e91041eb5ff01e3e6145cdc0af3989762?s=96&d=mm&r=g","contentUrl":"https:\/\/secure.gravatar.com\/avatar\/a22f2ac29ef785448617c06f66acb86e91041eb5ff01e3e6145cdc0af3989762?s=96&d=mm&r=g","caption":"komunika"},"sameAs":["http:\/\/www.iesabadinobhi.com"],"url":"https:\/\/www.iesabadinobhi.com\/es\/author\/komunika\/"}]}},"_links":{"self":[{"href":"https:\/\/www.iesabadinobhi.com\/es\/wp-json\/wp\/v2\/posts\/338","targetHints":{"allow":["GET"]}}],"collection":[{"href":"https:\/\/www.iesabadinobhi.com\/es\/wp-json\/wp\/v2\/posts"}],"about":[{"href":"https:\/\/www.iesabadinobhi.com\/es\/wp-json\/wp\/v2\/types\/post"}],"author":[{"embeddable":true,"href":"https:\/\/www.iesabadinobhi.com\/es\/wp-json\/wp\/v2\/users\/1"}],"replies":[{"embeddable":true,"href":"https:\/\/www.iesabadinobhi.com\/es\/wp-json\/wp\/v2\/comments?post=338"}],"version-history":[{"count":6,"href":"https:\/\/www.iesabadinobhi.com\/es\/wp-json\/wp\/v2\/posts\/338\/revisions"}],"predecessor-version":[{"id":9039,"href":"https:\/\/www.iesabadinobhi.com\/es\/wp-json\/wp\/v2\/posts\/338\/revisions\/9039"}],"wp:featuredmedia":[{"embeddable":true,"href":"https:\/\/www.iesabadinobhi.com\/es\/wp-json\/wp\/v2\/media\/9014"}],"wp:attachment":[{"href":"https:\/\/www.iesabadinobhi.com\/es\/wp-json\/wp\/v2\/media?parent=338"}],"wp:term":[{"taxonomy":"category","embeddable":true,"href":"https:\/\/www.iesabadinobhi.com\/es\/wp-json\/wp\/v2\/categories?post=338"},{"taxonomy":"post_tag","embeddable":true,"href":"https:\/\/www.iesabadinobhi.com\/es\/wp-json\/wp\/v2\/tags?post=338"}],"curies":[{"name":"wp","href":"https:\/\/api.w.org\/{rel}","templated":true}]}}