  {"id":337,"date":"2021-03-08T12:06:11","date_gmt":"2021-03-08T11:06:11","guid":{"rendered":"http:\/\/ed.aislinthemes.com\/?p=1202"},"modified":"2021-06-21T16:38:13","modified_gmt":"2021-06-21T14:38:13","slug":"8-de-marzo-dia-internacional-de-las-mujeres","status":"publish","type":"post","link":"https:\/\/www.iesabadinobhi.com\/es\/8-de-marzo-dia-internacional-de-las-mujeres\/","title":{"rendered":"8 de marzo &#8211; d\u00eda internacional de las mujeres"},"content":{"rendered":"<h3><img loading=\"lazy\" decoding=\"async\" class=\"aligncenter size-large wp-image-5221\" src=\"http:\/\/www.iesabadinobhi.com\/wp-content\/uploads\/2020\/01\/ocho_marzo-443x640.jpg\" alt=\"ocho de marzo\" width=\"443\" height=\"640\" srcset=\"https:\/\/www.iesabadinobhi.com\/wp-content\/uploads\/2020\/01\/ocho_marzo.jpg 443w, https:\/\/www.iesabadinobhi.com\/wp-content\/uploads\/2020\/01\/ocho_marzo-346x500.jpg 346w, https:\/\/www.iesabadinobhi.com\/wp-content\/uploads\/2020\/01\/ocho_marzo-104x150.jpg 104w\" sizes=\"auto, (max-width: 443px) 100vw, 443px\" \/><\/h3>\n<h3>\u00bfQUI\u00c9N CUIDA? HAG\u00c1MOSLO VISIBLE. HAGAMOS NUESTRA PARTE.<\/h3>\n<p>La necesidad de poner el cuidado en el centro es una de las grandes reivindicaciones del feminismo, y, asimismo, la necesidad de valorar los cuidados y repartirlos equitativamente es un objetivo recogido en distintos marcos program\u00e1ticos.<\/p>\n","protected":false},"excerpt":{"rendered":"<p>\u00bfQUI\u00c9N CUIDA? HAG\u00c1MOSLO VISIBLE. HAGAMOS NUESTRA PARTE. La necesidad de poner el cuidado en el centro es una de las grandes reivindicaciones del feminismo, y, asimismo, la necesidad de valorar los cuidados y repartirlos equitativamente es un objetivo recogido en distintos marcos program\u00e1ticos.<\/p>\n","protected":false},"author":1,"featured_media":5221,"comment_status":"closed","ping_status":"closed","sticky":false,"template":"","format":"standard","meta":{"_acf_changed":false,"footnotes":""},"categories":[38],"tags":[],"class_list":["post-337","post","type-post","status-publish","format-standard","has-post-thumbnail","hentry","category-noticias","odd"],"acf":[],"yoast_head":"<!-- This site is optimized with the Yoast SEO plugin v27.4 - https:\/\/yoast.com\/product\/yoast-seo-wordpress\/ -->\n<title>8 de marzo - d\u00eda internacional de las mujeres - Abadi\u00f1oko Institutua - Instituto de Abadi\u00f1o<\/title>\n<meta name=\"robots\" content=\"index, follow, max-snippet:-1, max-image-preview:large, max-video-preview:-1\" \/>\n<link rel=\"canonical\" href=\"https:\/\/www.iesabadinobhi.com\/es\/8-de-marzo-dia-internacional-de-las-mujeres\/\" \/>\n<meta property=\"og:locale\" content=\"es_ES\" \/>\n<meta property=\"og:type\" content=\"article\" \/>\n<meta property=\"og:title\" content=\"8 de marzo - d\u00eda internacional de las mujeres - Abadi\u00f1oko Institutua - Instituto de Abadi\u00f1o\" \/>\n<meta property=\"og:description\" content=\"\u00bfQUI\u00c9N CUIDA? HAG\u00c1MOSLO VISIBLE. HAGAMOS NUESTRA PARTE. La necesidad de poner el cuidado en el centro es una de las grandes reivindicaciones del feminismo, y, asimismo, la necesidad de valorar los cuidados y repartirlos equitativamente es un objetivo recogido en distintos marcos program\u00e1ticos.\" \/>\n<meta property=\"og:url\" content=\"https:\/\/www.iesabadinobhi.com\/es\/8-de-marzo-dia-internacional-de-las-mujeres\/\" \/>\n<meta property=\"og:site_name\" content=\"Abadi\u00f1oko Institutua - Instituto de Abadi\u00f1o\" \/>\n<meta property=\"article:published_time\" content=\"2021-03-08T11:06:11+00:00\" \/>\n<meta property=\"article:modified_time\" content=\"2021-06-21T14:38:13+00:00\" \/>\n<meta property=\"og:image\" content=\"https:\/\/www.iesabadinobhi.com\/wp-content\/uploads\/2020\/01\/ocho_marzo.jpg\" \/>\n\t<meta property=\"og:image:width\" content=\"443\" \/>\n\t<meta property=\"og:image:height\" content=\"640\" \/>\n\t<meta property=\"og:image:type\" content=\"image\/jpeg\" \/>\n<meta name=\"author\" content=\"komunika\" \/>\n<meta name=\"twitter:card\" content=\"summary_large_image\" \/>\n<meta name=\"twitter:label1\" content=\"Escrito por\" \/>\n\t<meta name=\"twitter:data1\" content=\"komunika\" \/>\n<script type=\"application\/ld+json\" class=\"yoast-schema-graph\">{\"@context\":\"https:\\\/\\\/schema.org\",\"@graph\":[{\"@type\":\"Article\",\"@id\":\"https:\\\/\\\/www.iesabadinobhi.com\\\/es\\\/8-de-marzo-dia-internacional-de-las-mujeres\\\/#article\",\"isPartOf\":{\"@id\":\"https:\\\/\\\/www.iesabadinobhi.com\\\/es\\\/8-de-marzo-dia-internacional-de-las-mujeres\\\/\"},\"author\":{\"name\":\"komunika\",\"@id\":\"https:\\\/\\\/www.iesabadinobhi.com\\\/#\\\/schema\\\/person\\\/a71a6965234a00ffd67b3fc3c9858cd3\"},\"headline\":\"8 de marzo &#8211; d\u00eda internacional de las mujeres\",\"datePublished\":\"2021-03-08T11:06:11+00:00\",\"dateModified\":\"2021-06-21T14:38:13+00:00\",\"mainEntityOfPage\":{\"@id\":\"https:\\\/\\\/www.iesabadinobhi.com\\\/es\\\/8-de-marzo-dia-internacional-de-las-mujeres\\\/\"},\"wordCount\":55,\"publisher\":{\"@id\":\"https:\\\/\\\/www.iesabadinobhi.com\\\/#organization\"},\"image\":{\"@id\":\"https:\\\/\\\/www.iesabadinobhi.com\\\/es\\\/8-de-marzo-dia-internacional-de-las-mujeres\\\/#primaryimage\"},\"thumbnailUrl\":\"https:\\\/\\\/www.iesabadinobhi.com\\\/wp-content\\\/uploads\\\/2020\\\/01\\\/ocho_marzo.jpg\",\"articleSection\":[\"Noticias\"],\"inLanguage\":\"es\"},{\"@type\":\"WebPage\",\"@id\":\"https:\\\/\\\/www.iesabadinobhi.com\\\/es\\\/8-de-marzo-dia-internacional-de-las-mujeres\\\/\",\"url\":\"https:\\\/\\\/www.iesabadinobhi.com\\\/es\\\/8-de-marzo-dia-internacional-de-las-mujeres\\\/\",\"name\":\"8 de marzo - d\u00eda internacional de las mujeres - Abadi\u00f1oko Institutua - Instituto de Abadi\u00f1o\",\"isPartOf\":{\"@id\":\"https:\\\/\\\/www.iesabadinobhi.com\\\/#website\"},\"primaryImageOfPage\":{\"@id\":\"https:\\\/\\\/www.iesabadinobhi.com\\\/es\\\/8-de-marzo-dia-internacional-de-las-mujeres\\\/#primaryimage\"},\"image\":{\"@id\":\"https:\\\/\\\/www.iesabadinobhi.com\\\/es\\\/8-de-marzo-dia-internacional-de-las-mujeres\\\/#primaryimage\"},\"thumbnailUrl\":\"https:\\\/\\\/www.iesabadinobhi.com\\\/wp-content\\\/uploads\\\/2020\\\/01\\\/ocho_marzo.jpg\",\"datePublished\":\"2021-03-08T11:06:11+00:00\",\"dateModified\":\"2021-06-21T14:38:13+00:00\",\"breadcrumb\":{\"@id\":\"https:\\\/\\\/www.iesabadinobhi.com\\\/es\\\/8-de-marzo-dia-internacional-de-las-mujeres\\\/#breadcrumb\"},\"inLanguage\":\"es\",\"potentialAction\":[{\"@type\":\"ReadAction\",\"target\":[\"https:\\\/\\\/www.iesabadinobhi.com\\\/es\\\/8-de-marzo-dia-internacional-de-las-mujeres\\\/\"]}]},{\"@type\":\"ImageObject\",\"inLanguage\":\"es\",\"@id\":\"https:\\\/\\\/www.iesabadinobhi.com\\\/es\\\/8-de-marzo-dia-internacional-de-las-mujeres\\\/#primaryimage\",\"url\":\"https:\\\/\\\/www.iesabadinobhi.com\\\/wp-content\\\/uploads\\\/2020\\\/01\\\/ocho_marzo.jpg\",\"contentUrl\":\"https:\\\/\\\/www.iesabadinobhi.com\\\/wp-content\\\/uploads\\\/2020\\\/01\\\/ocho_marzo.jpg\",\"width\":443,\"height\":640,\"caption\":\"ocho de marzo\"},{\"@type\":\"BreadcrumbList\",\"@id\":\"https:\\\/\\\/www.iesabadinobhi.com\\\/es\\\/8-de-marzo-dia-internacional-de-las-mujeres\\\/#breadcrumb\",\"itemListElement\":[{\"@type\":\"ListItem\",\"position\":1,\"name\":\"Portada\",\"item\":\"https:\\\/\\\/www.iesabadinobhi.com\\\/es\\\/\"},{\"@type\":\"ListItem\",\"position\":2,\"name\":\"8 de marzo &#8211; d\u00eda internacional de las mujeres\"}]},{\"@type\":\"WebSite\",\"@id\":\"https:\\\/\\\/www.iesabadinobhi.com\\\/#website\",\"url\":\"https:\\\/\\\/www.iesabadinobhi.com\\\/\",\"name\":\"Abadi\u00f1oko Institutua - Instituto de Abadi\u00f1o\",\"description\":\"Centro p\u00fablico de modelo D para alumnos\\\/as de 12 a 16 a\u00f1os.\",\"publisher\":{\"@id\":\"https:\\\/\\\/www.iesabadinobhi.com\\\/#organization\"},\"potentialAction\":[{\"@type\":\"SearchAction\",\"target\":{\"@type\":\"EntryPoint\",\"urlTemplate\":\"https:\\\/\\\/www.iesabadinobhi.com\\\/?s={search_term_string}\"},\"query-input\":{\"@type\":\"PropertyValueSpecification\",\"valueRequired\":true,\"valueName\":\"search_term_string\"}}],\"inLanguage\":\"es\"},{\"@type\":\"Organization\",\"@id\":\"https:\\\/\\\/www.iesabadinobhi.com\\\/#organization\",\"name\":\"Abadi\u00f1oko Institutua - Instituto de Abadi\u00f1o\",\"url\":\"https:\\\/\\\/www.iesabadinobhi.com\\\/\",\"logo\":{\"@type\":\"ImageObject\",\"inLanguage\":\"es\",\"@id\":\"https:\\\/\\\/www.iesabadinobhi.com\\\/#\\\/schema\\\/logo\\\/image\\\/\",\"url\":\"https:\\\/\\\/www.iesabadinobhi.com\\\/wp-content\\\/uploads\\\/2022\\\/01\\\/logo_abadino_web_25-1.jpg\",\"contentUrl\":\"https:\\\/\\\/www.iesabadinobhi.com\\\/wp-content\\\/uploads\\\/2022\\\/01\\\/logo_abadino_web_25-1.jpg\",\"width\":246,\"height\":234,\"caption\":\"Abadi\u00f1oko Institutua - Instituto de Abadi\u00f1o\"},\"image\":{\"@id\":\"https:\\\/\\\/www.iesabadinobhi.com\\\/#\\\/schema\\\/logo\\\/image\\\/\"},\"sameAs\":[\"https:\\\/\\\/www.youtube.com\\\/channel\\\/UChFI9DF_PiIsiqzblGEpD6Q\"]},{\"@type\":\"Person\",\"@id\":\"https:\\\/\\\/www.iesabadinobhi.com\\\/#\\\/schema\\\/person\\\/a71a6965234a00ffd67b3fc3c9858cd3\",\"name\":\"komunika\",\"image\":{\"@type\":\"ImageObject\",\"inLanguage\":\"es\",\"@id\":\"https:\\\/\\\/secure.gravatar.com\\\/avatar\\\/a22f2ac29ef785448617c06f66acb86e91041eb5ff01e3e6145cdc0af3989762?s=96&d=mm&r=g\",\"url\":\"https:\\\/\\\/secure.gravatar.com\\\/avatar\\\/a22f2ac29ef785448617c06f66acb86e91041eb5ff01e3e6145cdc0af3989762?s=96&d=mm&r=g\",\"contentUrl\":\"https:\\\/\\\/secure.gravatar.com\\\/avatar\\\/a22f2ac29ef785448617c06f66acb86e91041eb5ff01e3e6145cdc0af3989762?s=96&d=mm&r=g\",\"caption\":\"komunika\"},\"sameAs\":[\"http:\\\/\\\/www.iesabadinobhi.com\"],\"url\":\"https:\\\/\\\/www.iesabadinobhi.com\\\/es\\\/author\\\/komunika\\\/\"}]}<\/script>\n<!-- \/ Yoast SEO plugin. -->","yoast_head_json":{"title":"8 de marzo - d\u00eda internacional de las mujeres - Abadi\u00f1oko Institutua - Instituto de Abadi\u00f1o","robots":{"index":"index","follow":"follow","max-snippet":"max-snippet:-1","max-image-preview":"max-image-preview:large","max-video-preview":"max-video-preview:-1"},"canonical":"https:\/\/www.iesabadinobhi.com\/es\/8-de-marzo-dia-internacional-de-las-mujeres\/","og_locale":"es_ES","og_type":"article","og_title":"8 de marzo - d\u00eda internacional de las mujeres - Abadi\u00f1oko Institutua - Instituto de Abadi\u00f1o","og_description":"\u00bfQUI\u00c9N CUIDA? HAG\u00c1MOSLO VISIBLE. HAGAMOS NUESTRA PARTE. La necesidad de poner el cuidado en el centro es una de las grandes reivindicaciones del feminismo, y, asimismo, la necesidad de valorar los cuidados y repartirlos equitativamente es un objetivo recogido en distintos marcos program\u00e1ticos.","og_url":"https:\/\/www.iesabadinobhi.com\/es\/8-de-marzo-dia-internacional-de-las-mujeres\/","og_site_name":"Abadi\u00f1oko Institutua - Instituto de Abadi\u00f1o","article_published_time":"2021-03-08T11:06:11+00:00","article_modified_time":"2021-06-21T14:38:13+00:00","og_image":[{"width":443,"height":640,"url":"https:\/\/www.iesabadinobhi.com\/wp-content\/uploads\/2020\/01\/ocho_marzo.jpg","type":"image\/jpeg"}],"author":"komunika","twitter_card":"summary_large_image","twitter_misc":{"Escrito por":"komunika"},"schema":{"@context":"https:\/\/schema.org","@graph":[{"@type":"Article","@id":"https:\/\/www.iesabadinobhi.com\/es\/8-de-marzo-dia-internacional-de-las-mujeres\/#article","isPartOf":{"@id":"https:\/\/www.iesabadinobhi.com\/es\/8-de-marzo-dia-internacional-de-las-mujeres\/"},"author":{"name":"komunika","@id":"https:\/\/www.iesabadinobhi.com\/#\/schema\/person\/a71a6965234a00ffd67b3fc3c9858cd3"},"headline":"8 de marzo &#8211; d\u00eda internacional de las mujeres","datePublished":"2021-03-08T11:06:11+00:00","dateModified":"2021-06-21T14:38:13+00:00","mainEntityOfPage":{"@id":"https:\/\/www.iesabadinobhi.com\/es\/8-de-marzo-dia-internacional-de-las-mujeres\/"},"wordCount":55,"publisher":{"@id":"https:\/\/www.iesabadinobhi.com\/#organization"},"image":{"@id":"https:\/\/www.iesabadinobhi.com\/es\/8-de-marzo-dia-internacional-de-las-mujeres\/#primaryimage"},"thumbnailUrl":"https:\/\/www.iesabadinobhi.com\/wp-content\/uploads\/2020\/01\/ocho_marzo.jpg","articleSection":["Noticias"],"inLanguage":"es"},{"@type":"WebPage","@id":"https:\/\/www.iesabadinobhi.com\/es\/8-de-marzo-dia-internacional-de-las-mujeres\/","url":"https:\/\/www.iesabadinobhi.com\/es\/8-de-marzo-dia-internacional-de-las-mujeres\/","name":"8 de marzo - d\u00eda internacional de las mujeres - Abadi\u00f1oko Institutua - Instituto de Abadi\u00f1o","isPartOf":{"@id":"https:\/\/www.iesabadinobhi.com\/#website"},"primaryImageOfPage":{"@id":"https:\/\/www.iesabadinobhi.com\/es\/8-de-marzo-dia-internacional-de-las-mujeres\/#primaryimage"},"image":{"@id":"https:\/\/www.iesabadinobhi.com\/es\/8-de-marzo-dia-internacional-de-las-mujeres\/#primaryimage"},"thumbnailUrl":"https:\/\/www.iesabadinobhi.com\/wp-content\/uploads\/2020\/01\/ocho_marzo.jpg","datePublished":"2021-03-08T11:06:11+00:00","dateModified":"2021-06-21T14:38:13+00:00","breadcrumb":{"@id":"https:\/\/www.iesabadinobhi.com\/es\/8-de-marzo-dia-internacional-de-las-mujeres\/#breadcrumb"},"inLanguage":"es","potentialAction":[{"@type":"ReadAction","target":["https:\/\/www.iesabadinobhi.com\/es\/8-de-marzo-dia-internacional-de-las-mujeres\/"]}]},{"@type":"ImageObject","inLanguage":"es","@id":"https:\/\/www.iesabadinobhi.com\/es\/8-de-marzo-dia-internacional-de-las-mujeres\/#primaryimage","url":"https:\/\/www.iesabadinobhi.com\/wp-content\/uploads\/2020\/01\/ocho_marzo.jpg","contentUrl":"https:\/\/www.iesabadinobhi.com\/wp-content\/uploads\/2020\/01\/ocho_marzo.jpg","width":443,"height":640,"caption":"ocho de marzo"},{"@type":"BreadcrumbList","@id":"https:\/\/www.iesabadinobhi.com\/es\/8-de-marzo-dia-internacional-de-las-mujeres\/#breadcrumb","itemListElement":[{"@type":"ListItem","position":1,"name":"Portada","item":"https:\/\/www.iesabadinobhi.com\/es\/"},{"@type":"ListItem","position":2,"name":"8 de marzo &#8211; d\u00eda internacional de las mujeres"}]},{"@type":"WebSite","@id":"https:\/\/www.iesabadinobhi.com\/#website","url":"https:\/\/www.iesabadinobhi.com\/","name":"Abadi\u00f1oko Institutua - Instituto de Abadi\u00f1o","description":"Centro p\u00fablico de modelo D para alumnos\/as de 12 a 16 a\u00f1os.","publisher":{"@id":"https:\/\/www.iesabadinobhi.com\/#organization"},"potentialAction":[{"@type":"SearchAction","target":{"@type":"EntryPoint","urlTemplate":"https:\/\/www.iesabadinobhi.com\/?s={search_term_string}"},"query-input":{"@type":"PropertyValueSpecification","valueRequired":true,"valueName":"search_term_string"}}],"inLanguage":"es"},{"@type":"Organization","@id":"https:\/\/www.iesabadinobhi.com\/#organization","name":"Abadi\u00f1oko Institutua - Instituto de Abadi\u00f1o","url":"https:\/\/www.iesabadinobhi.com\/","logo":{"@type":"ImageObject","inLanguage":"es","@id":"https:\/\/www.iesabadinobhi.com\/#\/schema\/logo\/image\/","url":"https:\/\/www.iesabadinobhi.com\/wp-content\/uploads\/2022\/01\/logo_abadino_web_25-1.jpg","contentUrl":"https:\/\/www.iesabadinobhi.com\/wp-content\/uploads\/2022\/01\/logo_abadino_web_25-1.jpg","width":246,"height":234,"caption":"Abadi\u00f1oko Institutua - Instituto de Abadi\u00f1o"},"image":{"@id":"https:\/\/www.iesabadinobhi.com\/#\/schema\/logo\/image\/"},"sameAs":["https:\/\/www.youtube.com\/channel\/UChFI9DF_PiIsiqzblGEpD6Q"]},{"@type":"Person","@id":"https:\/\/www.iesabadinobhi.com\/#\/schema\/person\/a71a6965234a00ffd67b3fc3c9858cd3","name":"komunika","image":{"@type":"ImageObject","inLanguage":"es","@id":"https:\/\/secure.gravatar.com\/avatar\/a22f2ac29ef785448617c06f66acb86e91041eb5ff01e3e6145cdc0af3989762?s=96&d=mm&r=g","url":"https:\/\/secure.gravatar.com\/avatar\/a22f2ac29ef785448617c06f66acb86e91041eb5ff01e3e6145cdc0af3989762?s=96&d=mm&r=g","contentUrl":"https:\/\/secure.gravatar.com\/avatar\/a22f2ac29ef785448617c06f66acb86e91041eb5ff01e3e6145cdc0af3989762?s=96&d=mm&r=g","caption":"komunika"},"sameAs":["http:\/\/www.iesabadinobhi.com"],"url":"https:\/\/www.iesabadinobhi.com\/es\/author\/komunika\/"}]}},"_links":{"self":[{"href":"https:\/\/www.iesabadinobhi.com\/es\/wp-json\/wp\/v2\/posts\/337","targetHints":{"allow":["GET"]}}],"collection":[{"href":"https:\/\/www.iesabadinobhi.com\/es\/wp-json\/wp\/v2\/posts"}],"about":[{"href":"https:\/\/www.iesabadinobhi.com\/es\/wp-json\/wp\/v2\/types\/post"}],"author":[{"embeddable":true,"href":"https:\/\/www.iesabadinobhi.com\/es\/wp-json\/wp\/v2\/users\/1"}],"replies":[{"embeddable":true,"href":"https:\/\/www.iesabadinobhi.com\/es\/wp-json\/wp\/v2\/comments?post=337"}],"version-history":[{"count":14,"href":"https:\/\/www.iesabadinobhi.com\/es\/wp-json\/wp\/v2\/posts\/337\/revisions"}],"predecessor-version":[{"id":9042,"href":"https:\/\/www.iesabadinobhi.com\/es\/wp-json\/wp\/v2\/posts\/337\/revisions\/9042"}],"wp:featuredmedia":[{"embeddable":true,"href":"https:\/\/www.iesabadinobhi.com\/es\/wp-json\/wp\/v2\/media\/5221"}],"wp:attachment":[{"href":"https:\/\/www.iesabadinobhi.com\/es\/wp-json\/wp\/v2\/media?parent=337"}],"wp:term":[{"taxonomy":"category","embeddable":true,"href":"https:\/\/www.iesabadinobhi.com\/es\/wp-json\/wp\/v2\/categories?post=337"},{"taxonomy":"post_tag","embeddable":true,"href":"https:\/\/www.iesabadinobhi.com\/es\/wp-json\/wp\/v2\/tags?post=337"}],"curies":[{"name":"wp","href":"https:\/\/api.w.org\/{rel}","templated":true}]}}