  {"id":17250,"date":"2026-02-09T10:11:53","date_gmt":"2026-02-09T09:11:53","guid":{"rendered":"https:\/\/www.iesabadinobhi.com\/?p=17250"},"modified":"2026-02-16T09:23:39","modified_gmt":"2026-02-16T08:23:39","slug":"puesta-en-marcha-del-servicio-de-enfermeria-del-ambulatorio-de-matiena","status":"publish","type":"post","link":"https:\/\/www.iesabadinobhi.com\/es\/puesta-en-marcha-del-servicio-de-enfermeria-del-ambulatorio-de-matiena\/","title":{"rendered":"INICIO DEL SERVICIO DE ENFERMER\u00cdA DEL AMBULATORIO DE MATIENA"},"content":{"rendered":"\t\t<div data-elementor-type=\"wp-post\" data-elementor-id=\"17250\" class=\"elementor elementor-17250 elementor-17249\" data-elementor-settings=\"[]\">\n\t\t\t\t\t\t<div class=\"elementor-inner\">\n\t\t\t\t\t\t\t<div class=\"elementor-section-wrap\">\n\t\t\t\t\t\t\t<section class=\"elementor-section elementor-top-section elementor-element elementor-element-79ff05d2 elementor-section-boxed elementor-section-height-default elementor-section-height-default\" data-id=\"79ff05d2\" data-element_type=\"section\">\n\t\t\t\t\t\t<div class=\"elementor-container elementor-column-gap-default\">\n\t\t\t\t\t\t\t<div class=\"elementor-row\">\n\t\t\t\t\t<div class=\"elementor-column elementor-col-100 elementor-top-column elementor-element elementor-element-4e1b8e4f\" data-id=\"4e1b8e4f\" data-element_type=\"column\">\n\t\t\t<div class=\"elementor-column-wrap elementor-element-populated\">\n\t\t\t\t\t\t\t<div class=\"elementor-widget-wrap\">\n\t\t\t\t\t\t<div class=\"elementor-element elementor-element-1a47996 elementor-widget elementor-widget-image\" data-id=\"1a47996\" data-element_type=\"widget\" data-widget_type=\"image.default\">\n\t\t\t\t<div class=\"elementor-widget-container\">\n\t\t\t\t\t<div class=\"elementor-image\">\n\t\t\t\t\t\t\t\t\t\t\t<a href=\"https:\/\/www.iesabadinobhi.com\/wp-content\/uploads\/2026\/02\/GAZTE-KONTSULTA-kartela.jpg\" data-elementor-open-lightbox=\"yes\" data-elementor-lightbox-title=\"INICIO DEL SERVICIO DE ENFERMER\u00cdA DEL AMBULATORIO DE MATIENA\">\n\t\t\t\t\t\t\t<img decoding=\"async\" src=\"https:\/\/www.iesabadinobhi.com\/wp-content\/uploads\/elementor\/thumbs\/GAZTE-KONTSULTA-kartela-rj8blklb58eb1jho3of903an3g3jf9qsfy4c5nl6ha.jpg\" title=\"INICIO DEL SERVICIO DE ENFERMER\u00cdA DEL AMBULATORIO DE MATIENA\" alt=\"MATIENAKO ANBULATORIOAN ERIZAINTZA ZERBITZUAREN HASIERA\" \/>\t\t\t\t\t\t\t\t<\/a>\n\t\t\t\t\t\t\t\t\t\t\t<\/div>\n\t\t\t\t<\/div>\n\t\t\t\t<\/div>\n\t\t\t\t<div class=\"elementor-element elementor-element-153dc1c5 elementor-widget elementor-widget-text-editor\" data-id=\"153dc1c5\" data-element_type=\"widget\" data-widget_type=\"text-editor.default\">\n\t\t\t\t<div class=\"elementor-widget-container\">\n\t\t\t\t\t<div class=\"elementor-text-editor elementor-clearfix\"><p>A partir del 9 de febrero, la enfermer\u00eda del ambulatorio de Matiena pondr\u00e1 un servicio\u00a0 cada quince d\u00edas en el instituto. Al alumnado se le hizo la presentaci\u00f3n el 2 de febrero. Podr\u00e1n pedir cita en este e-mail:<\/p><p><a href=\"mailto:erizaintza@abadinoinsti.net\">erizaintza@abadinoinsti.net<\/a><\/p><p>O en el buz\u00f3n colocado en la entrada del aula Arnasgune.<\/p><\/div>\n\t\t\t\t<\/div>\n\t\t\t\t<\/div>\n\t\t\t\t<section class=\"elementor-section elementor-inner-section elementor-element elementor-element-7f8090b elementor-section-boxed elementor-section-height-default elementor-section-height-default\" data-id=\"7f8090b\" data-element_type=\"section\">\n\t\t\t\t\t\t<div class=\"elementor-container elementor-column-gap-default\">\n\t\t\t\t\t\t\t<div class=\"elementor-row\">\n\t\t\t\t\t<div class=\"elementor-column elementor-col-50 elementor-inner-column elementor-element elementor-element-c401805\" data-id=\"c401805\" data-element_type=\"column\">\n\t\t\t<div class=\"elementor-column-wrap elementor-element-populated\">\n\t\t\t\t\t\t\t<div class=\"elementor-widget-wrap\">\n\t\t\t\t\t\t<div class=\"elementor-element elementor-element-c6b3e2f elementor-align-center elementor-widget elementor-widget-button\" data-id=\"c6b3e2f\" data-element_type=\"widget\" data-widget_type=\"button.default\">\n\t\t\t\t<div class=\"elementor-widget-container\">\n\t\t\t\t\t<div class=\"elementor-button-wrapper\">\n\t\t\t<a href=\"https:\/\/shorturl.at\/KiaIL\" target=\"_blank\" class=\"elementor-button-link elementor-button elementor-size-md\" role=\"button\">\n\t\t\t\t\t\t<span class=\"elementor-button-content-wrapper\">\n\t\t\t\t\t\t<span class=\"elementor-button-text\">Presentaci\u00f3n de la estrategia<\/span>\n\t\t<\/span>\n\t\t\t\t\t<\/a>\n\t\t<\/div>\n\t\t\t\t<\/div>\n\t\t\t\t<\/div>\n\t\t\t\t\t\t<\/div>\n\t\t\t\t\t<\/div>\n\t\t<\/div>\n\t\t\t\t<div class=\"elementor-column elementor-col-50 elementor-inner-column elementor-element elementor-element-70b1abb\" data-id=\"70b1abb\" data-element_type=\"column\">\n\t\t\t<div class=\"elementor-column-wrap elementor-element-populated\">\n\t\t\t\t\t\t\t<div class=\"elementor-widget-wrap\">\n\t\t\t\t\t\t<div class=\"elementor-element elementor-element-205db46 elementor-align-center elementor-widget elementor-widget-button\" data-id=\"205db46\" data-element_type=\"widget\" data-widget_type=\"button.default\">\n\t\t\t\t<div class=\"elementor-widget-container\">\n\t\t\t\t\t<div class=\"elementor-button-wrapper\">\n\t\t\t<a href=\"https:\/\/shorturl.at\/aH2yM\" target=\"_blank\" class=\"elementor-button-link elementor-button elementor-size-md\" role=\"button\">\n\t\t\t\t\t\t<span class=\"elementor-button-content-wrapper\">\n\t\t\t\t\t\t<span class=\"elementor-button-text\">Servicio de enfermer\u00eda<\/span>\n\t\t<\/span>\n\t\t\t\t\t<\/a>\n\t\t<\/div>\n\t\t\t\t<\/div>\n\t\t\t\t<\/div>\n\t\t\t\t\t\t<\/div>\n\t\t\t\t\t<\/div>\n\t\t<\/div>\n\t\t\t\t\t\t\t\t<\/div>\n\t\t\t\t\t<\/div>\n\t\t<\/section>\n\t\t\t\t\t\t<\/div>\n\t\t\t\t\t<\/div>\n\t\t<\/div>\n\t\t\t\t\t\t\t\t<\/div>\n\t\t\t\t\t<\/div>\n\t\t<\/section>\n\t\t\t\t\t\t<\/div>\n\t\t\t\t\t\t<\/div>\n\t\t\t\t\t<\/div>\n\t\t","protected":false},"excerpt":{"rendered":"<p>A partir del 9 de febrero, la enfermer\u00eda del ambulatorio de Matiena pondr\u00e1 un servicio\u00a0 cada quince d\u00edas en el instituto. Al alumnado se le hizo la presentaci\u00f3n el 2 de febrero. Podr\u00e1n pedir cita en este e-mail: erizaintza@abadinoinsti.net O en el buz\u00f3n colocado en la entrada del aula Arnasgune.&nbsp;<a href=\"https:\/\/www.iesabadinobhi.com\/es\/puesta-en-marcha-del-servicio-de-enfermeria-del-ambulatorio-de-matiena\/\">&hellip;<\/a><\/p>\n","protected":false},"author":1,"featured_media":17267,"comment_status":"closed","ping_status":"closed","sticky":false,"template":"","format":"standard","meta":{"_acf_changed":false,"footnotes":""},"categories":[38],"tags":[],"class_list":["post-17250","post","type-post","status-publish","format-standard","has-post-thumbnail","hentry","category-noticias","odd"],"acf":[],"yoast_head":"<!-- This site is optimized with the Yoast SEO plugin v27.4 - https:\/\/yoast.com\/product\/yoast-seo-wordpress\/ -->\n<title>INICIO DEL SERVICIO DE ENFERMER\u00cdA DEL AMBULATORIO DE MATIENA - Abadi\u00f1oko Institutua - Instituto de Abadi\u00f1o<\/title>\n<meta name=\"robots\" content=\"index, follow, max-snippet:-1, max-image-preview:large, max-video-preview:-1\" \/>\n<link rel=\"canonical\" href=\"https:\/\/www.iesabadinobhi.com\/es\/puesta-en-marcha-del-servicio-de-enfermeria-del-ambulatorio-de-matiena\/\" \/>\n<meta property=\"og:locale\" content=\"es_ES\" \/>\n<meta property=\"og:type\" content=\"article\" \/>\n<meta property=\"og:title\" content=\"INICIO DEL SERVICIO DE ENFERMER\u00cdA DEL AMBULATORIO DE MATIENA - Abadi\u00f1oko Institutua - Instituto de Abadi\u00f1o\" \/>\n<meta property=\"og:description\" content=\"A partir del 9 de febrero, la enfermer\u00eda del ambulatorio de Matiena pondr\u00e1 un servicio\u00a0 cada quince d\u00edas en el instituto. Al alumnado se le hizo la presentaci\u00f3n el 2 de febrero. Podr\u00e1n pedir cita en este e-mail: erizaintza@abadinoinsti.net O en el buz\u00f3n colocado en la entrada del aula Arnasgune.&nbsp;&hellip;\" \/>\n<meta property=\"og:url\" content=\"https:\/\/www.iesabadinobhi.com\/es\/puesta-en-marcha-del-servicio-de-enfermeria-del-ambulatorio-de-matiena\/\" \/>\n<meta property=\"og:site_name\" content=\"Abadi\u00f1oko Institutua - Instituto de Abadi\u00f1o\" \/>\n<meta property=\"article:published_time\" content=\"2026-02-09T09:11:53+00:00\" \/>\n<meta property=\"article:modified_time\" content=\"2026-02-16T08:23:39+00:00\" \/>\n<meta property=\"og:image\" content=\"https:\/\/www.iesabadinobhi.com\/wp-content\/uploads\/2026\/02\/GAZTE_KONTSULTA_thumb_2.jpg\" \/>\n\t<meta property=\"og:image:width\" content=\"1250\" \/>\n\t<meta property=\"og:image:height\" content=\"1180\" \/>\n\t<meta property=\"og:image:type\" content=\"image\/jpeg\" \/>\n<meta name=\"author\" content=\"komunika\" \/>\n<meta name=\"twitter:card\" content=\"summary_large_image\" \/>\n<meta name=\"twitter:label1\" content=\"Escrito por\" \/>\n\t<meta name=\"twitter:data1\" content=\"komunika\" \/>\n\t<meta name=\"twitter:label2\" content=\"Tiempo de lectura\" \/>\n\t<meta name=\"twitter:data2\" content=\"1 minuto\" \/>\n<script type=\"application\/ld+json\" class=\"yoast-schema-graph\">{\"@context\":\"https:\\\/\\\/schema.org\",\"@graph\":[{\"@type\":\"Article\",\"@id\":\"https:\\\/\\\/www.iesabadinobhi.com\\\/es\\\/puesta-en-marcha-del-servicio-de-enfermeria-del-ambulatorio-de-matiena\\\/#article\",\"isPartOf\":{\"@id\":\"https:\\\/\\\/www.iesabadinobhi.com\\\/es\\\/puesta-en-marcha-del-servicio-de-enfermeria-del-ambulatorio-de-matiena\\\/\"},\"author\":{\"name\":\"komunika\",\"@id\":\"https:\\\/\\\/www.iesabadinobhi.com\\\/#\\\/schema\\\/person\\\/a71a6965234a00ffd67b3fc3c9858cd3\"},\"headline\":\"INICIO DEL SERVICIO DE ENFERMER\u00cdA DEL AMBULATORIO DE MATIENA\",\"datePublished\":\"2026-02-09T09:11:53+00:00\",\"dateModified\":\"2026-02-16T08:23:39+00:00\",\"mainEntityOfPage\":{\"@id\":\"https:\\\/\\\/www.iesabadinobhi.com\\\/es\\\/puesta-en-marcha-del-servicio-de-enfermeria-del-ambulatorio-de-matiena\\\/\"},\"wordCount\":74,\"publisher\":{\"@id\":\"https:\\\/\\\/www.iesabadinobhi.com\\\/#organization\"},\"image\":{\"@id\":\"https:\\\/\\\/www.iesabadinobhi.com\\\/es\\\/puesta-en-marcha-del-servicio-de-enfermeria-del-ambulatorio-de-matiena\\\/#primaryimage\"},\"thumbnailUrl\":\"https:\\\/\\\/www.iesabadinobhi.com\\\/wp-content\\\/uploads\\\/2026\\\/02\\\/GAZTE_KONTSULTA_thumb_2.jpg\",\"articleSection\":[\"Noticias\"],\"inLanguage\":\"es\"},{\"@type\":\"WebPage\",\"@id\":\"https:\\\/\\\/www.iesabadinobhi.com\\\/es\\\/puesta-en-marcha-del-servicio-de-enfermeria-del-ambulatorio-de-matiena\\\/\",\"url\":\"https:\\\/\\\/www.iesabadinobhi.com\\\/es\\\/puesta-en-marcha-del-servicio-de-enfermeria-del-ambulatorio-de-matiena\\\/\",\"name\":\"INICIO DEL SERVICIO DE ENFERMER\u00cdA DEL AMBULATORIO DE MATIENA - Abadi\u00f1oko Institutua - Instituto de Abadi\u00f1o\",\"isPartOf\":{\"@id\":\"https:\\\/\\\/www.iesabadinobhi.com\\\/#website\"},\"primaryImageOfPage\":{\"@id\":\"https:\\\/\\\/www.iesabadinobhi.com\\\/es\\\/puesta-en-marcha-del-servicio-de-enfermeria-del-ambulatorio-de-matiena\\\/#primaryimage\"},\"image\":{\"@id\":\"https:\\\/\\\/www.iesabadinobhi.com\\\/es\\\/puesta-en-marcha-del-servicio-de-enfermeria-del-ambulatorio-de-matiena\\\/#primaryimage\"},\"thumbnailUrl\":\"https:\\\/\\\/www.iesabadinobhi.com\\\/wp-content\\\/uploads\\\/2026\\\/02\\\/GAZTE_KONTSULTA_thumb_2.jpg\",\"datePublished\":\"2026-02-09T09:11:53+00:00\",\"dateModified\":\"2026-02-16T08:23:39+00:00\",\"breadcrumb\":{\"@id\":\"https:\\\/\\\/www.iesabadinobhi.com\\\/es\\\/puesta-en-marcha-del-servicio-de-enfermeria-del-ambulatorio-de-matiena\\\/#breadcrumb\"},\"inLanguage\":\"es\",\"potentialAction\":[{\"@type\":\"ReadAction\",\"target\":[\"https:\\\/\\\/www.iesabadinobhi.com\\\/es\\\/puesta-en-marcha-del-servicio-de-enfermeria-del-ambulatorio-de-matiena\\\/\"]}]},{\"@type\":\"ImageObject\",\"inLanguage\":\"es\",\"@id\":\"https:\\\/\\\/www.iesabadinobhi.com\\\/es\\\/puesta-en-marcha-del-servicio-de-enfermeria-del-ambulatorio-de-matiena\\\/#primaryimage\",\"url\":\"https:\\\/\\\/www.iesabadinobhi.com\\\/wp-content\\\/uploads\\\/2026\\\/02\\\/GAZTE_KONTSULTA_thumb_2.jpg\",\"contentUrl\":\"https:\\\/\\\/www.iesabadinobhi.com\\\/wp-content\\\/uploads\\\/2026\\\/02\\\/GAZTE_KONTSULTA_thumb_2.jpg\",\"width\":1250,\"height\":1180},{\"@type\":\"BreadcrumbList\",\"@id\":\"https:\\\/\\\/www.iesabadinobhi.com\\\/es\\\/puesta-en-marcha-del-servicio-de-enfermeria-del-ambulatorio-de-matiena\\\/#breadcrumb\",\"itemListElement\":[{\"@type\":\"ListItem\",\"position\":1,\"name\":\"Portada\",\"item\":\"https:\\\/\\\/www.iesabadinobhi.com\\\/es\\\/\"},{\"@type\":\"ListItem\",\"position\":2,\"name\":\"INICIO DEL SERVICIO DE ENFERMER\u00cdA DEL AMBULATORIO DE MATIENA\"}]},{\"@type\":\"WebSite\",\"@id\":\"https:\\\/\\\/www.iesabadinobhi.com\\\/#website\",\"url\":\"https:\\\/\\\/www.iesabadinobhi.com\\\/\",\"name\":\"Abadi\u00f1oko Institutua - Instituto de Abadi\u00f1o\",\"description\":\"Centro p\u00fablico de modelo D para alumnos\\\/as de 12 a 16 a\u00f1os.\",\"publisher\":{\"@id\":\"https:\\\/\\\/www.iesabadinobhi.com\\\/#organization\"},\"potentialAction\":[{\"@type\":\"SearchAction\",\"target\":{\"@type\":\"EntryPoint\",\"urlTemplate\":\"https:\\\/\\\/www.iesabadinobhi.com\\\/?s={search_term_string}\"},\"query-input\":{\"@type\":\"PropertyValueSpecification\",\"valueRequired\":true,\"valueName\":\"search_term_string\"}}],\"inLanguage\":\"es\"},{\"@type\":\"Organization\",\"@id\":\"https:\\\/\\\/www.iesabadinobhi.com\\\/#organization\",\"name\":\"Abadi\u00f1oko Institutua - Instituto de Abadi\u00f1o\",\"url\":\"https:\\\/\\\/www.iesabadinobhi.com\\\/\",\"logo\":{\"@type\":\"ImageObject\",\"inLanguage\":\"es\",\"@id\":\"https:\\\/\\\/www.iesabadinobhi.com\\\/#\\\/schema\\\/logo\\\/image\\\/\",\"url\":\"https:\\\/\\\/www.iesabadinobhi.com\\\/wp-content\\\/uploads\\\/2022\\\/01\\\/logo_abadino_web_25-1.jpg\",\"contentUrl\":\"https:\\\/\\\/www.iesabadinobhi.com\\\/wp-content\\\/uploads\\\/2022\\\/01\\\/logo_abadino_web_25-1.jpg\",\"width\":246,\"height\":234,\"caption\":\"Abadi\u00f1oko Institutua - Instituto de Abadi\u00f1o\"},\"image\":{\"@id\":\"https:\\\/\\\/www.iesabadinobhi.com\\\/#\\\/schema\\\/logo\\\/image\\\/\"},\"sameAs\":[\"https:\\\/\\\/www.youtube.com\\\/channel\\\/UChFI9DF_PiIsiqzblGEpD6Q\"]},{\"@type\":\"Person\",\"@id\":\"https:\\\/\\\/www.iesabadinobhi.com\\\/#\\\/schema\\\/person\\\/a71a6965234a00ffd67b3fc3c9858cd3\",\"name\":\"komunika\",\"image\":{\"@type\":\"ImageObject\",\"inLanguage\":\"es\",\"@id\":\"https:\\\/\\\/secure.gravatar.com\\\/avatar\\\/a22f2ac29ef785448617c06f66acb86e91041eb5ff01e3e6145cdc0af3989762?s=96&d=mm&r=g\",\"url\":\"https:\\\/\\\/secure.gravatar.com\\\/avatar\\\/a22f2ac29ef785448617c06f66acb86e91041eb5ff01e3e6145cdc0af3989762?s=96&d=mm&r=g\",\"contentUrl\":\"https:\\\/\\\/secure.gravatar.com\\\/avatar\\\/a22f2ac29ef785448617c06f66acb86e91041eb5ff01e3e6145cdc0af3989762?s=96&d=mm&r=g\",\"caption\":\"komunika\"},\"sameAs\":[\"http:\\\/\\\/www.iesabadinobhi.com\"],\"url\":\"https:\\\/\\\/www.iesabadinobhi.com\\\/es\\\/author\\\/komunika\\\/\"}]}<\/script>\n<!-- \/ Yoast SEO plugin. -->","yoast_head_json":{"title":"INICIO DEL SERVICIO DE ENFERMER\u00cdA DEL AMBULATORIO DE MATIENA - Abadi\u00f1oko Institutua - Instituto de Abadi\u00f1o","robots":{"index":"index","follow":"follow","max-snippet":"max-snippet:-1","max-image-preview":"max-image-preview:large","max-video-preview":"max-video-preview:-1"},"canonical":"https:\/\/www.iesabadinobhi.com\/es\/puesta-en-marcha-del-servicio-de-enfermeria-del-ambulatorio-de-matiena\/","og_locale":"es_ES","og_type":"article","og_title":"INICIO DEL SERVICIO DE ENFERMER\u00cdA DEL AMBULATORIO DE MATIENA - Abadi\u00f1oko Institutua - Instituto de Abadi\u00f1o","og_description":"A partir del 9 de febrero, la enfermer\u00eda del ambulatorio de Matiena pondr\u00e1 un servicio\u00a0 cada quince d\u00edas en el instituto. Al alumnado se le hizo la presentaci\u00f3n el 2 de febrero. Podr\u00e1n pedir cita en este e-mail: erizaintza@abadinoinsti.net O en el buz\u00f3n colocado en la entrada del aula Arnasgune.&nbsp;&hellip;","og_url":"https:\/\/www.iesabadinobhi.com\/es\/puesta-en-marcha-del-servicio-de-enfermeria-del-ambulatorio-de-matiena\/","og_site_name":"Abadi\u00f1oko Institutua - Instituto de Abadi\u00f1o","article_published_time":"2026-02-09T09:11:53+00:00","article_modified_time":"2026-02-16T08:23:39+00:00","og_image":[{"width":1250,"height":1180,"url":"https:\/\/www.iesabadinobhi.com\/wp-content\/uploads\/2026\/02\/GAZTE_KONTSULTA_thumb_2.jpg","type":"image\/jpeg"}],"author":"komunika","twitter_card":"summary_large_image","twitter_misc":{"Escrito por":"komunika","Tiempo de lectura":"1 minuto"},"schema":{"@context":"https:\/\/schema.org","@graph":[{"@type":"Article","@id":"https:\/\/www.iesabadinobhi.com\/es\/puesta-en-marcha-del-servicio-de-enfermeria-del-ambulatorio-de-matiena\/#article","isPartOf":{"@id":"https:\/\/www.iesabadinobhi.com\/es\/puesta-en-marcha-del-servicio-de-enfermeria-del-ambulatorio-de-matiena\/"},"author":{"name":"komunika","@id":"https:\/\/www.iesabadinobhi.com\/#\/schema\/person\/a71a6965234a00ffd67b3fc3c9858cd3"},"headline":"INICIO DEL SERVICIO DE ENFERMER\u00cdA DEL AMBULATORIO DE MATIENA","datePublished":"2026-02-09T09:11:53+00:00","dateModified":"2026-02-16T08:23:39+00:00","mainEntityOfPage":{"@id":"https:\/\/www.iesabadinobhi.com\/es\/puesta-en-marcha-del-servicio-de-enfermeria-del-ambulatorio-de-matiena\/"},"wordCount":74,"publisher":{"@id":"https:\/\/www.iesabadinobhi.com\/#organization"},"image":{"@id":"https:\/\/www.iesabadinobhi.com\/es\/puesta-en-marcha-del-servicio-de-enfermeria-del-ambulatorio-de-matiena\/#primaryimage"},"thumbnailUrl":"https:\/\/www.iesabadinobhi.com\/wp-content\/uploads\/2026\/02\/GAZTE_KONTSULTA_thumb_2.jpg","articleSection":["Noticias"],"inLanguage":"es"},{"@type":"WebPage","@id":"https:\/\/www.iesabadinobhi.com\/es\/puesta-en-marcha-del-servicio-de-enfermeria-del-ambulatorio-de-matiena\/","url":"https:\/\/www.iesabadinobhi.com\/es\/puesta-en-marcha-del-servicio-de-enfermeria-del-ambulatorio-de-matiena\/","name":"INICIO DEL SERVICIO DE ENFERMER\u00cdA DEL AMBULATORIO DE MATIENA - Abadi\u00f1oko Institutua - Instituto de Abadi\u00f1o","isPartOf":{"@id":"https:\/\/www.iesabadinobhi.com\/#website"},"primaryImageOfPage":{"@id":"https:\/\/www.iesabadinobhi.com\/es\/puesta-en-marcha-del-servicio-de-enfermeria-del-ambulatorio-de-matiena\/#primaryimage"},"image":{"@id":"https:\/\/www.iesabadinobhi.com\/es\/puesta-en-marcha-del-servicio-de-enfermeria-del-ambulatorio-de-matiena\/#primaryimage"},"thumbnailUrl":"https:\/\/www.iesabadinobhi.com\/wp-content\/uploads\/2026\/02\/GAZTE_KONTSULTA_thumb_2.jpg","datePublished":"2026-02-09T09:11:53+00:00","dateModified":"2026-02-16T08:23:39+00:00","breadcrumb":{"@id":"https:\/\/www.iesabadinobhi.com\/es\/puesta-en-marcha-del-servicio-de-enfermeria-del-ambulatorio-de-matiena\/#breadcrumb"},"inLanguage":"es","potentialAction":[{"@type":"ReadAction","target":["https:\/\/www.iesabadinobhi.com\/es\/puesta-en-marcha-del-servicio-de-enfermeria-del-ambulatorio-de-matiena\/"]}]},{"@type":"ImageObject","inLanguage":"es","@id":"https:\/\/www.iesabadinobhi.com\/es\/puesta-en-marcha-del-servicio-de-enfermeria-del-ambulatorio-de-matiena\/#primaryimage","url":"https:\/\/www.iesabadinobhi.com\/wp-content\/uploads\/2026\/02\/GAZTE_KONTSULTA_thumb_2.jpg","contentUrl":"https:\/\/www.iesabadinobhi.com\/wp-content\/uploads\/2026\/02\/GAZTE_KONTSULTA_thumb_2.jpg","width":1250,"height":1180},{"@type":"BreadcrumbList","@id":"https:\/\/www.iesabadinobhi.com\/es\/puesta-en-marcha-del-servicio-de-enfermeria-del-ambulatorio-de-matiena\/#breadcrumb","itemListElement":[{"@type":"ListItem","position":1,"name":"Portada","item":"https:\/\/www.iesabadinobhi.com\/es\/"},{"@type":"ListItem","position":2,"name":"INICIO DEL SERVICIO DE ENFERMER\u00cdA DEL AMBULATORIO DE MATIENA"}]},{"@type":"WebSite","@id":"https:\/\/www.iesabadinobhi.com\/#website","url":"https:\/\/www.iesabadinobhi.com\/","name":"Abadi\u00f1oko Institutua - Instituto de Abadi\u00f1o","description":"Centro p\u00fablico de modelo D para alumnos\/as de 12 a 16 a\u00f1os.","publisher":{"@id":"https:\/\/www.iesabadinobhi.com\/#organization"},"potentialAction":[{"@type":"SearchAction","target":{"@type":"EntryPoint","urlTemplate":"https:\/\/www.iesabadinobhi.com\/?s={search_term_string}"},"query-input":{"@type":"PropertyValueSpecification","valueRequired":true,"valueName":"search_term_string"}}],"inLanguage":"es"},{"@type":"Organization","@id":"https:\/\/www.iesabadinobhi.com\/#organization","name":"Abadi\u00f1oko Institutua - Instituto de Abadi\u00f1o","url":"https:\/\/www.iesabadinobhi.com\/","logo":{"@type":"ImageObject","inLanguage":"es","@id":"https:\/\/www.iesabadinobhi.com\/#\/schema\/logo\/image\/","url":"https:\/\/www.iesabadinobhi.com\/wp-content\/uploads\/2022\/01\/logo_abadino_web_25-1.jpg","contentUrl":"https:\/\/www.iesabadinobhi.com\/wp-content\/uploads\/2022\/01\/logo_abadino_web_25-1.jpg","width":246,"height":234,"caption":"Abadi\u00f1oko Institutua - Instituto de Abadi\u00f1o"},"image":{"@id":"https:\/\/www.iesabadinobhi.com\/#\/schema\/logo\/image\/"},"sameAs":["https:\/\/www.youtube.com\/channel\/UChFI9DF_PiIsiqzblGEpD6Q"]},{"@type":"Person","@id":"https:\/\/www.iesabadinobhi.com\/#\/schema\/person\/a71a6965234a00ffd67b3fc3c9858cd3","name":"komunika","image":{"@type":"ImageObject","inLanguage":"es","@id":"https:\/\/secure.gravatar.com\/avatar\/a22f2ac29ef785448617c06f66acb86e91041eb5ff01e3e6145cdc0af3989762?s=96&d=mm&r=g","url":"https:\/\/secure.gravatar.com\/avatar\/a22f2ac29ef785448617c06f66acb86e91041eb5ff01e3e6145cdc0af3989762?s=96&d=mm&r=g","contentUrl":"https:\/\/secure.gravatar.com\/avatar\/a22f2ac29ef785448617c06f66acb86e91041eb5ff01e3e6145cdc0af3989762?s=96&d=mm&r=g","caption":"komunika"},"sameAs":["http:\/\/www.iesabadinobhi.com"],"url":"https:\/\/www.iesabadinobhi.com\/es\/author\/komunika\/"}]}},"_links":{"self":[{"href":"https:\/\/www.iesabadinobhi.com\/es\/wp-json\/wp\/v2\/posts\/17250","targetHints":{"allow":["GET"]}}],"collection":[{"href":"https:\/\/www.iesabadinobhi.com\/es\/wp-json\/wp\/v2\/posts"}],"about":[{"href":"https:\/\/www.iesabadinobhi.com\/es\/wp-json\/wp\/v2\/types\/post"}],"author":[{"embeddable":true,"href":"https:\/\/www.iesabadinobhi.com\/es\/wp-json\/wp\/v2\/users\/1"}],"replies":[{"embeddable":true,"href":"https:\/\/www.iesabadinobhi.com\/es\/wp-json\/wp\/v2\/comments?post=17250"}],"version-history":[{"count":8,"href":"https:\/\/www.iesabadinobhi.com\/es\/wp-json\/wp\/v2\/posts\/17250\/revisions"}],"predecessor-version":[{"id":17357,"href":"https:\/\/www.iesabadinobhi.com\/es\/wp-json\/wp\/v2\/posts\/17250\/revisions\/17357"}],"wp:featuredmedia":[{"embeddable":true,"href":"https:\/\/www.iesabadinobhi.com\/es\/wp-json\/wp\/v2\/media\/17267"}],"wp:attachment":[{"href":"https:\/\/www.iesabadinobhi.com\/es\/wp-json\/wp\/v2\/media?parent=17250"}],"wp:term":[{"taxonomy":"category","embeddable":true,"href":"https:\/\/www.iesabadinobhi.com\/es\/wp-json\/wp\/v2\/categories?post=17250"},{"taxonomy":"post_tag","embeddable":true,"href":"https:\/\/www.iesabadinobhi.com\/es\/wp-json\/wp\/v2\/tags?post=17250"}],"curies":[{"name":"wp","href":"https:\/\/api.w.org\/{rel}","templated":true}]}}