  {"id":15835,"date":"2025-07-01T13:27:56","date_gmt":"2025-07-01T11:27:56","guid":{"rendered":"https:\/\/www.iesabadinobhi.com\/?p=15835"},"modified":"2025-11-03T10:23:29","modified_gmt":"2025-11-03T09:23:29","slug":"informacion-para-el-curso-2025-2026","status":"publish","type":"post","link":"https:\/\/www.iesabadinobhi.com\/es\/informacion-para-el-curso-2025-2026\/","title":{"rendered":"INFORMACI\u00d3N PARA EL CURSO 2025-2026"},"content":{"rendered":"\t\t<div data-elementor-type=\"wp-post\" data-elementor-id=\"15835\" class=\"elementor elementor-15835 elementor-15834\" data-elementor-settings=\"[]\">\n\t\t\t\t\t\t<div class=\"elementor-inner\">\n\t\t\t\t\t\t\t<div class=\"elementor-section-wrap\">\n\t\t\t\t\t\t\t<section class=\"elementor-section elementor-top-section elementor-element elementor-element-79ff05d2 elementor-section-boxed elementor-section-height-default elementor-section-height-default\" data-id=\"79ff05d2\" data-element_type=\"section\">\n\t\t\t\t\t\t<div class=\"elementor-container elementor-column-gap-default\">\n\t\t\t\t\t\t\t<div class=\"elementor-row\">\n\t\t\t\t\t<div class=\"elementor-column elementor-col-100 elementor-top-column elementor-element elementor-element-4e1b8e4f\" data-id=\"4e1b8e4f\" data-element_type=\"column\">\n\t\t\t<div class=\"elementor-column-wrap elementor-element-populated\">\n\t\t\t\t\t\t\t<div class=\"elementor-widget-wrap\">\n\t\t\t\t\t\t<div class=\"elementor-element elementor-element-1a47996 elementor-widget elementor-widget-image\" data-id=\"1a47996\" data-element_type=\"widget\" data-widget_type=\"image.default\">\n\t\t\t\t<div class=\"elementor-widget-container\">\n\t\t\t\t\t<div class=\"elementor-image\">\n\t\t\t\t\t\t\t\t\t\t\t<a href=\"https:\/\/www.iesabadinobhi.com\/wp-content\/uploads\/2023\/09\/noticia_cole.jpg\" data-elementor-open-lightbox=\"yes\" data-elementor-lightbox-title=\"noticia_cole\">\n\t\t\t\t\t\t\t<img loading=\"lazy\" decoding=\"async\" width=\"990\" height=\"500\" src=\"https:\/\/www.iesabadinobhi.com\/wp-content\/uploads\/2023\/09\/noticia_cole-990x500.jpg\" class=\"attachment-ed-school-featured-image size-ed-school-featured-image\" alt=\"IES Abadi\u00f1o\" \/>\t\t\t\t\t\t\t\t<\/a>\n\t\t\t\t\t\t\t\t\t\t\t<\/div>\n\t\t\t\t<\/div>\n\t\t\t\t<\/div>\n\t\t\t\t<div class=\"elementor-element elementor-element-153dc1c5 elementor-widget elementor-widget-text-editor\" data-id=\"153dc1c5\" data-element_type=\"widget\" data-widget_type=\"text-editor.default\">\n\t\t\t\t<div class=\"elementor-widget-container\">\n\t\t\t\t\t<div class=\"elementor-text-editor elementor-clearfix\"><p><strong>La fecha de presentaci\u00f3n ser\u00e1 el 5 de septiembre.\u00a0<\/strong><\/p><p style=\"text-align: justify;\">El alumnado de 1\u00ba y 2\u00ba de la ESO que necesite transporte escolar para el d\u00eda de la presentaci\u00f3n (5 de septiembre), deber\u00e1 coger el autob\u00fas a las 9:25h en Muntsaratz y la segunda vuelta ser\u00e1 desde Zelaieta a las 9:35h aproximadamente.<\/p><ul><li>Curso 1: 10:00 horas<\/li><li>Curso 2: 10:30 horas<\/li><li>Curso 3: 11:00 horas<\/li><li>Curso 4: 11:30 horas<\/li><\/ul><\/div>\n\t\t\t\t<\/div>\n\t\t\t\t<\/div>\n\t\t\t\t<div class=\"elementor-element elementor-element-205db46 elementor-align-center elementor-widget elementor-widget-button\" data-id=\"205db46\" data-element_type=\"widget\" data-widget_type=\"button.default\">\n\t\t\t\t<div class=\"elementor-widget-container\">\n\t\t\t\t\t<div class=\"elementor-button-wrapper\">\n\t\t\t<a href=\"https:\/\/shorturl.at\/Ek0JL\" target=\"_blank\" class=\"elementor-button-link elementor-button elementor-size-md\" role=\"button\">\n\t\t\t\t\t\t<span class=\"elementor-button-content-wrapper\">\n\t\t\t\t\t\t<span class=\"elementor-button-text\">Descargar calendario<\/span>\n\t\t<\/span>\n\t\t\t\t\t<\/a>\n\t\t<\/div>\n\t\t\t\t<\/div>\n\t\t\t\t<\/div>\n\t\t\t\t<div class=\"elementor-element elementor-element-1a309d3 elementor-widget elementor-widget-text-editor\" data-id=\"1a309d3\" data-element_type=\"widget\" data-widget_type=\"text-editor.default\">\n\t\t\t\t<div class=\"elementor-widget-container\">\n\t\t\t\t\t<div class=\"elementor-text-editor elementor-clearfix\"><p class=\"p2\"><strong>Material necesario para el comienzo de curso:<\/strong><\/p><\/div>\n\t\t\t\t<\/div>\n\t\t\t\t<\/div>\n\t\t\t\t<div class=\"elementor-element elementor-element-e39943b elementor-widget elementor-widget-text-editor\" data-id=\"e39943b\" data-element_type=\"widget\" data-widget_type=\"text-editor.default\">\n\t\t\t\t<div class=\"elementor-widget-container\">\n\t\t\t\t\t<div class=\"elementor-text-editor elementor-clearfix\"><ul style=\"column-count: 2; column-gap: 20px;\"><li><a href=\"https:\/\/www.iesabadinobhi.com\/wp-content\/uploads\/pdf\/familiei_bidaltzeko_2025-26_dbh1.pdf\" target=\"_blank\" rel=\"noopener\">1\u00ba ESO<\/a><\/li><li><a href=\"https:\/\/www.iesabadinobhi.com\/wp-content\/uploads\/pdf\/familiei_bidaltzeko_2025-26_dbh2.pdf\" target=\"_blank\" rel=\"noopener\">2\u00ba ESO<\/a><\/li><li><a href=\"https:\/\/www.iesabadinobhi.com\/wp-content\/uploads\/pdf\/familiei_bidaltzeko_2025-26_dbh3.pdf\" target=\"_blank\" rel=\"noopener\">3\u00ba ESO<\/a><\/li><li><a href=\"https:\/\/www.iesabadinobhi.com\/wp-content\/uploads\/pdf\/familiei_bidaltzeko_2025-26_dbh3dk.pdf\" target=\"_blank\" rel=\"noopener\">3\u00ba DC<\/a><\/li><li><a href=\"https:\/\/www.iesabadinobhi.com\/wp-content\/uploads\/pdf\/familiei_bidaltzeko_2025-26_dbh4.pdf\" target=\"_blank\" rel=\"noopener\">4\u00ba ESO<\/a><\/li><li><a href=\"https:\/\/www.iesabadinobhi.com\/wp-content\/uploads\/pdf\/familiei_bidaltzeko_2025-26_dbh4dk.pdf\" target=\"_blank\" rel=\"noopener\">4\u00ba DC<\/a><\/li><\/ul><\/div>\n\t\t\t\t<\/div>\n\t\t\t\t<\/div>\n\t\t\t\t\t\t<\/div>\n\t\t\t\t\t<\/div>\n\t\t<\/div>\n\t\t\t\t\t\t\t\t<\/div>\n\t\t\t\t\t<\/div>\n\t\t<\/section>\n\t\t\t\t\t\t<\/div>\n\t\t\t\t\t\t<\/div>\n\t\t\t\t\t<\/div>\n\t\t","protected":false},"excerpt":{"rendered":"<p>La fecha de presentaci\u00f3n ser\u00e1 el 5 de septiembre.\u00a0 El alumnado de 1\u00ba y 2\u00ba de la ESO que necesite transporte escolar para el d\u00eda de la presentaci\u00f3n (5 de septiembre), deber\u00e1 coger el autob\u00fas a las 9:25h en Muntsaratz y la segunda vuelta ser\u00e1 desde Zelaieta a las 9:35h&nbsp;<a href=\"https:\/\/www.iesabadinobhi.com\/es\/informacion-para-el-curso-2025-2026\/\">&hellip;<\/a><\/p>\n","protected":false},"author":1,"featured_media":12915,"comment_status":"closed","ping_status":"closed","sticky":false,"template":"","format":"standard","meta":{"_acf_changed":false,"footnotes":""},"categories":[38],"tags":[],"class_list":["post-15835","post","type-post","status-publish","format-standard","has-post-thumbnail","hentry","category-noticias","odd"],"acf":[],"yoast_head":"<!-- This site is optimized with the Yoast SEO plugin v27.4 - https:\/\/yoast.com\/product\/yoast-seo-wordpress\/ -->\n<title>INFORMACI\u00d3N PARA EL CURSO 2025-2026 - Abadi\u00f1oko Institutua - Instituto de Abadi\u00f1o<\/title>\n<meta name=\"robots\" content=\"index, follow, max-snippet:-1, max-image-preview:large, max-video-preview:-1\" \/>\n<link rel=\"canonical\" href=\"https:\/\/www.iesabadinobhi.com\/es\/informacion-para-el-curso-2025-2026\/\" \/>\n<meta property=\"og:locale\" content=\"es_ES\" \/>\n<meta property=\"og:type\" content=\"article\" \/>\n<meta property=\"og:title\" content=\"INFORMACI\u00d3N PARA EL CURSO 2025-2026 - Abadi\u00f1oko Institutua - Instituto de Abadi\u00f1o\" \/>\n<meta property=\"og:description\" content=\"La fecha de presentaci\u00f3n ser\u00e1 el 5 de septiembre.\u00a0 El alumnado de 1\u00ba y 2\u00ba de la ESO que necesite transporte escolar para el d\u00eda de la presentaci\u00f3n (5 de septiembre), deber\u00e1 coger el autob\u00fas a las 9:25h en Muntsaratz y la segunda vuelta ser\u00e1 desde Zelaieta a las 9:35h&nbsp;&hellip;\" \/>\n<meta property=\"og:url\" content=\"https:\/\/www.iesabadinobhi.com\/es\/informacion-para-el-curso-2025-2026\/\" \/>\n<meta property=\"og:site_name\" content=\"Abadi\u00f1oko Institutua - Instituto de Abadi\u00f1o\" \/>\n<meta property=\"article:published_time\" content=\"2025-07-01T11:27:56+00:00\" \/>\n<meta property=\"article:modified_time\" content=\"2025-11-03T09:23:29+00:00\" \/>\n<meta property=\"og:image\" content=\"https:\/\/www.iesabadinobhi.com\/wp-content\/uploads\/2023\/09\/noticia_cole.jpg\" \/>\n\t<meta property=\"og:image:width\" content=\"2000\" \/>\n\t<meta property=\"og:image:height\" content=\"977\" \/>\n\t<meta property=\"og:image:type\" content=\"image\/jpeg\" \/>\n<meta name=\"author\" content=\"komunika\" \/>\n<meta name=\"twitter:card\" content=\"summary_large_image\" \/>\n<meta name=\"twitter:label1\" content=\"Escrito por\" \/>\n\t<meta name=\"twitter:data1\" content=\"komunika\" \/>\n\t<meta name=\"twitter:label2\" content=\"Tiempo de lectura\" \/>\n\t<meta name=\"twitter:data2\" content=\"1 minuto\" \/>\n<script type=\"application\/ld+json\" class=\"yoast-schema-graph\">{\"@context\":\"https:\\\/\\\/schema.org\",\"@graph\":[{\"@type\":\"Article\",\"@id\":\"https:\\\/\\\/www.iesabadinobhi.com\\\/es\\\/informacion-para-el-curso-2025-2026\\\/#article\",\"isPartOf\":{\"@id\":\"https:\\\/\\\/www.iesabadinobhi.com\\\/es\\\/informacion-para-el-curso-2025-2026\\\/\"},\"author\":{\"name\":\"komunika\",\"@id\":\"https:\\\/\\\/www.iesabadinobhi.com\\\/#\\\/schema\\\/person\\\/a71a6965234a00ffd67b3fc3c9858cd3\"},\"headline\":\"INFORMACI\u00d3N PARA EL CURSO 2025-2026\",\"datePublished\":\"2025-07-01T11:27:56+00:00\",\"dateModified\":\"2025-11-03T09:23:29+00:00\",\"mainEntityOfPage\":{\"@id\":\"https:\\\/\\\/www.iesabadinobhi.com\\\/es\\\/informacion-para-el-curso-2025-2026\\\/\"},\"wordCount\":80,\"publisher\":{\"@id\":\"https:\\\/\\\/www.iesabadinobhi.com\\\/#organization\"},\"image\":{\"@id\":\"https:\\\/\\\/www.iesabadinobhi.com\\\/es\\\/informacion-para-el-curso-2025-2026\\\/#primaryimage\"},\"thumbnailUrl\":\"https:\\\/\\\/www.iesabadinobhi.com\\\/wp-content\\\/uploads\\\/2023\\\/09\\\/noticia_cole.jpg\",\"articleSection\":[\"Noticias\"],\"inLanguage\":\"es\"},{\"@type\":\"WebPage\",\"@id\":\"https:\\\/\\\/www.iesabadinobhi.com\\\/es\\\/informacion-para-el-curso-2025-2026\\\/\",\"url\":\"https:\\\/\\\/www.iesabadinobhi.com\\\/es\\\/informacion-para-el-curso-2025-2026\\\/\",\"name\":\"INFORMACI\u00d3N PARA EL CURSO 2025-2026 - Abadi\u00f1oko Institutua - Instituto de Abadi\u00f1o\",\"isPartOf\":{\"@id\":\"https:\\\/\\\/www.iesabadinobhi.com\\\/#website\"},\"primaryImageOfPage\":{\"@id\":\"https:\\\/\\\/www.iesabadinobhi.com\\\/es\\\/informacion-para-el-curso-2025-2026\\\/#primaryimage\"},\"image\":{\"@id\":\"https:\\\/\\\/www.iesabadinobhi.com\\\/es\\\/informacion-para-el-curso-2025-2026\\\/#primaryimage\"},\"thumbnailUrl\":\"https:\\\/\\\/www.iesabadinobhi.com\\\/wp-content\\\/uploads\\\/2023\\\/09\\\/noticia_cole.jpg\",\"datePublished\":\"2025-07-01T11:27:56+00:00\",\"dateModified\":\"2025-11-03T09:23:29+00:00\",\"breadcrumb\":{\"@id\":\"https:\\\/\\\/www.iesabadinobhi.com\\\/es\\\/informacion-para-el-curso-2025-2026\\\/#breadcrumb\"},\"inLanguage\":\"es\",\"potentialAction\":[{\"@type\":\"ReadAction\",\"target\":[\"https:\\\/\\\/www.iesabadinobhi.com\\\/es\\\/informacion-para-el-curso-2025-2026\\\/\"]}]},{\"@type\":\"ImageObject\",\"inLanguage\":\"es\",\"@id\":\"https:\\\/\\\/www.iesabadinobhi.com\\\/es\\\/informacion-para-el-curso-2025-2026\\\/#primaryimage\",\"url\":\"https:\\\/\\\/www.iesabadinobhi.com\\\/wp-content\\\/uploads\\\/2023\\\/09\\\/noticia_cole.jpg\",\"contentUrl\":\"https:\\\/\\\/www.iesabadinobhi.com\\\/wp-content\\\/uploads\\\/2023\\\/09\\\/noticia_cole.jpg\",\"width\":2000,\"height\":977,\"caption\":\"IES Abadi\u00f1o\"},{\"@type\":\"BreadcrumbList\",\"@id\":\"https:\\\/\\\/www.iesabadinobhi.com\\\/es\\\/informacion-para-el-curso-2025-2026\\\/#breadcrumb\",\"itemListElement\":[{\"@type\":\"ListItem\",\"position\":1,\"name\":\"Portada\",\"item\":\"https:\\\/\\\/www.iesabadinobhi.com\\\/es\\\/\"},{\"@type\":\"ListItem\",\"position\":2,\"name\":\"INFORMACI\u00d3N PARA EL CURSO 2025-2026\"}]},{\"@type\":\"WebSite\",\"@id\":\"https:\\\/\\\/www.iesabadinobhi.com\\\/#website\",\"url\":\"https:\\\/\\\/www.iesabadinobhi.com\\\/\",\"name\":\"Abadi\u00f1oko Institutua - Instituto de Abadi\u00f1o\",\"description\":\"Centro p\u00fablico de modelo D para alumnos\\\/as de 12 a 16 a\u00f1os.\",\"publisher\":{\"@id\":\"https:\\\/\\\/www.iesabadinobhi.com\\\/#organization\"},\"potentialAction\":[{\"@type\":\"SearchAction\",\"target\":{\"@type\":\"EntryPoint\",\"urlTemplate\":\"https:\\\/\\\/www.iesabadinobhi.com\\\/?s={search_term_string}\"},\"query-input\":{\"@type\":\"PropertyValueSpecification\",\"valueRequired\":true,\"valueName\":\"search_term_string\"}}],\"inLanguage\":\"es\"},{\"@type\":\"Organization\",\"@id\":\"https:\\\/\\\/www.iesabadinobhi.com\\\/#organization\",\"name\":\"Abadi\u00f1oko Institutua - Instituto de Abadi\u00f1o\",\"url\":\"https:\\\/\\\/www.iesabadinobhi.com\\\/\",\"logo\":{\"@type\":\"ImageObject\",\"inLanguage\":\"es\",\"@id\":\"https:\\\/\\\/www.iesabadinobhi.com\\\/#\\\/schema\\\/logo\\\/image\\\/\",\"url\":\"https:\\\/\\\/www.iesabadinobhi.com\\\/wp-content\\\/uploads\\\/2022\\\/01\\\/logo_abadino_web_25-1.jpg\",\"contentUrl\":\"https:\\\/\\\/www.iesabadinobhi.com\\\/wp-content\\\/uploads\\\/2022\\\/01\\\/logo_abadino_web_25-1.jpg\",\"width\":246,\"height\":234,\"caption\":\"Abadi\u00f1oko Institutua - Instituto de Abadi\u00f1o\"},\"image\":{\"@id\":\"https:\\\/\\\/www.iesabadinobhi.com\\\/#\\\/schema\\\/logo\\\/image\\\/\"},\"sameAs\":[\"https:\\\/\\\/www.youtube.com\\\/channel\\\/UChFI9DF_PiIsiqzblGEpD6Q\"]},{\"@type\":\"Person\",\"@id\":\"https:\\\/\\\/www.iesabadinobhi.com\\\/#\\\/schema\\\/person\\\/a71a6965234a00ffd67b3fc3c9858cd3\",\"name\":\"komunika\",\"image\":{\"@type\":\"ImageObject\",\"inLanguage\":\"es\",\"@id\":\"https:\\\/\\\/secure.gravatar.com\\\/avatar\\\/a22f2ac29ef785448617c06f66acb86e91041eb5ff01e3e6145cdc0af3989762?s=96&d=mm&r=g\",\"url\":\"https:\\\/\\\/secure.gravatar.com\\\/avatar\\\/a22f2ac29ef785448617c06f66acb86e91041eb5ff01e3e6145cdc0af3989762?s=96&d=mm&r=g\",\"contentUrl\":\"https:\\\/\\\/secure.gravatar.com\\\/avatar\\\/a22f2ac29ef785448617c06f66acb86e91041eb5ff01e3e6145cdc0af3989762?s=96&d=mm&r=g\",\"caption\":\"komunika\"},\"sameAs\":[\"http:\\\/\\\/www.iesabadinobhi.com\"],\"url\":\"https:\\\/\\\/www.iesabadinobhi.com\\\/es\\\/author\\\/komunika\\\/\"}]}<\/script>\n<!-- \/ Yoast SEO plugin. -->","yoast_head_json":{"title":"INFORMACI\u00d3N PARA EL CURSO 2025-2026 - Abadi\u00f1oko Institutua - Instituto de Abadi\u00f1o","robots":{"index":"index","follow":"follow","max-snippet":"max-snippet:-1","max-image-preview":"max-image-preview:large","max-video-preview":"max-video-preview:-1"},"canonical":"https:\/\/www.iesabadinobhi.com\/es\/informacion-para-el-curso-2025-2026\/","og_locale":"es_ES","og_type":"article","og_title":"INFORMACI\u00d3N PARA EL CURSO 2025-2026 - Abadi\u00f1oko Institutua - Instituto de Abadi\u00f1o","og_description":"La fecha de presentaci\u00f3n ser\u00e1 el 5 de septiembre.\u00a0 El alumnado de 1\u00ba y 2\u00ba de la ESO que necesite transporte escolar para el d\u00eda de la presentaci\u00f3n (5 de septiembre), deber\u00e1 coger el autob\u00fas a las 9:25h en Muntsaratz y la segunda vuelta ser\u00e1 desde Zelaieta a las 9:35h&nbsp;&hellip;","og_url":"https:\/\/www.iesabadinobhi.com\/es\/informacion-para-el-curso-2025-2026\/","og_site_name":"Abadi\u00f1oko Institutua - Instituto de Abadi\u00f1o","article_published_time":"2025-07-01T11:27:56+00:00","article_modified_time":"2025-11-03T09:23:29+00:00","og_image":[{"width":2000,"height":977,"url":"https:\/\/www.iesabadinobhi.com\/wp-content\/uploads\/2023\/09\/noticia_cole.jpg","type":"image\/jpeg"}],"author":"komunika","twitter_card":"summary_large_image","twitter_misc":{"Escrito por":"komunika","Tiempo de lectura":"1 minuto"},"schema":{"@context":"https:\/\/schema.org","@graph":[{"@type":"Article","@id":"https:\/\/www.iesabadinobhi.com\/es\/informacion-para-el-curso-2025-2026\/#article","isPartOf":{"@id":"https:\/\/www.iesabadinobhi.com\/es\/informacion-para-el-curso-2025-2026\/"},"author":{"name":"komunika","@id":"https:\/\/www.iesabadinobhi.com\/#\/schema\/person\/a71a6965234a00ffd67b3fc3c9858cd3"},"headline":"INFORMACI\u00d3N PARA EL CURSO 2025-2026","datePublished":"2025-07-01T11:27:56+00:00","dateModified":"2025-11-03T09:23:29+00:00","mainEntityOfPage":{"@id":"https:\/\/www.iesabadinobhi.com\/es\/informacion-para-el-curso-2025-2026\/"},"wordCount":80,"publisher":{"@id":"https:\/\/www.iesabadinobhi.com\/#organization"},"image":{"@id":"https:\/\/www.iesabadinobhi.com\/es\/informacion-para-el-curso-2025-2026\/#primaryimage"},"thumbnailUrl":"https:\/\/www.iesabadinobhi.com\/wp-content\/uploads\/2023\/09\/noticia_cole.jpg","articleSection":["Noticias"],"inLanguage":"es"},{"@type":"WebPage","@id":"https:\/\/www.iesabadinobhi.com\/es\/informacion-para-el-curso-2025-2026\/","url":"https:\/\/www.iesabadinobhi.com\/es\/informacion-para-el-curso-2025-2026\/","name":"INFORMACI\u00d3N PARA EL CURSO 2025-2026 - Abadi\u00f1oko Institutua - Instituto de Abadi\u00f1o","isPartOf":{"@id":"https:\/\/www.iesabadinobhi.com\/#website"},"primaryImageOfPage":{"@id":"https:\/\/www.iesabadinobhi.com\/es\/informacion-para-el-curso-2025-2026\/#primaryimage"},"image":{"@id":"https:\/\/www.iesabadinobhi.com\/es\/informacion-para-el-curso-2025-2026\/#primaryimage"},"thumbnailUrl":"https:\/\/www.iesabadinobhi.com\/wp-content\/uploads\/2023\/09\/noticia_cole.jpg","datePublished":"2025-07-01T11:27:56+00:00","dateModified":"2025-11-03T09:23:29+00:00","breadcrumb":{"@id":"https:\/\/www.iesabadinobhi.com\/es\/informacion-para-el-curso-2025-2026\/#breadcrumb"},"inLanguage":"es","potentialAction":[{"@type":"ReadAction","target":["https:\/\/www.iesabadinobhi.com\/es\/informacion-para-el-curso-2025-2026\/"]}]},{"@type":"ImageObject","inLanguage":"es","@id":"https:\/\/www.iesabadinobhi.com\/es\/informacion-para-el-curso-2025-2026\/#primaryimage","url":"https:\/\/www.iesabadinobhi.com\/wp-content\/uploads\/2023\/09\/noticia_cole.jpg","contentUrl":"https:\/\/www.iesabadinobhi.com\/wp-content\/uploads\/2023\/09\/noticia_cole.jpg","width":2000,"height":977,"caption":"IES Abadi\u00f1o"},{"@type":"BreadcrumbList","@id":"https:\/\/www.iesabadinobhi.com\/es\/informacion-para-el-curso-2025-2026\/#breadcrumb","itemListElement":[{"@type":"ListItem","position":1,"name":"Portada","item":"https:\/\/www.iesabadinobhi.com\/es\/"},{"@type":"ListItem","position":2,"name":"INFORMACI\u00d3N PARA EL CURSO 2025-2026"}]},{"@type":"WebSite","@id":"https:\/\/www.iesabadinobhi.com\/#website","url":"https:\/\/www.iesabadinobhi.com\/","name":"Abadi\u00f1oko Institutua - Instituto de Abadi\u00f1o","description":"Centro p\u00fablico de modelo D para alumnos\/as de 12 a 16 a\u00f1os.","publisher":{"@id":"https:\/\/www.iesabadinobhi.com\/#organization"},"potentialAction":[{"@type":"SearchAction","target":{"@type":"EntryPoint","urlTemplate":"https:\/\/www.iesabadinobhi.com\/?s={search_term_string}"},"query-input":{"@type":"PropertyValueSpecification","valueRequired":true,"valueName":"search_term_string"}}],"inLanguage":"es"},{"@type":"Organization","@id":"https:\/\/www.iesabadinobhi.com\/#organization","name":"Abadi\u00f1oko Institutua - Instituto de Abadi\u00f1o","url":"https:\/\/www.iesabadinobhi.com\/","logo":{"@type":"ImageObject","inLanguage":"es","@id":"https:\/\/www.iesabadinobhi.com\/#\/schema\/logo\/image\/","url":"https:\/\/www.iesabadinobhi.com\/wp-content\/uploads\/2022\/01\/logo_abadino_web_25-1.jpg","contentUrl":"https:\/\/www.iesabadinobhi.com\/wp-content\/uploads\/2022\/01\/logo_abadino_web_25-1.jpg","width":246,"height":234,"caption":"Abadi\u00f1oko Institutua - Instituto de Abadi\u00f1o"},"image":{"@id":"https:\/\/www.iesabadinobhi.com\/#\/schema\/logo\/image\/"},"sameAs":["https:\/\/www.youtube.com\/channel\/UChFI9DF_PiIsiqzblGEpD6Q"]},{"@type":"Person","@id":"https:\/\/www.iesabadinobhi.com\/#\/schema\/person\/a71a6965234a00ffd67b3fc3c9858cd3","name":"komunika","image":{"@type":"ImageObject","inLanguage":"es","@id":"https:\/\/secure.gravatar.com\/avatar\/a22f2ac29ef785448617c06f66acb86e91041eb5ff01e3e6145cdc0af3989762?s=96&d=mm&r=g","url":"https:\/\/secure.gravatar.com\/avatar\/a22f2ac29ef785448617c06f66acb86e91041eb5ff01e3e6145cdc0af3989762?s=96&d=mm&r=g","contentUrl":"https:\/\/secure.gravatar.com\/avatar\/a22f2ac29ef785448617c06f66acb86e91041eb5ff01e3e6145cdc0af3989762?s=96&d=mm&r=g","caption":"komunika"},"sameAs":["http:\/\/www.iesabadinobhi.com"],"url":"https:\/\/www.iesabadinobhi.com\/es\/author\/komunika\/"}]}},"_links":{"self":[{"href":"https:\/\/www.iesabadinobhi.com\/es\/wp-json\/wp\/v2\/posts\/15835","targetHints":{"allow":["GET"]}}],"collection":[{"href":"https:\/\/www.iesabadinobhi.com\/es\/wp-json\/wp\/v2\/posts"}],"about":[{"href":"https:\/\/www.iesabadinobhi.com\/es\/wp-json\/wp\/v2\/types\/post"}],"author":[{"embeddable":true,"href":"https:\/\/www.iesabadinobhi.com\/es\/wp-json\/wp\/v2\/users\/1"}],"replies":[{"embeddable":true,"href":"https:\/\/www.iesabadinobhi.com\/es\/wp-json\/wp\/v2\/comments?post=15835"}],"version-history":[{"count":19,"href":"https:\/\/www.iesabadinobhi.com\/es\/wp-json\/wp\/v2\/posts\/15835\/revisions"}],"predecessor-version":[{"id":16720,"href":"https:\/\/www.iesabadinobhi.com\/es\/wp-json\/wp\/v2\/posts\/15835\/revisions\/16720"}],"wp:featuredmedia":[{"embeddable":true,"href":"https:\/\/www.iesabadinobhi.com\/es\/wp-json\/wp\/v2\/media\/12915"}],"wp:attachment":[{"href":"https:\/\/www.iesabadinobhi.com\/es\/wp-json\/wp\/v2\/media?parent=15835"}],"wp:term":[{"taxonomy":"category","embeddable":true,"href":"https:\/\/www.iesabadinobhi.com\/es\/wp-json\/wp\/v2\/categories?post=15835"},{"taxonomy":"post_tag","embeddable":true,"href":"https:\/\/www.iesabadinobhi.com\/es\/wp-json\/wp\/v2\/tags?post=15835"}],"curies":[{"name":"wp","href":"https:\/\/api.w.org\/{rel}","templated":true}]}}