  {"id":15042,"date":"2024-12-04T14:47:06","date_gmt":"2024-12-04T13:47:06","guid":{"rendered":"https:\/\/www.iesabadinobhi.com\/?p=15042"},"modified":"2024-12-04T14:51:45","modified_gmt":"2024-12-04T13:51:45","slug":"dia-del-euskera","status":"publish","type":"post","link":"https:\/\/www.iesabadinobhi.com\/es\/dia-del-euskera\/","title":{"rendered":"D\u00cdA DEL EUSKERA"},"content":{"rendered":"\t\t<div data-elementor-type=\"wp-post\" data-elementor-id=\"15042\" class=\"elementor elementor-15042 elementor-15041\" data-elementor-settings=\"[]\">\n\t\t\t\t\t\t<div class=\"elementor-inner\">\n\t\t\t\t\t\t\t<div class=\"elementor-section-wrap\">\n\t\t\t\t\t\t\t<section class=\"elementor-section elementor-top-section elementor-element elementor-element-79ff05d2 elementor-section-boxed elementor-section-height-default elementor-section-height-default\" data-id=\"79ff05d2\" data-element_type=\"section\">\n\t\t\t\t\t\t<div class=\"elementor-container elementor-column-gap-default\">\n\t\t\t\t\t\t\t<div class=\"elementor-row\">\n\t\t\t\t\t<div class=\"elementor-column elementor-col-100 elementor-top-column elementor-element elementor-element-4e1b8e4f\" data-id=\"4e1b8e4f\" data-element_type=\"column\">\n\t\t\t<div class=\"elementor-column-wrap elementor-element-populated\">\n\t\t\t\t\t\t\t<div class=\"elementor-widget-wrap\">\n\t\t\t\t\t\t<div class=\"elementor-element elementor-element-888b3f5 elementor-hidden-desktop elementor-hidden-tablet elementor-hidden-phone elementor-widget elementor-widget-text-editor\" data-id=\"888b3f5\" data-element_type=\"widget\" data-widget_type=\"text-editor.default\">\n\t\t\t\t<div class=\"elementor-widget-container\">\n\t\t\t\t\t<div class=\"elementor-text-editor elementor-clearfix\"><p style=\"text-align: justify;\">El 3 de diciembre, hemos celebrado en el IES Abadi\u00f1o el d\u00eda del euskera.<\/p><\/div>\n\t\t\t\t<\/div>\n\t\t\t\t<\/div>\n\t\t\t\t<div class=\"elementor-element elementor-element-153dc1c5 elementor-widget elementor-widget-text-editor\" data-id=\"153dc1c5\" data-element_type=\"widget\" data-widget_type=\"text-editor.default\">\n\t\t\t\t<div class=\"elementor-widget-container\">\n\t\t\t\t\t<div class=\"elementor-text-editor elementor-clearfix\"><div class=\"epyt-video-wrapper\"><iframe loading=\"lazy\"  id=\"_ytid_83321\"  width=\"1200\" height=\"675\"  data-origwidth=\"1200\" data-origheight=\"675\"  data-relstop=\"1\" src=\"https:\/\/www.youtube.com\/embed\/_x3gz1MBdBU?enablejsapi=1&#038;autoplay=0&#038;cc_load_policy=0&#038;cc_lang_pref=&#038;iv_load_policy=1&#038;loop=0&#038;rel=0&#038;fs=1&#038;playsinline=0&#038;autohide=2&#038;theme=dark&#038;color=red&#038;controls=1&#038;disablekb=0&#038;\" class=\"__youtube_prefs__  __youtube_prefs_widget__  epyt-is-override  no-lazyload\" title=\"YouTube player\"  allow=\"fullscreen; accelerometer; autoplay; clipboard-write; encrypted-media; gyroscope; picture-in-picture; web-share\" referrerpolicy=\"strict-origin-when-cross-origin\" allowfullscreen data-no-lazy=\"1\" data-skipgform_ajax_framebjll=\"\"><\/iframe><\/div><\/div>\n\t\t\t\t<\/div>\n\t\t\t\t<\/div>\n\t\t\t\t<div class=\"elementor-element elementor-element-b4b12af elementor-widget elementor-widget-text-editor\" data-id=\"b4b12af\" data-element_type=\"widget\" data-widget_type=\"text-editor.default\">\n\t\t\t\t<div class=\"elementor-widget-container\">\n\t\t\t\t\t<div class=\"elementor-text-editor elementor-clearfix\"><p style=\"text-align: justify;\">El 3 de diciembre, hemos celebrado en el IES Abadi\u00f1o el d\u00eda del euskera.<\/p><p style=\"text-align: justify;\">A la ma\u00f1ana , de la mano del ayuntamiento de Abadi\u00f1o hemos empezado con el espect\u00e1culo de magia \u201cdemasiadas mentiras\u201d, para despu\u00e9s pasar a tomar cholocate caliente con bizcochos en el recreo. En este reparto, se ha agradecido mucho la colaboraci\u00f3n del alumnado de 4\u00ba curso.<\/p><p style=\"text-align: justify;\">A primera hora tambi\u00e9n, hemos disfrutado de la invitaci\u00f3n del ayuntamiento de Abadi\u00f1o a \u201cLa baxu\u201d, una mujer rapera euskald\u00fan con la que hemos aprendido a diferenciar el Hip-hop del Rap, qu\u00e9 es Popping, el break-dance y el mundo de los graffitis. Al final, hemos escuchado c\u00f3mo rapea.<\/p><p style=\"text-align: justify;\">Entre medio, se han realizado Kahoots apropiados para el d\u00eda en las aulas para a \u00faltima hora volver a Errota a terminar el d\u00eda con una sesi\u00f3n preciosa de Bertsolaris.<\/p><p style=\"text-align: justify;\"><strong>Vivamos en euskera y cuidemos nuestra lengua!<\/strong><\/p><\/div>\n\t\t\t\t<\/div>\n\t\t\t\t<\/div>\n\t\t\t\t<div class=\"elementor-element elementor-element-f23190a elementor-arrows-position-inside elementor-pagination-position-outside elementor-widget elementor-widget-image-carousel\" data-id=\"f23190a\" data-element_type=\"widget\" data-settings=\"{&quot;slides_to_show&quot;:&quot;3&quot;,&quot;autoplay&quot;:&quot;no&quot;,&quot;image_spacing_custom&quot;:{&quot;unit&quot;:&quot;px&quot;,&quot;size&quot;:15,&quot;sizes&quot;:[]},&quot;navigation&quot;:&quot;both&quot;,&quot;infinite&quot;:&quot;yes&quot;,&quot;speed&quot;:500}\" data-widget_type=\"image-carousel.default\">\n\t\t\t\t<div class=\"elementor-widget-container\">\n\t\t\t\t\t<div class=\"elementor-image-carousel-wrapper swiper-container\" dir=\"ltr\">\n\t\t\t<div class=\"elementor-image-carousel swiper-wrapper\">\n\t\t\t\t<div class=\"swiper-slide\"><a data-elementor-open-lightbox=\"yes\" data-elementor-lightbox-slideshow=\"f23190a\" data-elementor-lightbox-title=\"D\u00cdA DEL EUSKERA\" href=\"https:\/\/www.iesabadinobhi.com\/wp-content\/uploads\/2024\/12\/euskara_eguna_2024_10.jpg\"><figure class=\"swiper-slide-inner\"><img decoding=\"async\" class=\"swiper-slide-image\" src=\"https:\/\/www.iesabadinobhi.com\/wp-content\/uploads\/2024\/12\/euskara_eguna_2024_10-400x250.jpg\" alt=\"D\u00cdA DEL EUSKERA\" \/><\/figure><\/a><\/div><div class=\"swiper-slide\"><a data-elementor-open-lightbox=\"yes\" data-elementor-lightbox-slideshow=\"f23190a\" data-elementor-lightbox-title=\"D\u00cdA DEL EUSKERA\" href=\"https:\/\/www.iesabadinobhi.com\/wp-content\/uploads\/2024\/12\/euskara_eguna_2024_11.jpg\"><figure class=\"swiper-slide-inner\"><img decoding=\"async\" class=\"swiper-slide-image\" src=\"https:\/\/www.iesabadinobhi.com\/wp-content\/uploads\/2024\/12\/euskara_eguna_2024_11-400x250.jpg\" alt=\"D\u00cdA DEL EUSKERA\" \/><\/figure><\/a><\/div><div class=\"swiper-slide\"><a data-elementor-open-lightbox=\"yes\" data-elementor-lightbox-slideshow=\"f23190a\" data-elementor-lightbox-title=\"D\u00cdA DEL EUSKERA\" href=\"https:\/\/www.iesabadinobhi.com\/wp-content\/uploads\/2024\/12\/euskara_eguna_2024_02.jpg\"><figure class=\"swiper-slide-inner\"><img decoding=\"async\" class=\"swiper-slide-image\" src=\"https:\/\/www.iesabadinobhi.com\/wp-content\/uploads\/2024\/12\/euskara_eguna_2024_02-400x250.jpg\" alt=\"D\u00cdA DEL EUSKERA\" \/><\/figure><\/a><\/div><div class=\"swiper-slide\"><a data-elementor-open-lightbox=\"yes\" data-elementor-lightbox-slideshow=\"f23190a\" data-elementor-lightbox-title=\"D\u00cdA DEL EUSKERA\" href=\"https:\/\/www.iesabadinobhi.com\/wp-content\/uploads\/2024\/12\/euskara_eguna_2024_03.jpg\"><figure class=\"swiper-slide-inner\"><img decoding=\"async\" class=\"swiper-slide-image\" src=\"https:\/\/www.iesabadinobhi.com\/wp-content\/uploads\/2024\/12\/euskara_eguna_2024_03-400x250.jpg\" alt=\"D\u00cdA DEL EUSKERA\" \/><\/figure><\/a><\/div><div class=\"swiper-slide\"><a data-elementor-open-lightbox=\"yes\" data-elementor-lightbox-slideshow=\"f23190a\" data-elementor-lightbox-title=\"D\u00cdA DEL EUSKERA\" href=\"https:\/\/www.iesabadinobhi.com\/wp-content\/uploads\/2024\/12\/euskara_eguna_2024_04.jpg\"><figure class=\"swiper-slide-inner\"><img decoding=\"async\" class=\"swiper-slide-image\" src=\"https:\/\/www.iesabadinobhi.com\/wp-content\/uploads\/2024\/12\/euskara_eguna_2024_04-400x250.jpg\" alt=\"D\u00cdA DEL EUSKERA\" \/><\/figure><\/a><\/div><div class=\"swiper-slide\"><a data-elementor-open-lightbox=\"yes\" data-elementor-lightbox-slideshow=\"f23190a\" data-elementor-lightbox-title=\"D\u00cdA DEL EUSKERA\" href=\"https:\/\/www.iesabadinobhi.com\/wp-content\/uploads\/2024\/12\/euskara_eguna_2024_05.jpg\"><figure class=\"swiper-slide-inner\"><img decoding=\"async\" class=\"swiper-slide-image\" src=\"https:\/\/www.iesabadinobhi.com\/wp-content\/uploads\/2024\/12\/euskara_eguna_2024_05-400x250.jpg\" alt=\"D\u00cdA DEL EUSKERA\" \/><\/figure><\/a><\/div><div class=\"swiper-slide\"><a data-elementor-open-lightbox=\"yes\" data-elementor-lightbox-slideshow=\"f23190a\" data-elementor-lightbox-title=\"D\u00cdA DEL EUSKERA\" href=\"https:\/\/www.iesabadinobhi.com\/wp-content\/uploads\/2024\/12\/euskara_eguna_2024_06.jpg\"><figure class=\"swiper-slide-inner\"><img decoding=\"async\" class=\"swiper-slide-image\" src=\"https:\/\/www.iesabadinobhi.com\/wp-content\/uploads\/2024\/12\/euskara_eguna_2024_06-400x250.jpg\" alt=\"D\u00cdA DEL EUSKERA\" \/><\/figure><\/a><\/div><div class=\"swiper-slide\"><a data-elementor-open-lightbox=\"yes\" data-elementor-lightbox-slideshow=\"f23190a\" data-elementor-lightbox-title=\"D\u00cdA DEL EUSKERA\" href=\"https:\/\/www.iesabadinobhi.com\/wp-content\/uploads\/2024\/12\/euskara_eguna_2024_07-rotated.jpg\"><figure class=\"swiper-slide-inner\"><img decoding=\"async\" class=\"swiper-slide-image\" src=\"https:\/\/www.iesabadinobhi.com\/wp-content\/uploads\/2024\/12\/euskara_eguna_2024_07-400x250.jpg\" alt=\"D\u00cdA DEL EUSKERA\" \/><\/figure><\/a><\/div><div class=\"swiper-slide\"><a data-elementor-open-lightbox=\"yes\" data-elementor-lightbox-slideshow=\"f23190a\" data-elementor-lightbox-title=\"D\u00cdA DEL EUSKERA\" href=\"https:\/\/www.iesabadinobhi.com\/wp-content\/uploads\/2024\/12\/euskara_eguna_2024_08-rotated.jpg\"><figure class=\"swiper-slide-inner\"><img decoding=\"async\" class=\"swiper-slide-image\" src=\"https:\/\/www.iesabadinobhi.com\/wp-content\/uploads\/2024\/12\/euskara_eguna_2024_08-400x250.jpg\" alt=\"D\u00cdA DEL EUSKERA\" \/><\/figure><\/a><\/div><div class=\"swiper-slide\"><a data-elementor-open-lightbox=\"yes\" data-elementor-lightbox-slideshow=\"f23190a\" data-elementor-lightbox-title=\"D\u00cdA DEL EUSKERA\" href=\"https:\/\/www.iesabadinobhi.com\/wp-content\/uploads\/2024\/12\/euskara_eguna_2024_09.jpg\"><figure class=\"swiper-slide-inner\"><img decoding=\"async\" class=\"swiper-slide-image\" src=\"https:\/\/www.iesabadinobhi.com\/wp-content\/uploads\/2024\/12\/euskara_eguna_2024_09-400x250.jpg\" alt=\"D\u00cdA DEL EUSKERA\" \/><\/figure><\/a><\/div>\t\t\t<\/div>\n\t\t\t\t\t\t\t\t\t\t\t\t<div class=\"swiper-pagination\"><\/div>\n\t\t\t\t\t\t\t\t\t\t\t\t\t<div class=\"elementor-swiper-button elementor-swiper-button-prev\">\n\t\t\t\t\t\t<i class=\"eicon-chevron-left\" aria-hidden=\"true\"><\/i>\n\t\t\t\t\t\t<span class=\"elementor-screen-only\">Anterior<\/span>\n\t\t\t\t\t<\/div>\n\t\t\t\t\t<div class=\"elementor-swiper-button elementor-swiper-button-next\">\n\t\t\t\t\t\t<i class=\"eicon-chevron-right\" aria-hidden=\"true\"><\/i>\n\t\t\t\t\t\t<span class=\"elementor-screen-only\">Siguiente<\/span>\n\t\t\t\t\t<\/div>\n\t\t\t\t\t\t\t\t\t<\/div>\n\t\t\t\t<\/div>\n\t\t\t\t<\/div>\n\t\t\t\t\t\t<\/div>\n\t\t\t\t\t<\/div>\n\t\t<\/div>\n\t\t\t\t\t\t\t\t<\/div>\n\t\t\t\t\t<\/div>\n\t\t<\/section>\n\t\t\t\t\t\t<\/div>\n\t\t\t\t\t\t<\/div>\n\t\t\t\t\t<\/div>\n\t\t","protected":false},"excerpt":{"rendered":"<p>El 3 de diciembre, hemos celebrado en el IES Abadi\u00f1o el d\u00eda del euskera. https:\/\/youtu.be\/_x3gz1MBdBU El 3 de diciembre, hemos celebrado en el IES Abadi\u00f1o el d\u00eda del euskera. A la ma\u00f1ana , de la mano del ayuntamiento de Abadi\u00f1o hemos empezado con el espect\u00e1culo de magia \u201cdemasiadas mentiras\u201d, para&nbsp;<a href=\"https:\/\/www.iesabadinobhi.com\/es\/dia-del-euskera\/\">&hellip;<\/a><\/p>\n","protected":false},"author":1,"featured_media":15053,"comment_status":"closed","ping_status":"closed","sticky":false,"template":"","format":"standard","meta":{"_acf_changed":false,"footnotes":""},"categories":[38],"tags":[],"class_list":["post-15042","post","type-post","status-publish","format-standard","has-post-thumbnail","hentry","category-noticias","odd"],"acf":[],"yoast_head":"<!-- This site is optimized with the Yoast SEO plugin v27.4 - https:\/\/yoast.com\/product\/yoast-seo-wordpress\/ -->\n<title>D\u00cdA DEL EUSKERA - Abadi\u00f1oko Institutua - Instituto de Abadi\u00f1o<\/title>\n<meta name=\"robots\" content=\"index, follow, max-snippet:-1, max-image-preview:large, max-video-preview:-1\" \/>\n<link rel=\"canonical\" href=\"https:\/\/www.iesabadinobhi.com\/es\/dia-del-euskera\/\" \/>\n<meta property=\"og:locale\" content=\"es_ES\" \/>\n<meta property=\"og:type\" content=\"article\" \/>\n<meta property=\"og:title\" content=\"D\u00cdA DEL EUSKERA - Abadi\u00f1oko Institutua - Instituto de Abadi\u00f1o\" \/>\n<meta property=\"og:description\" content=\"El 3 de diciembre, hemos celebrado en el IES Abadi\u00f1o el d\u00eda del euskera. https:\/\/youtu.be\/_x3gz1MBdBU El 3 de diciembre, hemos celebrado en el IES Abadi\u00f1o el d\u00eda del euskera. A la ma\u00f1ana , de la mano del ayuntamiento de Abadi\u00f1o hemos empezado con el espect\u00e1culo de magia \u201cdemasiadas mentiras\u201d, para&nbsp;&hellip;\" \/>\n<meta property=\"og:url\" content=\"https:\/\/www.iesabadinobhi.com\/es\/dia-del-euskera\/\" \/>\n<meta property=\"og:site_name\" content=\"Abadi\u00f1oko Institutua - Instituto de Abadi\u00f1o\" \/>\n<meta property=\"article:published_time\" content=\"2024-12-04T13:47:06+00:00\" \/>\n<meta property=\"article:modified_time\" content=\"2024-12-04T13:51:45+00:00\" \/>\n<meta property=\"og:image\" content=\"https:\/\/www.iesabadinobhi.com\/wp-content\/uploads\/2024\/12\/euskara_eguna_2024_destacada.jpg\" \/>\n\t<meta property=\"og:image:width\" content=\"2000\" \/>\n\t<meta property=\"og:image:height\" content=\"644\" \/>\n\t<meta property=\"og:image:type\" content=\"image\/jpeg\" \/>\n<meta name=\"author\" content=\"komunika\" \/>\n<meta name=\"twitter:card\" content=\"summary_large_image\" \/>\n<meta name=\"twitter:label1\" content=\"Escrito por\" \/>\n\t<meta name=\"twitter:data1\" content=\"komunika\" \/>\n\t<meta name=\"twitter:label2\" content=\"Tiempo de lectura\" \/>\n\t<meta name=\"twitter:data2\" content=\"4 minutos\" \/>\n<script type=\"application\/ld+json\" class=\"yoast-schema-graph\">{\"@context\":\"https:\\\/\\\/schema.org\",\"@graph\":[{\"@type\":\"Article\",\"@id\":\"https:\\\/\\\/www.iesabadinobhi.com\\\/es\\\/dia-del-euskera\\\/#article\",\"isPartOf\":{\"@id\":\"https:\\\/\\\/www.iesabadinobhi.com\\\/es\\\/dia-del-euskera\\\/\"},\"author\":{\"name\":\"komunika\",\"@id\":\"https:\\\/\\\/www.iesabadinobhi.com\\\/#\\\/schema\\\/person\\\/a71a6965234a00ffd67b3fc3c9858cd3\"},\"headline\":\"D\u00cdA DEL EUSKERA\",\"datePublished\":\"2024-12-04T13:47:06+00:00\",\"dateModified\":\"2024-12-04T13:51:45+00:00\",\"mainEntityOfPage\":{\"@id\":\"https:\\\/\\\/www.iesabadinobhi.com\\\/es\\\/dia-del-euskera\\\/\"},\"wordCount\":183,\"publisher\":{\"@id\":\"https:\\\/\\\/www.iesabadinobhi.com\\\/#organization\"},\"image\":{\"@id\":\"https:\\\/\\\/www.iesabadinobhi.com\\\/es\\\/dia-del-euskera\\\/#primaryimage\"},\"thumbnailUrl\":\"https:\\\/\\\/www.iesabadinobhi.com\\\/wp-content\\\/uploads\\\/2024\\\/12\\\/euskara_eguna_2024_destacada.jpg\",\"articleSection\":[\"Noticias\"],\"inLanguage\":\"es\"},{\"@type\":\"WebPage\",\"@id\":\"https:\\\/\\\/www.iesabadinobhi.com\\\/es\\\/dia-del-euskera\\\/\",\"url\":\"https:\\\/\\\/www.iesabadinobhi.com\\\/es\\\/dia-del-euskera\\\/\",\"name\":\"D\u00cdA DEL EUSKERA - Abadi\u00f1oko Institutua - Instituto de Abadi\u00f1o\",\"isPartOf\":{\"@id\":\"https:\\\/\\\/www.iesabadinobhi.com\\\/#website\"},\"primaryImageOfPage\":{\"@id\":\"https:\\\/\\\/www.iesabadinobhi.com\\\/es\\\/dia-del-euskera\\\/#primaryimage\"},\"image\":{\"@id\":\"https:\\\/\\\/www.iesabadinobhi.com\\\/es\\\/dia-del-euskera\\\/#primaryimage\"},\"thumbnailUrl\":\"https:\\\/\\\/www.iesabadinobhi.com\\\/wp-content\\\/uploads\\\/2024\\\/12\\\/euskara_eguna_2024_destacada.jpg\",\"datePublished\":\"2024-12-04T13:47:06+00:00\",\"dateModified\":\"2024-12-04T13:51:45+00:00\",\"breadcrumb\":{\"@id\":\"https:\\\/\\\/www.iesabadinobhi.com\\\/es\\\/dia-del-euskera\\\/#breadcrumb\"},\"inLanguage\":\"es\",\"potentialAction\":[{\"@type\":\"ReadAction\",\"target\":[\"https:\\\/\\\/www.iesabadinobhi.com\\\/es\\\/dia-del-euskera\\\/\"]}]},{\"@type\":\"ImageObject\",\"inLanguage\":\"es\",\"@id\":\"https:\\\/\\\/www.iesabadinobhi.com\\\/es\\\/dia-del-euskera\\\/#primaryimage\",\"url\":\"https:\\\/\\\/www.iesabadinobhi.com\\\/wp-content\\\/uploads\\\/2024\\\/12\\\/euskara_eguna_2024_destacada.jpg\",\"contentUrl\":\"https:\\\/\\\/www.iesabadinobhi.com\\\/wp-content\\\/uploads\\\/2024\\\/12\\\/euskara_eguna_2024_destacada.jpg\",\"width\":2000,\"height\":644,\"caption\":\"EUSKARA EGUNA\"},{\"@type\":\"BreadcrumbList\",\"@id\":\"https:\\\/\\\/www.iesabadinobhi.com\\\/es\\\/dia-del-euskera\\\/#breadcrumb\",\"itemListElement\":[{\"@type\":\"ListItem\",\"position\":1,\"name\":\"Portada\",\"item\":\"https:\\\/\\\/www.iesabadinobhi.com\\\/es\\\/\"},{\"@type\":\"ListItem\",\"position\":2,\"name\":\"D\u00cdA DEL EUSKERA\"}]},{\"@type\":\"WebSite\",\"@id\":\"https:\\\/\\\/www.iesabadinobhi.com\\\/#website\",\"url\":\"https:\\\/\\\/www.iesabadinobhi.com\\\/\",\"name\":\"Abadi\u00f1oko Institutua - Instituto de Abadi\u00f1o\",\"description\":\"Centro p\u00fablico de modelo D para alumnos\\\/as de 12 a 16 a\u00f1os.\",\"publisher\":{\"@id\":\"https:\\\/\\\/www.iesabadinobhi.com\\\/#organization\"},\"potentialAction\":[{\"@type\":\"SearchAction\",\"target\":{\"@type\":\"EntryPoint\",\"urlTemplate\":\"https:\\\/\\\/www.iesabadinobhi.com\\\/?s={search_term_string}\"},\"query-input\":{\"@type\":\"PropertyValueSpecification\",\"valueRequired\":true,\"valueName\":\"search_term_string\"}}],\"inLanguage\":\"es\"},{\"@type\":\"Organization\",\"@id\":\"https:\\\/\\\/www.iesabadinobhi.com\\\/#organization\",\"name\":\"Abadi\u00f1oko Institutua - Instituto de Abadi\u00f1o\",\"url\":\"https:\\\/\\\/www.iesabadinobhi.com\\\/\",\"logo\":{\"@type\":\"ImageObject\",\"inLanguage\":\"es\",\"@id\":\"https:\\\/\\\/www.iesabadinobhi.com\\\/#\\\/schema\\\/logo\\\/image\\\/\",\"url\":\"https:\\\/\\\/www.iesabadinobhi.com\\\/wp-content\\\/uploads\\\/2022\\\/01\\\/logo_abadino_web_25-1.jpg\",\"contentUrl\":\"https:\\\/\\\/www.iesabadinobhi.com\\\/wp-content\\\/uploads\\\/2022\\\/01\\\/logo_abadino_web_25-1.jpg\",\"width\":246,\"height\":234,\"caption\":\"Abadi\u00f1oko Institutua - Instituto de Abadi\u00f1o\"},\"image\":{\"@id\":\"https:\\\/\\\/www.iesabadinobhi.com\\\/#\\\/schema\\\/logo\\\/image\\\/\"},\"sameAs\":[\"https:\\\/\\\/www.youtube.com\\\/channel\\\/UChFI9DF_PiIsiqzblGEpD6Q\"]},{\"@type\":\"Person\",\"@id\":\"https:\\\/\\\/www.iesabadinobhi.com\\\/#\\\/schema\\\/person\\\/a71a6965234a00ffd67b3fc3c9858cd3\",\"name\":\"komunika\",\"image\":{\"@type\":\"ImageObject\",\"inLanguage\":\"es\",\"@id\":\"https:\\\/\\\/secure.gravatar.com\\\/avatar\\\/a22f2ac29ef785448617c06f66acb86e91041eb5ff01e3e6145cdc0af3989762?s=96&d=mm&r=g\",\"url\":\"https:\\\/\\\/secure.gravatar.com\\\/avatar\\\/a22f2ac29ef785448617c06f66acb86e91041eb5ff01e3e6145cdc0af3989762?s=96&d=mm&r=g\",\"contentUrl\":\"https:\\\/\\\/secure.gravatar.com\\\/avatar\\\/a22f2ac29ef785448617c06f66acb86e91041eb5ff01e3e6145cdc0af3989762?s=96&d=mm&r=g\",\"caption\":\"komunika\"},\"sameAs\":[\"http:\\\/\\\/www.iesabadinobhi.com\"],\"url\":\"https:\\\/\\\/www.iesabadinobhi.com\\\/es\\\/author\\\/komunika\\\/\"}]}<\/script>\n<!-- \/ Yoast SEO plugin. -->","yoast_head_json":{"title":"D\u00cdA DEL EUSKERA - Abadi\u00f1oko Institutua - Instituto de Abadi\u00f1o","robots":{"index":"index","follow":"follow","max-snippet":"max-snippet:-1","max-image-preview":"max-image-preview:large","max-video-preview":"max-video-preview:-1"},"canonical":"https:\/\/www.iesabadinobhi.com\/es\/dia-del-euskera\/","og_locale":"es_ES","og_type":"article","og_title":"D\u00cdA DEL EUSKERA - Abadi\u00f1oko Institutua - Instituto de Abadi\u00f1o","og_description":"El 3 de diciembre, hemos celebrado en el IES Abadi\u00f1o el d\u00eda del euskera. https:\/\/youtu.be\/_x3gz1MBdBU El 3 de diciembre, hemos celebrado en el IES Abadi\u00f1o el d\u00eda del euskera. A la ma\u00f1ana , de la mano del ayuntamiento de Abadi\u00f1o hemos empezado con el espect\u00e1culo de magia \u201cdemasiadas mentiras\u201d, para&nbsp;&hellip;","og_url":"https:\/\/www.iesabadinobhi.com\/es\/dia-del-euskera\/","og_site_name":"Abadi\u00f1oko Institutua - Instituto de Abadi\u00f1o","article_published_time":"2024-12-04T13:47:06+00:00","article_modified_time":"2024-12-04T13:51:45+00:00","og_image":[{"width":2000,"height":644,"url":"https:\/\/www.iesabadinobhi.com\/wp-content\/uploads\/2024\/12\/euskara_eguna_2024_destacada.jpg","type":"image\/jpeg"}],"author":"komunika","twitter_card":"summary_large_image","twitter_misc":{"Escrito por":"komunika","Tiempo de lectura":"4 minutos"},"schema":{"@context":"https:\/\/schema.org","@graph":[{"@type":"Article","@id":"https:\/\/www.iesabadinobhi.com\/es\/dia-del-euskera\/#article","isPartOf":{"@id":"https:\/\/www.iesabadinobhi.com\/es\/dia-del-euskera\/"},"author":{"name":"komunika","@id":"https:\/\/www.iesabadinobhi.com\/#\/schema\/person\/a71a6965234a00ffd67b3fc3c9858cd3"},"headline":"D\u00cdA DEL EUSKERA","datePublished":"2024-12-04T13:47:06+00:00","dateModified":"2024-12-04T13:51:45+00:00","mainEntityOfPage":{"@id":"https:\/\/www.iesabadinobhi.com\/es\/dia-del-euskera\/"},"wordCount":183,"publisher":{"@id":"https:\/\/www.iesabadinobhi.com\/#organization"},"image":{"@id":"https:\/\/www.iesabadinobhi.com\/es\/dia-del-euskera\/#primaryimage"},"thumbnailUrl":"https:\/\/www.iesabadinobhi.com\/wp-content\/uploads\/2024\/12\/euskara_eguna_2024_destacada.jpg","articleSection":["Noticias"],"inLanguage":"es"},{"@type":"WebPage","@id":"https:\/\/www.iesabadinobhi.com\/es\/dia-del-euskera\/","url":"https:\/\/www.iesabadinobhi.com\/es\/dia-del-euskera\/","name":"D\u00cdA DEL EUSKERA - Abadi\u00f1oko Institutua - Instituto de Abadi\u00f1o","isPartOf":{"@id":"https:\/\/www.iesabadinobhi.com\/#website"},"primaryImageOfPage":{"@id":"https:\/\/www.iesabadinobhi.com\/es\/dia-del-euskera\/#primaryimage"},"image":{"@id":"https:\/\/www.iesabadinobhi.com\/es\/dia-del-euskera\/#primaryimage"},"thumbnailUrl":"https:\/\/www.iesabadinobhi.com\/wp-content\/uploads\/2024\/12\/euskara_eguna_2024_destacada.jpg","datePublished":"2024-12-04T13:47:06+00:00","dateModified":"2024-12-04T13:51:45+00:00","breadcrumb":{"@id":"https:\/\/www.iesabadinobhi.com\/es\/dia-del-euskera\/#breadcrumb"},"inLanguage":"es","potentialAction":[{"@type":"ReadAction","target":["https:\/\/www.iesabadinobhi.com\/es\/dia-del-euskera\/"]}]},{"@type":"ImageObject","inLanguage":"es","@id":"https:\/\/www.iesabadinobhi.com\/es\/dia-del-euskera\/#primaryimage","url":"https:\/\/www.iesabadinobhi.com\/wp-content\/uploads\/2024\/12\/euskara_eguna_2024_destacada.jpg","contentUrl":"https:\/\/www.iesabadinobhi.com\/wp-content\/uploads\/2024\/12\/euskara_eguna_2024_destacada.jpg","width":2000,"height":644,"caption":"EUSKARA EGUNA"},{"@type":"BreadcrumbList","@id":"https:\/\/www.iesabadinobhi.com\/es\/dia-del-euskera\/#breadcrumb","itemListElement":[{"@type":"ListItem","position":1,"name":"Portada","item":"https:\/\/www.iesabadinobhi.com\/es\/"},{"@type":"ListItem","position":2,"name":"D\u00cdA DEL EUSKERA"}]},{"@type":"WebSite","@id":"https:\/\/www.iesabadinobhi.com\/#website","url":"https:\/\/www.iesabadinobhi.com\/","name":"Abadi\u00f1oko Institutua - Instituto de Abadi\u00f1o","description":"Centro p\u00fablico de modelo D para alumnos\/as de 12 a 16 a\u00f1os.","publisher":{"@id":"https:\/\/www.iesabadinobhi.com\/#organization"},"potentialAction":[{"@type":"SearchAction","target":{"@type":"EntryPoint","urlTemplate":"https:\/\/www.iesabadinobhi.com\/?s={search_term_string}"},"query-input":{"@type":"PropertyValueSpecification","valueRequired":true,"valueName":"search_term_string"}}],"inLanguage":"es"},{"@type":"Organization","@id":"https:\/\/www.iesabadinobhi.com\/#organization","name":"Abadi\u00f1oko Institutua - Instituto de Abadi\u00f1o","url":"https:\/\/www.iesabadinobhi.com\/","logo":{"@type":"ImageObject","inLanguage":"es","@id":"https:\/\/www.iesabadinobhi.com\/#\/schema\/logo\/image\/","url":"https:\/\/www.iesabadinobhi.com\/wp-content\/uploads\/2022\/01\/logo_abadino_web_25-1.jpg","contentUrl":"https:\/\/www.iesabadinobhi.com\/wp-content\/uploads\/2022\/01\/logo_abadino_web_25-1.jpg","width":246,"height":234,"caption":"Abadi\u00f1oko Institutua - Instituto de Abadi\u00f1o"},"image":{"@id":"https:\/\/www.iesabadinobhi.com\/#\/schema\/logo\/image\/"},"sameAs":["https:\/\/www.youtube.com\/channel\/UChFI9DF_PiIsiqzblGEpD6Q"]},{"@type":"Person","@id":"https:\/\/www.iesabadinobhi.com\/#\/schema\/person\/a71a6965234a00ffd67b3fc3c9858cd3","name":"komunika","image":{"@type":"ImageObject","inLanguage":"es","@id":"https:\/\/secure.gravatar.com\/avatar\/a22f2ac29ef785448617c06f66acb86e91041eb5ff01e3e6145cdc0af3989762?s=96&d=mm&r=g","url":"https:\/\/secure.gravatar.com\/avatar\/a22f2ac29ef785448617c06f66acb86e91041eb5ff01e3e6145cdc0af3989762?s=96&d=mm&r=g","contentUrl":"https:\/\/secure.gravatar.com\/avatar\/a22f2ac29ef785448617c06f66acb86e91041eb5ff01e3e6145cdc0af3989762?s=96&d=mm&r=g","caption":"komunika"},"sameAs":["http:\/\/www.iesabadinobhi.com"],"url":"https:\/\/www.iesabadinobhi.com\/es\/author\/komunika\/"}]}},"_links":{"self":[{"href":"https:\/\/www.iesabadinobhi.com\/es\/wp-json\/wp\/v2\/posts\/15042","targetHints":{"allow":["GET"]}}],"collection":[{"href":"https:\/\/www.iesabadinobhi.com\/es\/wp-json\/wp\/v2\/posts"}],"about":[{"href":"https:\/\/www.iesabadinobhi.com\/es\/wp-json\/wp\/v2\/types\/post"}],"author":[{"embeddable":true,"href":"https:\/\/www.iesabadinobhi.com\/es\/wp-json\/wp\/v2\/users\/1"}],"replies":[{"embeddable":true,"href":"https:\/\/www.iesabadinobhi.com\/es\/wp-json\/wp\/v2\/comments?post=15042"}],"version-history":[{"count":10,"href":"https:\/\/www.iesabadinobhi.com\/es\/wp-json\/wp\/v2\/posts\/15042\/revisions"}],"predecessor-version":[{"id":15069,"href":"https:\/\/www.iesabadinobhi.com\/es\/wp-json\/wp\/v2\/posts\/15042\/revisions\/15069"}],"wp:featuredmedia":[{"embeddable":true,"href":"https:\/\/www.iesabadinobhi.com\/es\/wp-json\/wp\/v2\/media\/15053"}],"wp:attachment":[{"href":"https:\/\/www.iesabadinobhi.com\/es\/wp-json\/wp\/v2\/media?parent=15042"}],"wp:term":[{"taxonomy":"category","embeddable":true,"href":"https:\/\/www.iesabadinobhi.com\/es\/wp-json\/wp\/v2\/categories?post=15042"},{"taxonomy":"post_tag","embeddable":true,"href":"https:\/\/www.iesabadinobhi.com\/es\/wp-json\/wp\/v2\/tags?post=15042"}],"curies":[{"name":"wp","href":"https:\/\/api.w.org\/{rel}","templated":true}]}}