  {"id":14920,"date":"2024-11-25T13:12:01","date_gmt":"2024-11-25T12:12:01","guid":{"rendered":"https:\/\/www.iesabadinobhi.com\/?p=14920"},"modified":"2024-11-25T13:15:11","modified_gmt":"2024-11-25T12:15:11","slug":"im-bizi-2024-encuentro-de-orientacion-academica-y-profesional-de-jovenes","status":"publish","type":"post","link":"https:\/\/www.iesabadinobhi.com\/es\/im-bizi-2024-encuentro-de-orientacion-academica-y-profesional-de-jovenes\/","title":{"rendered":"I&#8217;M BIZI 2024, ENCUENTRO DE ORIENTACI\u00d3N ACAD\u00c9MICA Y PROFESIONAL DE J\u00d3VENES."},"content":{"rendered":"\t\t<div data-elementor-type=\"wp-post\" data-elementor-id=\"14920\" class=\"elementor elementor-14920 elementor-14919\" data-elementor-settings=\"[]\">\n\t\t\t\t\t\t<div class=\"elementor-inner\">\n\t\t\t\t\t\t\t<div class=\"elementor-section-wrap\">\n\t\t\t\t\t\t\t<section class=\"elementor-section elementor-top-section elementor-element elementor-element-79ff05d2 elementor-section-boxed elementor-section-height-default elementor-section-height-default\" data-id=\"79ff05d2\" data-element_type=\"section\">\n\t\t\t\t\t\t<div class=\"elementor-container elementor-column-gap-default\">\n\t\t\t\t\t\t\t<div class=\"elementor-row\">\n\t\t\t\t\t<div class=\"elementor-column elementor-col-100 elementor-top-column elementor-element elementor-element-4e1b8e4f\" data-id=\"4e1b8e4f\" data-element_type=\"column\">\n\t\t\t<div class=\"elementor-column-wrap elementor-element-populated\">\n\t\t\t\t\t\t\t<div class=\"elementor-widget-wrap\">\n\t\t\t\t\t\t<div class=\"elementor-element elementor-element-1a47996 elementor-widget elementor-widget-image\" data-id=\"1a47996\" data-element_type=\"widget\" data-widget_type=\"image.default\">\n\t\t\t\t<div class=\"elementor-widget-container\">\n\t\t\t\t\t<div class=\"elementor-image\">\n\t\t\t\t\t\t\t\t\t\t\t<a href=\"https:\/\/www.iesabadinobhi.com\/wp-content\/uploads\/2024\/11\/im_bizi_argazkia_00.jpg\" data-elementor-open-lightbox=\"yes\" data-elementor-lightbox-title=\"I&#039;m BIZI 2024, encuentro de orientaci\u00f3n acad\u00e9mica y profesional de j\u00f3venes.\">\n\t\t\t\t\t\t\t<img loading=\"lazy\" decoding=\"async\" width=\"533\" height=\"370\" src=\"https:\/\/www.iesabadinobhi.com\/wp-content\/uploads\/2024\/11\/im_bizi_argazkia_00.jpg\" class=\"attachment-ed-school-featured-image size-ed-school-featured-image\" alt=\"I&#039;m BIZI 2024, encuentro de orientaci\u00f3n acad\u00e9mica y profesional de j\u00f3venes.\" srcset=\"https:\/\/www.iesabadinobhi.com\/wp-content\/uploads\/2024\/11\/im_bizi_argazkia_00.jpg 533w, https:\/\/www.iesabadinobhi.com\/wp-content\/uploads\/2024\/11\/im_bizi_argazkia_00-500x347.jpg 500w, https:\/\/www.iesabadinobhi.com\/wp-content\/uploads\/2024\/11\/im_bizi_argazkia_00-150x104.jpg 150w\" sizes=\"auto, (max-width: 533px) 100vw, 533px\" \/>\t\t\t\t\t\t\t\t<\/a>\n\t\t\t\t\t\t\t\t\t\t\t<\/div>\n\t\t\t\t<\/div>\n\t\t\t\t<\/div>\n\t\t\t\t<div class=\"elementor-element elementor-element-153dc1c5 elementor-widget elementor-widget-text-editor\" data-id=\"153dc1c5\" data-element_type=\"widget\" data-widget_type=\"text-editor.default\">\n\t\t\t\t<div class=\"elementor-widget-container\">\n\t\t\t\t\t<div class=\"elementor-text-editor elementor-clearfix\"><p>Los d\u00edas 21 y 22 de noviembre se celebr\u00f3 en el front\u00f3n Zelaieta de Amorebieta-Etxano el encuentro &#8220;I &#8216;m Bizi&#8221;. All\u00ed, en la primera jornada, los alumnos de 4\u00ba de ESO del instituto Abadi\u00f1o compartieron con alumnos de otros centros de la comarca dudas, preguntas, oportunidades, etc. relacionadas con su futuro. Pasaron la ma\u00f1ana conociendo las experiencias de trabajo de los invitados especiales y realizando diferentes din\u00e1micas a trav\u00e9s del trabajo en equipo, con la ayuda de la inteligencia artificial denominada Bizi.<\/p><\/div>\n\t\t\t\t<\/div>\n\t\t\t\t<\/div>\n\t\t\t\t<div class=\"elementor-element elementor-element-f23190a elementor-arrows-position-inside elementor-pagination-position-outside elementor-widget elementor-widget-image-carousel\" data-id=\"f23190a\" data-element_type=\"widget\" data-settings=\"{&quot;slides_to_show&quot;:&quot;3&quot;,&quot;autoplay&quot;:&quot;no&quot;,&quot;image_spacing_custom&quot;:{&quot;unit&quot;:&quot;px&quot;,&quot;size&quot;:15,&quot;sizes&quot;:[]},&quot;navigation&quot;:&quot;both&quot;,&quot;infinite&quot;:&quot;yes&quot;,&quot;speed&quot;:500}\" data-widget_type=\"image-carousel.default\">\n\t\t\t\t<div class=\"elementor-widget-container\">\n\t\t\t\t\t<div class=\"elementor-image-carousel-wrapper swiper-container\" dir=\"ltr\">\n\t\t\t<div class=\"elementor-image-carousel swiper-wrapper\">\n\t\t\t\t<div class=\"swiper-slide\"><a data-elementor-open-lightbox=\"yes\" data-elementor-lightbox-slideshow=\"f23190a\" data-elementor-lightbox-title=\"I&#039;m BIZI 2024, encuentro de orientaci\u00f3n acad\u00e9mica y profesional de j\u00f3venes.\" href=\"https:\/\/www.iesabadinobhi.com\/wp-content\/uploads\/2024\/11\/im_bizi_argazkia_01.jpg\"><figure class=\"swiper-slide-inner\"><img decoding=\"async\" class=\"swiper-slide-image\" src=\"https:\/\/www.iesabadinobhi.com\/wp-content\/uploads\/2024\/11\/im_bizi_argazkia_01-400x250.jpg\" alt=\"I&#039;m BIZI 2024, encuentro de orientaci\u00f3n acad\u00e9mica y profesional de j\u00f3venes.\" \/><\/figure><\/a><\/div><div class=\"swiper-slide\"><a data-elementor-open-lightbox=\"yes\" data-elementor-lightbox-slideshow=\"f23190a\" data-elementor-lightbox-title=\"I&#039;m BIZI 2024, encuentro de orientaci\u00f3n acad\u00e9mica y profesional de j\u00f3venes.\" href=\"https:\/\/www.iesabadinobhi.com\/wp-content\/uploads\/2024\/11\/im_bizi_argazkia_02.jpg\"><figure class=\"swiper-slide-inner\"><img decoding=\"async\" class=\"swiper-slide-image\" src=\"https:\/\/www.iesabadinobhi.com\/wp-content\/uploads\/2024\/11\/im_bizi_argazkia_02-400x250.jpg\" alt=\"I&#039;m BIZI 2024, encuentro de orientaci\u00f3n acad\u00e9mica y profesional de j\u00f3venes.\" \/><\/figure><\/a><\/div><div class=\"swiper-slide\"><a data-elementor-open-lightbox=\"yes\" data-elementor-lightbox-slideshow=\"f23190a\" data-elementor-lightbox-title=\"I&#039;m BIZI 2024, encuentro de orientaci\u00f3n acad\u00e9mica y profesional de j\u00f3venes.\" href=\"https:\/\/www.iesabadinobhi.com\/wp-content\/uploads\/2024\/11\/im_bizi_argazkia_03.jpg\"><figure class=\"swiper-slide-inner\"><img decoding=\"async\" class=\"swiper-slide-image\" src=\"https:\/\/www.iesabadinobhi.com\/wp-content\/uploads\/2024\/11\/im_bizi_argazkia_03-400x250.jpg\" alt=\"I&#039;m BIZI 2024, encuentro de orientaci\u00f3n acad\u00e9mica y profesional de j\u00f3venes.\" \/><\/figure><\/a><\/div><div class=\"swiper-slide\"><a data-elementor-open-lightbox=\"yes\" data-elementor-lightbox-slideshow=\"f23190a\" data-elementor-lightbox-title=\"I&#039;m BIZI 2024, encuentro de orientaci\u00f3n acad\u00e9mica y profesional de j\u00f3venes.\" href=\"https:\/\/www.iesabadinobhi.com\/wp-content\/uploads\/2024\/11\/im_bizi_argazkia_04.jpg\"><figure class=\"swiper-slide-inner\"><img decoding=\"async\" class=\"swiper-slide-image\" src=\"https:\/\/www.iesabadinobhi.com\/wp-content\/uploads\/2024\/11\/im_bizi_argazkia_04-400x250.jpg\" alt=\"I&#039;m BIZI 2024, encuentro de orientaci\u00f3n acad\u00e9mica y profesional de j\u00f3venes.\" \/><\/figure><\/a><\/div><div class=\"swiper-slide\"><a data-elementor-open-lightbox=\"yes\" data-elementor-lightbox-slideshow=\"f23190a\" data-elementor-lightbox-title=\"I&#039;m BIZI 2024, encuentro de orientaci\u00f3n acad\u00e9mica y profesional de j\u00f3venes.\" href=\"https:\/\/www.iesabadinobhi.com\/wp-content\/uploads\/2024\/11\/im_bizi_argazkia_05.jpg\"><figure class=\"swiper-slide-inner\"><img decoding=\"async\" class=\"swiper-slide-image\" src=\"https:\/\/www.iesabadinobhi.com\/wp-content\/uploads\/2024\/11\/im_bizi_argazkia_05-400x250.jpg\" alt=\"I&#039;m BIZI 2024, encuentro de orientaci\u00f3n acad\u00e9mica y profesional de j\u00f3venes.\" \/><\/figure><\/a><\/div><div class=\"swiper-slide\"><a data-elementor-open-lightbox=\"yes\" data-elementor-lightbox-slideshow=\"f23190a\" data-elementor-lightbox-title=\"I&#039;m BIZI 2024, encuentro de orientaci\u00f3n acad\u00e9mica y profesional de j\u00f3venes.\" href=\"https:\/\/www.iesabadinobhi.com\/wp-content\/uploads\/2024\/11\/im_bizi_argazkia_06.jpg\"><figure class=\"swiper-slide-inner\"><img decoding=\"async\" class=\"swiper-slide-image\" src=\"https:\/\/www.iesabadinobhi.com\/wp-content\/uploads\/2024\/11\/im_bizi_argazkia_06-400x250.jpg\" alt=\"I&#039;m BIZI 2024, encuentro de orientaci\u00f3n acad\u00e9mica y profesional de j\u00f3venes.\" \/><\/figure><\/a><\/div><div class=\"swiper-slide\"><a data-elementor-open-lightbox=\"yes\" data-elementor-lightbox-slideshow=\"f23190a\" data-elementor-lightbox-title=\"I&#039;m BIZI 2024, encuentro de orientaci\u00f3n acad\u00e9mica y profesional de j\u00f3venes.\" href=\"https:\/\/www.iesabadinobhi.com\/wp-content\/uploads\/2024\/11\/im_bizi_argazkia_07.jpg\"><figure class=\"swiper-slide-inner\"><img decoding=\"async\" class=\"swiper-slide-image\" src=\"https:\/\/www.iesabadinobhi.com\/wp-content\/uploads\/2024\/11\/im_bizi_argazkia_07-400x250.jpg\" alt=\"I&#039;m BIZI 2024, encuentro de orientaci\u00f3n acad\u00e9mica y profesional de j\u00f3venes.\" \/><\/figure><\/a><\/div>\t\t\t<\/div>\n\t\t\t\t\t\t\t\t\t\t\t\t<div class=\"swiper-pagination\"><\/div>\n\t\t\t\t\t\t\t\t\t\t\t\t\t<div class=\"elementor-swiper-button elementor-swiper-button-prev\">\n\t\t\t\t\t\t<i class=\"eicon-chevron-left\" aria-hidden=\"true\"><\/i>\n\t\t\t\t\t\t<span class=\"elementor-screen-only\">Anterior<\/span>\n\t\t\t\t\t<\/div>\n\t\t\t\t\t<div class=\"elementor-swiper-button elementor-swiper-button-next\">\n\t\t\t\t\t\t<i class=\"eicon-chevron-right\" aria-hidden=\"true\"><\/i>\n\t\t\t\t\t\t<span class=\"elementor-screen-only\">Siguiente<\/span>\n\t\t\t\t\t<\/div>\n\t\t\t\t\t\t\t\t\t<\/div>\n\t\t\t\t<\/div>\n\t\t\t\t<\/div>\n\t\t\t\t\t\t<\/div>\n\t\t\t\t\t<\/div>\n\t\t<\/div>\n\t\t\t\t\t\t\t\t<\/div>\n\t\t\t\t\t<\/div>\n\t\t<\/section>\n\t\t\t\t\t\t<\/div>\n\t\t\t\t\t\t<\/div>\n\t\t\t\t\t<\/div>\n\t\t","protected":false},"excerpt":{"rendered":"<p>Los d\u00edas 21 y 22 de noviembre se celebr\u00f3 en el front\u00f3n Zelaieta de Amorebieta-Etxano el encuentro &#8220;I &#8216;m Bizi&#8221;. All\u00ed, en la primera jornada, los alumnos de 4\u00ba de ESO del instituto Abadi\u00f1o compartieron con alumnos de otros centros de la comarca dudas, preguntas, oportunidades, etc. relacionadas con su&nbsp;<a href=\"https:\/\/www.iesabadinobhi.com\/es\/im-bizi-2024-encuentro-de-orientacion-academica-y-profesional-de-jovenes\/\">&hellip;<\/a><\/p>\n","protected":false},"author":1,"featured_media":14930,"comment_status":"closed","ping_status":"closed","sticky":false,"template":"","format":"standard","meta":{"_acf_changed":false,"footnotes":""},"categories":[38],"tags":[],"class_list":["post-14920","post","type-post","status-publish","format-standard","has-post-thumbnail","hentry","category-noticias","odd"],"acf":[],"yoast_head":"<!-- This site is optimized with the Yoast SEO plugin v27.4 - https:\/\/yoast.com\/product\/yoast-seo-wordpress\/ -->\n<title>I&#039;M BIZI 2024, ENCUENTRO DE ORIENTACI\u00d3N ACAD\u00c9MICA Y PROFESIONAL DE J\u00d3VENES. - Abadi\u00f1oko Institutua - Instituto de Abadi\u00f1o<\/title>\n<meta name=\"robots\" content=\"index, follow, max-snippet:-1, max-image-preview:large, max-video-preview:-1\" \/>\n<link rel=\"canonical\" href=\"https:\/\/www.iesabadinobhi.com\/es\/im-bizi-2024-encuentro-de-orientacion-academica-y-profesional-de-jovenes\/\" \/>\n<meta property=\"og:locale\" content=\"es_ES\" \/>\n<meta property=\"og:type\" content=\"article\" \/>\n<meta property=\"og:title\" content=\"I&#039;M BIZI 2024, ENCUENTRO DE ORIENTACI\u00d3N ACAD\u00c9MICA Y PROFESIONAL DE J\u00d3VENES. - Abadi\u00f1oko Institutua - Instituto de Abadi\u00f1o\" \/>\n<meta property=\"og:description\" content=\"Los d\u00edas 21 y 22 de noviembre se celebr\u00f3 en el front\u00f3n Zelaieta de Amorebieta-Etxano el encuentro &#8220;I &#8216;m Bizi&#8221;. All\u00ed, en la primera jornada, los alumnos de 4\u00ba de ESO del instituto Abadi\u00f1o compartieron con alumnos de otros centros de la comarca dudas, preguntas, oportunidades, etc. relacionadas con su&nbsp;&hellip;\" \/>\n<meta property=\"og:url\" content=\"https:\/\/www.iesabadinobhi.com\/es\/im-bizi-2024-encuentro-de-orientacion-academica-y-profesional-de-jovenes\/\" \/>\n<meta property=\"og:site_name\" content=\"Abadi\u00f1oko Institutua - Instituto de Abadi\u00f1o\" \/>\n<meta property=\"article:published_time\" content=\"2024-11-25T12:12:01+00:00\" \/>\n<meta property=\"article:modified_time\" content=\"2024-11-25T12:15:11+00:00\" \/>\n<meta property=\"og:image\" content=\"https:\/\/www.iesabadinobhi.com\/wp-content\/uploads\/2024\/11\/im_bizi_argazkia_00_thumb.jpg\" \/>\n\t<meta property=\"og:image:width\" content=\"533\" \/>\n\t<meta property=\"og:image:height\" content=\"280\" \/>\n\t<meta property=\"og:image:type\" content=\"image\/jpeg\" \/>\n<meta name=\"author\" content=\"komunika\" \/>\n<meta name=\"twitter:card\" content=\"summary_large_image\" \/>\n<meta name=\"twitter:label1\" content=\"Escrito por\" \/>\n\t<meta name=\"twitter:data1\" content=\"komunika\" \/>\n\t<meta name=\"twitter:label2\" content=\"Tiempo de lectura\" \/>\n\t<meta name=\"twitter:data2\" content=\"4 minutos\" \/>\n<script type=\"application\/ld+json\" class=\"yoast-schema-graph\">{\"@context\":\"https:\\\/\\\/schema.org\",\"@graph\":[{\"@type\":\"Article\",\"@id\":\"https:\\\/\\\/www.iesabadinobhi.com\\\/es\\\/im-bizi-2024-encuentro-de-orientacion-academica-y-profesional-de-jovenes\\\/#article\",\"isPartOf\":{\"@id\":\"https:\\\/\\\/www.iesabadinobhi.com\\\/es\\\/im-bizi-2024-encuentro-de-orientacion-academica-y-profesional-de-jovenes\\\/\"},\"author\":{\"name\":\"komunika\",\"@id\":\"https:\\\/\\\/www.iesabadinobhi.com\\\/#\\\/schema\\\/person\\\/a71a6965234a00ffd67b3fc3c9858cd3\"},\"headline\":\"I&#8217;M BIZI 2024, ENCUENTRO DE ORIENTACI\u00d3N ACAD\u00c9MICA Y PROFESIONAL DE J\u00d3VENES.\",\"datePublished\":\"2024-11-25T12:12:01+00:00\",\"dateModified\":\"2024-11-25T12:15:11+00:00\",\"mainEntityOfPage\":{\"@id\":\"https:\\\/\\\/www.iesabadinobhi.com\\\/es\\\/im-bizi-2024-encuentro-de-orientacion-academica-y-profesional-de-jovenes\\\/\"},\"wordCount\":101,\"publisher\":{\"@id\":\"https:\\\/\\\/www.iesabadinobhi.com\\\/#organization\"},\"image\":{\"@id\":\"https:\\\/\\\/www.iesabadinobhi.com\\\/es\\\/im-bizi-2024-encuentro-de-orientacion-academica-y-profesional-de-jovenes\\\/#primaryimage\"},\"thumbnailUrl\":\"https:\\\/\\\/www.iesabadinobhi.com\\\/wp-content\\\/uploads\\\/2024\\\/11\\\/im_bizi_argazkia_00_thumb.jpg\",\"articleSection\":[\"Noticias\"],\"inLanguage\":\"es\"},{\"@type\":\"WebPage\",\"@id\":\"https:\\\/\\\/www.iesabadinobhi.com\\\/es\\\/im-bizi-2024-encuentro-de-orientacion-academica-y-profesional-de-jovenes\\\/\",\"url\":\"https:\\\/\\\/www.iesabadinobhi.com\\\/es\\\/im-bizi-2024-encuentro-de-orientacion-academica-y-profesional-de-jovenes\\\/\",\"name\":\"I'M BIZI 2024, ENCUENTRO DE ORIENTACI\u00d3N ACAD\u00c9MICA Y PROFESIONAL DE J\u00d3VENES. - Abadi\u00f1oko Institutua - Instituto de Abadi\u00f1o\",\"isPartOf\":{\"@id\":\"https:\\\/\\\/www.iesabadinobhi.com\\\/#website\"},\"primaryImageOfPage\":{\"@id\":\"https:\\\/\\\/www.iesabadinobhi.com\\\/es\\\/im-bizi-2024-encuentro-de-orientacion-academica-y-profesional-de-jovenes\\\/#primaryimage\"},\"image\":{\"@id\":\"https:\\\/\\\/www.iesabadinobhi.com\\\/es\\\/im-bizi-2024-encuentro-de-orientacion-academica-y-profesional-de-jovenes\\\/#primaryimage\"},\"thumbnailUrl\":\"https:\\\/\\\/www.iesabadinobhi.com\\\/wp-content\\\/uploads\\\/2024\\\/11\\\/im_bizi_argazkia_00_thumb.jpg\",\"datePublished\":\"2024-11-25T12:12:01+00:00\",\"dateModified\":\"2024-11-25T12:15:11+00:00\",\"breadcrumb\":{\"@id\":\"https:\\\/\\\/www.iesabadinobhi.com\\\/es\\\/im-bizi-2024-encuentro-de-orientacion-academica-y-profesional-de-jovenes\\\/#breadcrumb\"},\"inLanguage\":\"es\",\"potentialAction\":[{\"@type\":\"ReadAction\",\"target\":[\"https:\\\/\\\/www.iesabadinobhi.com\\\/es\\\/im-bizi-2024-encuentro-de-orientacion-academica-y-profesional-de-jovenes\\\/\"]}]},{\"@type\":\"ImageObject\",\"inLanguage\":\"es\",\"@id\":\"https:\\\/\\\/www.iesabadinobhi.com\\\/es\\\/im-bizi-2024-encuentro-de-orientacion-academica-y-profesional-de-jovenes\\\/#primaryimage\",\"url\":\"https:\\\/\\\/www.iesabadinobhi.com\\\/wp-content\\\/uploads\\\/2024\\\/11\\\/im_bizi_argazkia_00_thumb.jpg\",\"contentUrl\":\"https:\\\/\\\/www.iesabadinobhi.com\\\/wp-content\\\/uploads\\\/2024\\\/11\\\/im_bizi_argazkia_00_thumb.jpg\",\"width\":533,\"height\":280,\"caption\":\"I\u00b4m BIZI 2024, gazteen orientazio akademiko eta profesionalerako topaketa\"},{\"@type\":\"BreadcrumbList\",\"@id\":\"https:\\\/\\\/www.iesabadinobhi.com\\\/es\\\/im-bizi-2024-encuentro-de-orientacion-academica-y-profesional-de-jovenes\\\/#breadcrumb\",\"itemListElement\":[{\"@type\":\"ListItem\",\"position\":1,\"name\":\"Portada\",\"item\":\"https:\\\/\\\/www.iesabadinobhi.com\\\/es\\\/\"},{\"@type\":\"ListItem\",\"position\":2,\"name\":\"I&#8217;M BIZI 2024, ENCUENTRO DE ORIENTACI\u00d3N ACAD\u00c9MICA Y PROFESIONAL DE J\u00d3VENES.\"}]},{\"@type\":\"WebSite\",\"@id\":\"https:\\\/\\\/www.iesabadinobhi.com\\\/#website\",\"url\":\"https:\\\/\\\/www.iesabadinobhi.com\\\/\",\"name\":\"Abadi\u00f1oko Institutua - Instituto de Abadi\u00f1o\",\"description\":\"Centro p\u00fablico de modelo D para alumnos\\\/as de 12 a 16 a\u00f1os.\",\"publisher\":{\"@id\":\"https:\\\/\\\/www.iesabadinobhi.com\\\/#organization\"},\"potentialAction\":[{\"@type\":\"SearchAction\",\"target\":{\"@type\":\"EntryPoint\",\"urlTemplate\":\"https:\\\/\\\/www.iesabadinobhi.com\\\/?s={search_term_string}\"},\"query-input\":{\"@type\":\"PropertyValueSpecification\",\"valueRequired\":true,\"valueName\":\"search_term_string\"}}],\"inLanguage\":\"es\"},{\"@type\":\"Organization\",\"@id\":\"https:\\\/\\\/www.iesabadinobhi.com\\\/#organization\",\"name\":\"Abadi\u00f1oko Institutua - Instituto de Abadi\u00f1o\",\"url\":\"https:\\\/\\\/www.iesabadinobhi.com\\\/\",\"logo\":{\"@type\":\"ImageObject\",\"inLanguage\":\"es\",\"@id\":\"https:\\\/\\\/www.iesabadinobhi.com\\\/#\\\/schema\\\/logo\\\/image\\\/\",\"url\":\"https:\\\/\\\/www.iesabadinobhi.com\\\/wp-content\\\/uploads\\\/2022\\\/01\\\/logo_abadino_web_25-1.jpg\",\"contentUrl\":\"https:\\\/\\\/www.iesabadinobhi.com\\\/wp-content\\\/uploads\\\/2022\\\/01\\\/logo_abadino_web_25-1.jpg\",\"width\":246,\"height\":234,\"caption\":\"Abadi\u00f1oko Institutua - Instituto de Abadi\u00f1o\"},\"image\":{\"@id\":\"https:\\\/\\\/www.iesabadinobhi.com\\\/#\\\/schema\\\/logo\\\/image\\\/\"},\"sameAs\":[\"https:\\\/\\\/www.youtube.com\\\/channel\\\/UChFI9DF_PiIsiqzblGEpD6Q\"]},{\"@type\":\"Person\",\"@id\":\"https:\\\/\\\/www.iesabadinobhi.com\\\/#\\\/schema\\\/person\\\/a71a6965234a00ffd67b3fc3c9858cd3\",\"name\":\"komunika\",\"image\":{\"@type\":\"ImageObject\",\"inLanguage\":\"es\",\"@id\":\"https:\\\/\\\/secure.gravatar.com\\\/avatar\\\/a22f2ac29ef785448617c06f66acb86e91041eb5ff01e3e6145cdc0af3989762?s=96&d=mm&r=g\",\"url\":\"https:\\\/\\\/secure.gravatar.com\\\/avatar\\\/a22f2ac29ef785448617c06f66acb86e91041eb5ff01e3e6145cdc0af3989762?s=96&d=mm&r=g\",\"contentUrl\":\"https:\\\/\\\/secure.gravatar.com\\\/avatar\\\/a22f2ac29ef785448617c06f66acb86e91041eb5ff01e3e6145cdc0af3989762?s=96&d=mm&r=g\",\"caption\":\"komunika\"},\"sameAs\":[\"http:\\\/\\\/www.iesabadinobhi.com\"],\"url\":\"https:\\\/\\\/www.iesabadinobhi.com\\\/es\\\/author\\\/komunika\\\/\"}]}<\/script>\n<!-- \/ Yoast SEO plugin. -->","yoast_head_json":{"title":"I'M BIZI 2024, ENCUENTRO DE ORIENTACI\u00d3N ACAD\u00c9MICA Y PROFESIONAL DE J\u00d3VENES. - Abadi\u00f1oko Institutua - Instituto de Abadi\u00f1o","robots":{"index":"index","follow":"follow","max-snippet":"max-snippet:-1","max-image-preview":"max-image-preview:large","max-video-preview":"max-video-preview:-1"},"canonical":"https:\/\/www.iesabadinobhi.com\/es\/im-bizi-2024-encuentro-de-orientacion-academica-y-profesional-de-jovenes\/","og_locale":"es_ES","og_type":"article","og_title":"I'M BIZI 2024, ENCUENTRO DE ORIENTACI\u00d3N ACAD\u00c9MICA Y PROFESIONAL DE J\u00d3VENES. - Abadi\u00f1oko Institutua - Instituto de Abadi\u00f1o","og_description":"Los d\u00edas 21 y 22 de noviembre se celebr\u00f3 en el front\u00f3n Zelaieta de Amorebieta-Etxano el encuentro &#8220;I &#8216;m Bizi&#8221;. All\u00ed, en la primera jornada, los alumnos de 4\u00ba de ESO del instituto Abadi\u00f1o compartieron con alumnos de otros centros de la comarca dudas, preguntas, oportunidades, etc. relacionadas con su&nbsp;&hellip;","og_url":"https:\/\/www.iesabadinobhi.com\/es\/im-bizi-2024-encuentro-de-orientacion-academica-y-profesional-de-jovenes\/","og_site_name":"Abadi\u00f1oko Institutua - Instituto de Abadi\u00f1o","article_published_time":"2024-11-25T12:12:01+00:00","article_modified_time":"2024-11-25T12:15:11+00:00","og_image":[{"width":533,"height":280,"url":"https:\/\/www.iesabadinobhi.com\/wp-content\/uploads\/2024\/11\/im_bizi_argazkia_00_thumb.jpg","type":"image\/jpeg"}],"author":"komunika","twitter_card":"summary_large_image","twitter_misc":{"Escrito por":"komunika","Tiempo de lectura":"4 minutos"},"schema":{"@context":"https:\/\/schema.org","@graph":[{"@type":"Article","@id":"https:\/\/www.iesabadinobhi.com\/es\/im-bizi-2024-encuentro-de-orientacion-academica-y-profesional-de-jovenes\/#article","isPartOf":{"@id":"https:\/\/www.iesabadinobhi.com\/es\/im-bizi-2024-encuentro-de-orientacion-academica-y-profesional-de-jovenes\/"},"author":{"name":"komunika","@id":"https:\/\/www.iesabadinobhi.com\/#\/schema\/person\/a71a6965234a00ffd67b3fc3c9858cd3"},"headline":"I&#8217;M BIZI 2024, ENCUENTRO DE ORIENTACI\u00d3N ACAD\u00c9MICA Y PROFESIONAL DE J\u00d3VENES.","datePublished":"2024-11-25T12:12:01+00:00","dateModified":"2024-11-25T12:15:11+00:00","mainEntityOfPage":{"@id":"https:\/\/www.iesabadinobhi.com\/es\/im-bizi-2024-encuentro-de-orientacion-academica-y-profesional-de-jovenes\/"},"wordCount":101,"publisher":{"@id":"https:\/\/www.iesabadinobhi.com\/#organization"},"image":{"@id":"https:\/\/www.iesabadinobhi.com\/es\/im-bizi-2024-encuentro-de-orientacion-academica-y-profesional-de-jovenes\/#primaryimage"},"thumbnailUrl":"https:\/\/www.iesabadinobhi.com\/wp-content\/uploads\/2024\/11\/im_bizi_argazkia_00_thumb.jpg","articleSection":["Noticias"],"inLanguage":"es"},{"@type":"WebPage","@id":"https:\/\/www.iesabadinobhi.com\/es\/im-bizi-2024-encuentro-de-orientacion-academica-y-profesional-de-jovenes\/","url":"https:\/\/www.iesabadinobhi.com\/es\/im-bizi-2024-encuentro-de-orientacion-academica-y-profesional-de-jovenes\/","name":"I'M BIZI 2024, ENCUENTRO DE ORIENTACI\u00d3N ACAD\u00c9MICA Y PROFESIONAL DE J\u00d3VENES. - Abadi\u00f1oko Institutua - Instituto de Abadi\u00f1o","isPartOf":{"@id":"https:\/\/www.iesabadinobhi.com\/#website"},"primaryImageOfPage":{"@id":"https:\/\/www.iesabadinobhi.com\/es\/im-bizi-2024-encuentro-de-orientacion-academica-y-profesional-de-jovenes\/#primaryimage"},"image":{"@id":"https:\/\/www.iesabadinobhi.com\/es\/im-bizi-2024-encuentro-de-orientacion-academica-y-profesional-de-jovenes\/#primaryimage"},"thumbnailUrl":"https:\/\/www.iesabadinobhi.com\/wp-content\/uploads\/2024\/11\/im_bizi_argazkia_00_thumb.jpg","datePublished":"2024-11-25T12:12:01+00:00","dateModified":"2024-11-25T12:15:11+00:00","breadcrumb":{"@id":"https:\/\/www.iesabadinobhi.com\/es\/im-bizi-2024-encuentro-de-orientacion-academica-y-profesional-de-jovenes\/#breadcrumb"},"inLanguage":"es","potentialAction":[{"@type":"ReadAction","target":["https:\/\/www.iesabadinobhi.com\/es\/im-bizi-2024-encuentro-de-orientacion-academica-y-profesional-de-jovenes\/"]}]},{"@type":"ImageObject","inLanguage":"es","@id":"https:\/\/www.iesabadinobhi.com\/es\/im-bizi-2024-encuentro-de-orientacion-academica-y-profesional-de-jovenes\/#primaryimage","url":"https:\/\/www.iesabadinobhi.com\/wp-content\/uploads\/2024\/11\/im_bizi_argazkia_00_thumb.jpg","contentUrl":"https:\/\/www.iesabadinobhi.com\/wp-content\/uploads\/2024\/11\/im_bizi_argazkia_00_thumb.jpg","width":533,"height":280,"caption":"I\u00b4m BIZI 2024, gazteen orientazio akademiko eta profesionalerako topaketa"},{"@type":"BreadcrumbList","@id":"https:\/\/www.iesabadinobhi.com\/es\/im-bizi-2024-encuentro-de-orientacion-academica-y-profesional-de-jovenes\/#breadcrumb","itemListElement":[{"@type":"ListItem","position":1,"name":"Portada","item":"https:\/\/www.iesabadinobhi.com\/es\/"},{"@type":"ListItem","position":2,"name":"I&#8217;M BIZI 2024, ENCUENTRO DE ORIENTACI\u00d3N ACAD\u00c9MICA Y PROFESIONAL DE J\u00d3VENES."}]},{"@type":"WebSite","@id":"https:\/\/www.iesabadinobhi.com\/#website","url":"https:\/\/www.iesabadinobhi.com\/","name":"Abadi\u00f1oko Institutua - Instituto de Abadi\u00f1o","description":"Centro p\u00fablico de modelo D para alumnos\/as de 12 a 16 a\u00f1os.","publisher":{"@id":"https:\/\/www.iesabadinobhi.com\/#organization"},"potentialAction":[{"@type":"SearchAction","target":{"@type":"EntryPoint","urlTemplate":"https:\/\/www.iesabadinobhi.com\/?s={search_term_string}"},"query-input":{"@type":"PropertyValueSpecification","valueRequired":true,"valueName":"search_term_string"}}],"inLanguage":"es"},{"@type":"Organization","@id":"https:\/\/www.iesabadinobhi.com\/#organization","name":"Abadi\u00f1oko Institutua - Instituto de Abadi\u00f1o","url":"https:\/\/www.iesabadinobhi.com\/","logo":{"@type":"ImageObject","inLanguage":"es","@id":"https:\/\/www.iesabadinobhi.com\/#\/schema\/logo\/image\/","url":"https:\/\/www.iesabadinobhi.com\/wp-content\/uploads\/2022\/01\/logo_abadino_web_25-1.jpg","contentUrl":"https:\/\/www.iesabadinobhi.com\/wp-content\/uploads\/2022\/01\/logo_abadino_web_25-1.jpg","width":246,"height":234,"caption":"Abadi\u00f1oko Institutua - Instituto de Abadi\u00f1o"},"image":{"@id":"https:\/\/www.iesabadinobhi.com\/#\/schema\/logo\/image\/"},"sameAs":["https:\/\/www.youtube.com\/channel\/UChFI9DF_PiIsiqzblGEpD6Q"]},{"@type":"Person","@id":"https:\/\/www.iesabadinobhi.com\/#\/schema\/person\/a71a6965234a00ffd67b3fc3c9858cd3","name":"komunika","image":{"@type":"ImageObject","inLanguage":"es","@id":"https:\/\/secure.gravatar.com\/avatar\/a22f2ac29ef785448617c06f66acb86e91041eb5ff01e3e6145cdc0af3989762?s=96&d=mm&r=g","url":"https:\/\/secure.gravatar.com\/avatar\/a22f2ac29ef785448617c06f66acb86e91041eb5ff01e3e6145cdc0af3989762?s=96&d=mm&r=g","contentUrl":"https:\/\/secure.gravatar.com\/avatar\/a22f2ac29ef785448617c06f66acb86e91041eb5ff01e3e6145cdc0af3989762?s=96&d=mm&r=g","caption":"komunika"},"sameAs":["http:\/\/www.iesabadinobhi.com"],"url":"https:\/\/www.iesabadinobhi.com\/es\/author\/komunika\/"}]}},"_links":{"self":[{"href":"https:\/\/www.iesabadinobhi.com\/es\/wp-json\/wp\/v2\/posts\/14920","targetHints":{"allow":["GET"]}}],"collection":[{"href":"https:\/\/www.iesabadinobhi.com\/es\/wp-json\/wp\/v2\/posts"}],"about":[{"href":"https:\/\/www.iesabadinobhi.com\/es\/wp-json\/wp\/v2\/types\/post"}],"author":[{"embeddable":true,"href":"https:\/\/www.iesabadinobhi.com\/es\/wp-json\/wp\/v2\/users\/1"}],"replies":[{"embeddable":true,"href":"https:\/\/www.iesabadinobhi.com\/es\/wp-json\/wp\/v2\/comments?post=14920"}],"version-history":[{"count":8,"href":"https:\/\/www.iesabadinobhi.com\/es\/wp-json\/wp\/v2\/posts\/14920\/revisions"}],"predecessor-version":[{"id":14939,"href":"https:\/\/www.iesabadinobhi.com\/es\/wp-json\/wp\/v2\/posts\/14920\/revisions\/14939"}],"wp:featuredmedia":[{"embeddable":true,"href":"https:\/\/www.iesabadinobhi.com\/es\/wp-json\/wp\/v2\/media\/14930"}],"wp:attachment":[{"href":"https:\/\/www.iesabadinobhi.com\/es\/wp-json\/wp\/v2\/media?parent=14920"}],"wp:term":[{"taxonomy":"category","embeddable":true,"href":"https:\/\/www.iesabadinobhi.com\/es\/wp-json\/wp\/v2\/categories?post=14920"},{"taxonomy":"post_tag","embeddable":true,"href":"https:\/\/www.iesabadinobhi.com\/es\/wp-json\/wp\/v2\/tags?post=14920"}],"curies":[{"name":"wp","href":"https:\/\/api.w.org\/{rel}","templated":true}]}}