  {"id":13661,"date":"2023-12-01T14:13:56","date_gmt":"2023-12-01T13:13:56","guid":{"rendered":"https:\/\/www.iesabadinobhi.com\/?p=13661"},"modified":"2023-12-04T09:57:45","modified_gmt":"2023-12-04T08:57:45","slug":"dia-del-euskera-1-de-diciembre","status":"publish","type":"post","link":"https:\/\/www.iesabadinobhi.com\/es\/dia-del-euskera-1-de-diciembre\/","title":{"rendered":"D\u00cdA DEL EUSKERA 1 de Diciembre"},"content":{"rendered":"\t\t<div data-elementor-type=\"wp-post\" data-elementor-id=\"13661\" class=\"elementor elementor-13661 elementor-13660\" data-elementor-settings=\"[]\">\n\t\t\t\t\t\t<div class=\"elementor-inner\">\n\t\t\t\t\t\t\t<div class=\"elementor-section-wrap\">\n\t\t\t\t\t\t\t<section class=\"elementor-section elementor-top-section elementor-element elementor-element-79ff05d2 elementor-section-boxed elementor-section-height-default elementor-section-height-default\" data-id=\"79ff05d2\" data-element_type=\"section\">\n\t\t\t\t\t\t<div class=\"elementor-container elementor-column-gap-default\">\n\t\t\t\t\t\t\t<div class=\"elementor-row\">\n\t\t\t\t\t<div class=\"elementor-column elementor-col-100 elementor-top-column elementor-element elementor-element-4e1b8e4f\" data-id=\"4e1b8e4f\" data-element_type=\"column\">\n\t\t\t<div class=\"elementor-column-wrap elementor-element-populated\">\n\t\t\t\t\t\t\t<div class=\"elementor-widget-wrap\">\n\t\t\t\t\t\t<div class=\"elementor-element elementor-element-1a47996 elementor-widget elementor-widget-image\" data-id=\"1a47996\" data-element_type=\"widget\" data-widget_type=\"image.default\">\n\t\t\t\t<div class=\"elementor-widget-container\">\n\t\t\t\t\t<div class=\"elementor-image\">\n\t\t\t\t\t\t\t\t\t\t\t<a href=\"https:\/\/www.iesabadinobhi.com\/wp-content\/uploads\/2023\/12\/logo_euskararen_eguna-scaled.jpg\" data-elementor-open-lightbox=\"yes\" data-elementor-lightbox-title=\"D\u00cdA DEL EUSKERA 1 de Diciembre\">\n\t\t\t\t\t\t\t<img loading=\"lazy\" decoding=\"async\" width=\"2560\" height=\"1019\" src=\"https:\/\/www.iesabadinobhi.com\/wp-content\/uploads\/2023\/12\/logo_euskararen_eguna-scaled.jpg\" class=\"attachment-full size-full\" alt=\"D\u00cdA DEL EUSKERA 1 de Diciembre\" srcset=\"https:\/\/www.iesabadinobhi.com\/wp-content\/uploads\/2023\/12\/logo_euskararen_eguna-scaled.jpg 2560w, https:\/\/www.iesabadinobhi.com\/wp-content\/uploads\/2023\/12\/logo_euskararen_eguna-500x199.jpg 500w, https:\/\/www.iesabadinobhi.com\/wp-content\/uploads\/2023\/12\/logo_euskararen_eguna-1024x407.jpg 1024w, https:\/\/www.iesabadinobhi.com\/wp-content\/uploads\/2023\/12\/logo_euskararen_eguna-768x306.jpg 768w, https:\/\/www.iesabadinobhi.com\/wp-content\/uploads\/2023\/12\/logo_euskararen_eguna-1536x611.jpg 1536w, https:\/\/www.iesabadinobhi.com\/wp-content\/uploads\/2023\/12\/logo_euskararen_eguna-2048x815.jpg 2048w, https:\/\/www.iesabadinobhi.com\/wp-content\/uploads\/2023\/12\/logo_euskararen_eguna-150x60.jpg 150w\" sizes=\"auto, (max-width: 2560px) 100vw, 2560px\" \/>\t\t\t\t\t\t\t\t<\/a>\n\t\t\t\t\t\t\t\t\t\t\t<\/div>\n\t\t\t\t<\/div>\n\t\t\t\t<\/div>\n\t\t\t\t<div class=\"elementor-element elementor-element-153dc1c5 elementor-widget elementor-widget-text-editor\" data-id=\"153dc1c5\" data-element_type=\"widget\" data-widget_type=\"text-editor.default\">\n\t\t\t\t<div class=\"elementor-widget-container\">\n\t\t\t\t\t<div class=\"elementor-text-editor elementor-clearfix\"><p style=\"text-align: justify;\">En nuestro instituto hoy a la ma\u00f1ana hemos celebrado el d\u00eda del euskera de mano de Xabi Hoo gracias al ayuntamiento de Abadi\u00f1o en Errota con los alumnos\/as de 3\u00ba y 4\u00ba . Para fomentar el uso del euskera, hemos disfrutado de la conversaci\u00f3n y de la m\u00fasica en directo de Xabi Hoo.<\/p><p style=\"text-align: justify;\">En el recreo hemos comido chocolate caliente con bizcochos. Mientras tanto, en el polideportivo hemos visto un buen partido de f\u00fatbol.<\/p><p style=\"text-align: justify;\">M\u00e1s tarde, los niveles de 1\u00ba y 2\u00ba se han sumergido en una sesi\u00f3n de bertsolaris del entorno.<\/p><p style=\"text-align: justify;\">Adem\u00e1s, en todas las tutor\u00edas se han hecho juegos en euskera.<\/p><p style=\"text-align: justify;\"><strong>VIVA EL EUSKERA! SEGI EUSKARAZ ABADI\u00d1ON!! GORA EUSKARA<\/strong><\/p><p><iframe loading=\"lazy\" title=\"Abadi\u00f1oko Institutua - Euskararen Eguna\" width=\"1200\" height=\"675\" src=\"https:\/\/www.youtube.com\/embed\/Afbf6oBsp14?feature=oembed\" frameborder=\"0\" allow=\"accelerometer; autoplay; clipboard-write; encrypted-media; gyroscope; picture-in-picture; web-share\" allowfullscreen><\/iframe><\/p><p><iframe loading=\"lazy\" title=\"Abadi\u00f1oko Institutua - Euskararen Eguna\" width=\"1200\" height=\"675\" src=\"https:\/\/www.youtube.com\/embed\/rnnvuU5YVGc?feature=oembed\" frameborder=\"0\" allow=\"accelerometer; autoplay; clipboard-write; encrypted-media; gyroscope; picture-in-picture; web-share\" allowfullscreen><\/iframe><\/p><p><iframe loading=\"lazy\" title=\"Abadi\u00f1oko Institutua - Euskararen Eguna\" width=\"1200\" height=\"675\" src=\"https:\/\/www.youtube.com\/embed\/57omTOD6oA8?feature=oembed\" frameborder=\"0\" allow=\"accelerometer; autoplay; clipboard-write; encrypted-media; gyroscope; picture-in-picture; web-share\" allowfullscreen><\/iframe><\/p><\/div>\n\t\t\t\t<\/div>\n\t\t\t\t<\/div>\n\t\t\t\t<div class=\"elementor-element elementor-element-f23190a elementor-arrows-position-inside elementor-pagination-position-outside elementor-widget elementor-widget-image-carousel\" data-id=\"f23190a\" data-element_type=\"widget\" data-settings=\"{&quot;slides_to_show&quot;:&quot;3&quot;,&quot;autoplay&quot;:&quot;no&quot;,&quot;image_spacing_custom&quot;:{&quot;unit&quot;:&quot;px&quot;,&quot;size&quot;:15,&quot;sizes&quot;:[]},&quot;navigation&quot;:&quot;both&quot;,&quot;infinite&quot;:&quot;yes&quot;,&quot;speed&quot;:500}\" data-widget_type=\"image-carousel.default\">\n\t\t\t\t<div class=\"elementor-widget-container\">\n\t\t\t\t\t<div class=\"elementor-image-carousel-wrapper swiper-container\" dir=\"ltr\">\n\t\t\t<div class=\"elementor-image-carousel swiper-wrapper\">\n\t\t\t\t<div class=\"swiper-slide\"><a data-elementor-open-lightbox=\"yes\" data-elementor-lightbox-slideshow=\"f23190a\" data-elementor-lightbox-title=\"D\u00cdA DEL EUSKERA 1 de Diciembre\" href=\"https:\/\/www.iesabadinobhi.com\/wp-content\/uploads\/2023\/12\/euskararen_eguna_02.jpg\"><figure class=\"swiper-slide-inner\"><img decoding=\"async\" class=\"swiper-slide-image\" src=\"https:\/\/www.iesabadinobhi.com\/wp-content\/uploads\/2023\/12\/euskararen_eguna_02-400x250.jpg\" alt=\"D\u00cdA DEL EUSKERA 1 de Diciembre\" \/><\/figure><\/a><\/div><div class=\"swiper-slide\"><a data-elementor-open-lightbox=\"yes\" data-elementor-lightbox-slideshow=\"f23190a\" data-elementor-lightbox-title=\"EUSKARA EGUNA Abenduak 1\" href=\"https:\/\/www.iesabadinobhi.com\/wp-content\/uploads\/2023\/12\/euskararen_eguna_01.jpg\"><figure class=\"swiper-slide-inner\"><img decoding=\"async\" class=\"swiper-slide-image\" src=\"https:\/\/www.iesabadinobhi.com\/wp-content\/uploads\/2023\/12\/euskararen_eguna_01-400x250.jpg\" alt=\"EUSKARA EGUNA Abenduak 1\" \/><\/figure><\/a><\/div><div class=\"swiper-slide\"><a data-elementor-open-lightbox=\"yes\" data-elementor-lightbox-slideshow=\"f23190a\" data-elementor-lightbox-title=\"D\u00cdA DEL EUSKERA 1 de Diciembre\" href=\"https:\/\/www.iesabadinobhi.com\/wp-content\/uploads\/2023\/12\/euskararen_eguna_10.jpg\"><figure class=\"swiper-slide-inner\"><img decoding=\"async\" class=\"swiper-slide-image\" src=\"https:\/\/www.iesabadinobhi.com\/wp-content\/uploads\/2023\/12\/euskararen_eguna_10-400x250.jpg\" alt=\"D\u00cdA DEL EUSKERA 1 de Diciembre\" \/><\/figure><\/a><\/div><div class=\"swiper-slide\"><a data-elementor-open-lightbox=\"yes\" data-elementor-lightbox-slideshow=\"f23190a\" data-elementor-lightbox-title=\"D\u00cdA DEL EUSKERA 1 de Diciembre\" href=\"https:\/\/www.iesabadinobhi.com\/wp-content\/uploads\/2023\/12\/euskararen_eguna_08.jpg\"><figure class=\"swiper-slide-inner\"><img decoding=\"async\" class=\"swiper-slide-image\" src=\"https:\/\/www.iesabadinobhi.com\/wp-content\/uploads\/2023\/12\/euskararen_eguna_08-400x250.jpg\" alt=\"D\u00cdA DEL EUSKERA 1 de Diciembre\" \/><\/figure><\/a><\/div><div class=\"swiper-slide\"><a data-elementor-open-lightbox=\"yes\" data-elementor-lightbox-slideshow=\"f23190a\" data-elementor-lightbox-title=\"D\u00cdA DEL EUSKERA 1 de Diciembre\" href=\"https:\/\/www.iesabadinobhi.com\/wp-content\/uploads\/2023\/12\/euskararen_eguna_11.jpg\"><figure class=\"swiper-slide-inner\"><img decoding=\"async\" class=\"swiper-slide-image\" src=\"https:\/\/www.iesabadinobhi.com\/wp-content\/uploads\/2023\/12\/euskararen_eguna_11-400x250.jpg\" alt=\"D\u00cdA DEL EUSKERA 1 de Diciembre\" \/><\/figure><\/a><\/div><div class=\"swiper-slide\"><a data-elementor-open-lightbox=\"yes\" data-elementor-lightbox-slideshow=\"f23190a\" data-elementor-lightbox-title=\"D\u00cdA DEL EUSKERA 1 de Diciembre\" href=\"https:\/\/www.iesabadinobhi.com\/wp-content\/uploads\/2023\/12\/euskararen_eguna_06.jpg\"><figure class=\"swiper-slide-inner\"><img decoding=\"async\" class=\"swiper-slide-image\" src=\"https:\/\/www.iesabadinobhi.com\/wp-content\/uploads\/2023\/12\/euskararen_eguna_06-400x250.jpg\" alt=\"D\u00cdA DEL EUSKERA 1 de Diciembre\" \/><\/figure><\/a><\/div><div class=\"swiper-slide\"><a data-elementor-open-lightbox=\"yes\" data-elementor-lightbox-slideshow=\"f23190a\" data-elementor-lightbox-title=\"D\u00cdA DEL EUSKERA 1 de Diciembre\" href=\"https:\/\/www.iesabadinobhi.com\/wp-content\/uploads\/2023\/12\/euskararen_eguna_05.jpg\"><figure class=\"swiper-slide-inner\"><img decoding=\"async\" class=\"swiper-slide-image\" src=\"https:\/\/www.iesabadinobhi.com\/wp-content\/uploads\/2023\/12\/euskararen_eguna_05-400x250.jpg\" alt=\"D\u00cdA DEL EUSKERA 1 de Diciembre\" \/><\/figure><\/a><\/div><div class=\"swiper-slide\"><a data-elementor-open-lightbox=\"yes\" data-elementor-lightbox-slideshow=\"f23190a\" data-elementor-lightbox-title=\"D\u00cdA DEL EUSKERA 1 de Diciembre\" href=\"https:\/\/www.iesabadinobhi.com\/wp-content\/uploads\/2023\/12\/euskararen_eguna_04.jpg\"><figure class=\"swiper-slide-inner\"><img decoding=\"async\" class=\"swiper-slide-image\" src=\"https:\/\/www.iesabadinobhi.com\/wp-content\/uploads\/2023\/12\/euskararen_eguna_04-400x250.jpg\" alt=\"D\u00cdA DEL EUSKERA 1 de Diciembre\" \/><\/figure><\/a><\/div><div class=\"swiper-slide\"><a data-elementor-open-lightbox=\"yes\" data-elementor-lightbox-slideshow=\"f23190a\" data-elementor-lightbox-title=\"D\u00cdA DEL EUSKERA 1 de Diciembre\" href=\"https:\/\/www.iesabadinobhi.com\/wp-content\/uploads\/2023\/12\/euskararen_eguna_03.jpg\"><figure class=\"swiper-slide-inner\"><img decoding=\"async\" class=\"swiper-slide-image\" src=\"https:\/\/www.iesabadinobhi.com\/wp-content\/uploads\/2023\/12\/euskararen_eguna_03-400x250.jpg\" alt=\"D\u00cdA DEL EUSKERA 1 de Diciembre\" \/><\/figure><\/a><\/div>\t\t\t<\/div>\n\t\t\t\t\t\t\t\t\t\t\t\t<div class=\"swiper-pagination\"><\/div>\n\t\t\t\t\t\t\t\t\t\t\t\t\t<div class=\"elementor-swiper-button elementor-swiper-button-prev\">\n\t\t\t\t\t\t<i class=\"eicon-chevron-left\" aria-hidden=\"true\"><\/i>\n\t\t\t\t\t\t<span class=\"elementor-screen-only\">Anterior<\/span>\n\t\t\t\t\t<\/div>\n\t\t\t\t\t<div class=\"elementor-swiper-button elementor-swiper-button-next\">\n\t\t\t\t\t\t<i class=\"eicon-chevron-right\" aria-hidden=\"true\"><\/i>\n\t\t\t\t\t\t<span class=\"elementor-screen-only\">Siguiente<\/span>\n\t\t\t\t\t<\/div>\n\t\t\t\t\t\t\t\t\t<\/div>\n\t\t\t\t<\/div>\n\t\t\t\t<\/div>\n\t\t\t\t\t\t<\/div>\n\t\t\t\t\t<\/div>\n\t\t<\/div>\n\t\t\t\t\t\t\t\t<\/div>\n\t\t\t\t\t<\/div>\n\t\t<\/section>\n\t\t\t\t\t\t<\/div>\n\t\t\t\t\t\t<\/div>\n\t\t\t\t\t<\/div>\n\t\t","protected":false},"excerpt":{"rendered":"<p>En nuestro instituto hoy a la ma\u00f1ana hemos celebrado el d\u00eda del euskera de mano de Xabi Hoo gracias al ayuntamiento de Abadi\u00f1o en Errota con los alumnos\/as de 3\u00ba y 4\u00ba . Para fomentar el uso del euskera, hemos disfrutado de la conversaci\u00f3n y de la m\u00fasica en directo&nbsp;<a href=\"https:\/\/www.iesabadinobhi.com\/es\/dia-del-euskera-1-de-diciembre\/\">&hellip;<\/a><\/p>\n","protected":false},"author":1,"featured_media":13669,"comment_status":"closed","ping_status":"closed","sticky":false,"template":"","format":"standard","meta":{"_acf_changed":false,"footnotes":""},"categories":[38],"tags":[],"class_list":["post-13661","post","type-post","status-publish","format-standard","has-post-thumbnail","hentry","category-noticias","odd"],"acf":[],"yoast_head":"<!-- This site is optimized with the Yoast SEO plugin v27.4 - https:\/\/yoast.com\/product\/yoast-seo-wordpress\/ -->\n<title>D\u00cdA DEL EUSKERA 1 de Diciembre - Abadi\u00f1oko Institutua - Instituto de Abadi\u00f1o<\/title>\n<meta name=\"robots\" content=\"index, follow, max-snippet:-1, max-image-preview:large, max-video-preview:-1\" \/>\n<link rel=\"canonical\" href=\"https:\/\/www.iesabadinobhi.com\/es\/dia-del-euskera-1-de-diciembre\/\" \/>\n<meta property=\"og:locale\" content=\"es_ES\" \/>\n<meta property=\"og:type\" content=\"article\" \/>\n<meta property=\"og:title\" content=\"D\u00cdA DEL EUSKERA 1 de Diciembre - Abadi\u00f1oko Institutua - Instituto de Abadi\u00f1o\" \/>\n<meta property=\"og:description\" content=\"En nuestro instituto hoy a la ma\u00f1ana hemos celebrado el d\u00eda del euskera de mano de Xabi Hoo gracias al ayuntamiento de Abadi\u00f1o en Errota con los alumnos\/as de 3\u00ba y 4\u00ba . Para fomentar el uso del euskera, hemos disfrutado de la conversaci\u00f3n y de la m\u00fasica en directo&nbsp;&hellip;\" \/>\n<meta property=\"og:url\" content=\"https:\/\/www.iesabadinobhi.com\/es\/dia-del-euskera-1-de-diciembre\/\" \/>\n<meta property=\"og:site_name\" content=\"Abadi\u00f1oko Institutua - Instituto de Abadi\u00f1o\" \/>\n<meta property=\"article:published_time\" content=\"2023-12-01T13:13:56+00:00\" \/>\n<meta property=\"article:modified_time\" content=\"2023-12-04T08:57:45+00:00\" \/>\n<meta property=\"og:image\" content=\"https:\/\/www.iesabadinobhi.com\/wp-content\/uploads\/2023\/12\/euskararen_eguna_02_thumb2.jpg\" \/>\n\t<meta property=\"og:image:width\" content=\"859\" \/>\n\t<meta property=\"og:image:height\" content=\"474\" \/>\n\t<meta property=\"og:image:type\" content=\"image\/jpeg\" \/>\n<meta name=\"author\" content=\"komunika\" \/>\n<meta name=\"twitter:card\" content=\"summary_large_image\" \/>\n<meta name=\"twitter:label1\" content=\"Escrito por\" \/>\n\t<meta name=\"twitter:data1\" content=\"komunika\" \/>\n\t<meta name=\"twitter:label2\" content=\"Tiempo de lectura\" \/>\n\t<meta name=\"twitter:data2\" content=\"1 minuto\" \/>\n<script type=\"application\/ld+json\" class=\"yoast-schema-graph\">{\"@context\":\"https:\\\/\\\/schema.org\",\"@graph\":[{\"@type\":\"Article\",\"@id\":\"https:\\\/\\\/www.iesabadinobhi.com\\\/es\\\/dia-del-euskera-1-de-diciembre\\\/#article\",\"isPartOf\":{\"@id\":\"https:\\\/\\\/www.iesabadinobhi.com\\\/es\\\/dia-del-euskera-1-de-diciembre\\\/\"},\"author\":{\"name\":\"komunika\",\"@id\":\"https:\\\/\\\/www.iesabadinobhi.com\\\/#\\\/schema\\\/person\\\/a71a6965234a00ffd67b3fc3c9858cd3\"},\"headline\":\"D\u00cdA DEL EUSKERA 1 de Diciembre\",\"datePublished\":\"2023-12-01T13:13:56+00:00\",\"dateModified\":\"2023-12-04T08:57:45+00:00\",\"mainEntityOfPage\":{\"@id\":\"https:\\\/\\\/www.iesabadinobhi.com\\\/es\\\/dia-del-euskera-1-de-diciembre\\\/\"},\"wordCount\":141,\"publisher\":{\"@id\":\"https:\\\/\\\/www.iesabadinobhi.com\\\/#organization\"},\"image\":{\"@id\":\"https:\\\/\\\/www.iesabadinobhi.com\\\/es\\\/dia-del-euskera-1-de-diciembre\\\/#primaryimage\"},\"thumbnailUrl\":\"https:\\\/\\\/www.iesabadinobhi.com\\\/wp-content\\\/uploads\\\/2023\\\/12\\\/euskararen_eguna_02_thumb2.jpg\",\"articleSection\":[\"Noticias\"],\"inLanguage\":\"es\"},{\"@type\":\"WebPage\",\"@id\":\"https:\\\/\\\/www.iesabadinobhi.com\\\/es\\\/dia-del-euskera-1-de-diciembre\\\/\",\"url\":\"https:\\\/\\\/www.iesabadinobhi.com\\\/es\\\/dia-del-euskera-1-de-diciembre\\\/\",\"name\":\"D\u00cdA DEL EUSKERA 1 de Diciembre - Abadi\u00f1oko Institutua - Instituto de Abadi\u00f1o\",\"isPartOf\":{\"@id\":\"https:\\\/\\\/www.iesabadinobhi.com\\\/#website\"},\"primaryImageOfPage\":{\"@id\":\"https:\\\/\\\/www.iesabadinobhi.com\\\/es\\\/dia-del-euskera-1-de-diciembre\\\/#primaryimage\"},\"image\":{\"@id\":\"https:\\\/\\\/www.iesabadinobhi.com\\\/es\\\/dia-del-euskera-1-de-diciembre\\\/#primaryimage\"},\"thumbnailUrl\":\"https:\\\/\\\/www.iesabadinobhi.com\\\/wp-content\\\/uploads\\\/2023\\\/12\\\/euskararen_eguna_02_thumb2.jpg\",\"datePublished\":\"2023-12-01T13:13:56+00:00\",\"dateModified\":\"2023-12-04T08:57:45+00:00\",\"breadcrumb\":{\"@id\":\"https:\\\/\\\/www.iesabadinobhi.com\\\/es\\\/dia-del-euskera-1-de-diciembre\\\/#breadcrumb\"},\"inLanguage\":\"es\",\"potentialAction\":[{\"@type\":\"ReadAction\",\"target\":[\"https:\\\/\\\/www.iesabadinobhi.com\\\/es\\\/dia-del-euskera-1-de-diciembre\\\/\"]}]},{\"@type\":\"ImageObject\",\"inLanguage\":\"es\",\"@id\":\"https:\\\/\\\/www.iesabadinobhi.com\\\/es\\\/dia-del-euskera-1-de-diciembre\\\/#primaryimage\",\"url\":\"https:\\\/\\\/www.iesabadinobhi.com\\\/wp-content\\\/uploads\\\/2023\\\/12\\\/euskararen_eguna_02_thumb2.jpg\",\"contentUrl\":\"https:\\\/\\\/www.iesabadinobhi.com\\\/wp-content\\\/uploads\\\/2023\\\/12\\\/euskararen_eguna_02_thumb2.jpg\",\"width\":859,\"height\":474,\"caption\":\"D\u00cdA DEL EUSKERA 1 de Diciembre\"},{\"@type\":\"BreadcrumbList\",\"@id\":\"https:\\\/\\\/www.iesabadinobhi.com\\\/es\\\/dia-del-euskera-1-de-diciembre\\\/#breadcrumb\",\"itemListElement\":[{\"@type\":\"ListItem\",\"position\":1,\"name\":\"Portada\",\"item\":\"https:\\\/\\\/www.iesabadinobhi.com\\\/es\\\/\"},{\"@type\":\"ListItem\",\"position\":2,\"name\":\"D\u00cdA DEL EUSKERA 1 de Diciembre\"}]},{\"@type\":\"WebSite\",\"@id\":\"https:\\\/\\\/www.iesabadinobhi.com\\\/#website\",\"url\":\"https:\\\/\\\/www.iesabadinobhi.com\\\/\",\"name\":\"Abadi\u00f1oko Institutua - Instituto de Abadi\u00f1o\",\"description\":\"Centro p\u00fablico de modelo D para alumnos\\\/as de 12 a 16 a\u00f1os.\",\"publisher\":{\"@id\":\"https:\\\/\\\/www.iesabadinobhi.com\\\/#organization\"},\"potentialAction\":[{\"@type\":\"SearchAction\",\"target\":{\"@type\":\"EntryPoint\",\"urlTemplate\":\"https:\\\/\\\/www.iesabadinobhi.com\\\/?s={search_term_string}\"},\"query-input\":{\"@type\":\"PropertyValueSpecification\",\"valueRequired\":true,\"valueName\":\"search_term_string\"}}],\"inLanguage\":\"es\"},{\"@type\":\"Organization\",\"@id\":\"https:\\\/\\\/www.iesabadinobhi.com\\\/#organization\",\"name\":\"Abadi\u00f1oko Institutua - Instituto de Abadi\u00f1o\",\"url\":\"https:\\\/\\\/www.iesabadinobhi.com\\\/\",\"logo\":{\"@type\":\"ImageObject\",\"inLanguage\":\"es\",\"@id\":\"https:\\\/\\\/www.iesabadinobhi.com\\\/#\\\/schema\\\/logo\\\/image\\\/\",\"url\":\"https:\\\/\\\/www.iesabadinobhi.com\\\/wp-content\\\/uploads\\\/2022\\\/01\\\/logo_abadino_web_25-1.jpg\",\"contentUrl\":\"https:\\\/\\\/www.iesabadinobhi.com\\\/wp-content\\\/uploads\\\/2022\\\/01\\\/logo_abadino_web_25-1.jpg\",\"width\":246,\"height\":234,\"caption\":\"Abadi\u00f1oko Institutua - Instituto de Abadi\u00f1o\"},\"image\":{\"@id\":\"https:\\\/\\\/www.iesabadinobhi.com\\\/#\\\/schema\\\/logo\\\/image\\\/\"},\"sameAs\":[\"https:\\\/\\\/www.youtube.com\\\/channel\\\/UChFI9DF_PiIsiqzblGEpD6Q\"]},{\"@type\":\"Person\",\"@id\":\"https:\\\/\\\/www.iesabadinobhi.com\\\/#\\\/schema\\\/person\\\/a71a6965234a00ffd67b3fc3c9858cd3\",\"name\":\"komunika\",\"image\":{\"@type\":\"ImageObject\",\"inLanguage\":\"es\",\"@id\":\"https:\\\/\\\/secure.gravatar.com\\\/avatar\\\/a22f2ac29ef785448617c06f66acb86e91041eb5ff01e3e6145cdc0af3989762?s=96&d=mm&r=g\",\"url\":\"https:\\\/\\\/secure.gravatar.com\\\/avatar\\\/a22f2ac29ef785448617c06f66acb86e91041eb5ff01e3e6145cdc0af3989762?s=96&d=mm&r=g\",\"contentUrl\":\"https:\\\/\\\/secure.gravatar.com\\\/avatar\\\/a22f2ac29ef785448617c06f66acb86e91041eb5ff01e3e6145cdc0af3989762?s=96&d=mm&r=g\",\"caption\":\"komunika\"},\"sameAs\":[\"http:\\\/\\\/www.iesabadinobhi.com\"],\"url\":\"https:\\\/\\\/www.iesabadinobhi.com\\\/es\\\/author\\\/komunika\\\/\"}]}<\/script>\n<!-- \/ Yoast SEO plugin. -->","yoast_head_json":{"title":"D\u00cdA DEL EUSKERA 1 de Diciembre - Abadi\u00f1oko Institutua - Instituto de Abadi\u00f1o","robots":{"index":"index","follow":"follow","max-snippet":"max-snippet:-1","max-image-preview":"max-image-preview:large","max-video-preview":"max-video-preview:-1"},"canonical":"https:\/\/www.iesabadinobhi.com\/es\/dia-del-euskera-1-de-diciembre\/","og_locale":"es_ES","og_type":"article","og_title":"D\u00cdA DEL EUSKERA 1 de Diciembre - Abadi\u00f1oko Institutua - Instituto de Abadi\u00f1o","og_description":"En nuestro instituto hoy a la ma\u00f1ana hemos celebrado el d\u00eda del euskera de mano de Xabi Hoo gracias al ayuntamiento de Abadi\u00f1o en Errota con los alumnos\/as de 3\u00ba y 4\u00ba . Para fomentar el uso del euskera, hemos disfrutado de la conversaci\u00f3n y de la m\u00fasica en directo&nbsp;&hellip;","og_url":"https:\/\/www.iesabadinobhi.com\/es\/dia-del-euskera-1-de-diciembre\/","og_site_name":"Abadi\u00f1oko Institutua - Instituto de Abadi\u00f1o","article_published_time":"2023-12-01T13:13:56+00:00","article_modified_time":"2023-12-04T08:57:45+00:00","og_image":[{"width":859,"height":474,"url":"https:\/\/www.iesabadinobhi.com\/wp-content\/uploads\/2023\/12\/euskararen_eguna_02_thumb2.jpg","type":"image\/jpeg"}],"author":"komunika","twitter_card":"summary_large_image","twitter_misc":{"Escrito por":"komunika","Tiempo de lectura":"1 minuto"},"schema":{"@context":"https:\/\/schema.org","@graph":[{"@type":"Article","@id":"https:\/\/www.iesabadinobhi.com\/es\/dia-del-euskera-1-de-diciembre\/#article","isPartOf":{"@id":"https:\/\/www.iesabadinobhi.com\/es\/dia-del-euskera-1-de-diciembre\/"},"author":{"name":"komunika","@id":"https:\/\/www.iesabadinobhi.com\/#\/schema\/person\/a71a6965234a00ffd67b3fc3c9858cd3"},"headline":"D\u00cdA DEL EUSKERA 1 de Diciembre","datePublished":"2023-12-01T13:13:56+00:00","dateModified":"2023-12-04T08:57:45+00:00","mainEntityOfPage":{"@id":"https:\/\/www.iesabadinobhi.com\/es\/dia-del-euskera-1-de-diciembre\/"},"wordCount":141,"publisher":{"@id":"https:\/\/www.iesabadinobhi.com\/#organization"},"image":{"@id":"https:\/\/www.iesabadinobhi.com\/es\/dia-del-euskera-1-de-diciembre\/#primaryimage"},"thumbnailUrl":"https:\/\/www.iesabadinobhi.com\/wp-content\/uploads\/2023\/12\/euskararen_eguna_02_thumb2.jpg","articleSection":["Noticias"],"inLanguage":"es"},{"@type":"WebPage","@id":"https:\/\/www.iesabadinobhi.com\/es\/dia-del-euskera-1-de-diciembre\/","url":"https:\/\/www.iesabadinobhi.com\/es\/dia-del-euskera-1-de-diciembre\/","name":"D\u00cdA DEL EUSKERA 1 de Diciembre - Abadi\u00f1oko Institutua - Instituto de Abadi\u00f1o","isPartOf":{"@id":"https:\/\/www.iesabadinobhi.com\/#website"},"primaryImageOfPage":{"@id":"https:\/\/www.iesabadinobhi.com\/es\/dia-del-euskera-1-de-diciembre\/#primaryimage"},"image":{"@id":"https:\/\/www.iesabadinobhi.com\/es\/dia-del-euskera-1-de-diciembre\/#primaryimage"},"thumbnailUrl":"https:\/\/www.iesabadinobhi.com\/wp-content\/uploads\/2023\/12\/euskararen_eguna_02_thumb2.jpg","datePublished":"2023-12-01T13:13:56+00:00","dateModified":"2023-12-04T08:57:45+00:00","breadcrumb":{"@id":"https:\/\/www.iesabadinobhi.com\/es\/dia-del-euskera-1-de-diciembre\/#breadcrumb"},"inLanguage":"es","potentialAction":[{"@type":"ReadAction","target":["https:\/\/www.iesabadinobhi.com\/es\/dia-del-euskera-1-de-diciembre\/"]}]},{"@type":"ImageObject","inLanguage":"es","@id":"https:\/\/www.iesabadinobhi.com\/es\/dia-del-euskera-1-de-diciembre\/#primaryimage","url":"https:\/\/www.iesabadinobhi.com\/wp-content\/uploads\/2023\/12\/euskararen_eguna_02_thumb2.jpg","contentUrl":"https:\/\/www.iesabadinobhi.com\/wp-content\/uploads\/2023\/12\/euskararen_eguna_02_thumb2.jpg","width":859,"height":474,"caption":"D\u00cdA DEL EUSKERA 1 de Diciembre"},{"@type":"BreadcrumbList","@id":"https:\/\/www.iesabadinobhi.com\/es\/dia-del-euskera-1-de-diciembre\/#breadcrumb","itemListElement":[{"@type":"ListItem","position":1,"name":"Portada","item":"https:\/\/www.iesabadinobhi.com\/es\/"},{"@type":"ListItem","position":2,"name":"D\u00cdA DEL EUSKERA 1 de Diciembre"}]},{"@type":"WebSite","@id":"https:\/\/www.iesabadinobhi.com\/#website","url":"https:\/\/www.iesabadinobhi.com\/","name":"Abadi\u00f1oko Institutua - Instituto de Abadi\u00f1o","description":"Centro p\u00fablico de modelo D para alumnos\/as de 12 a 16 a\u00f1os.","publisher":{"@id":"https:\/\/www.iesabadinobhi.com\/#organization"},"potentialAction":[{"@type":"SearchAction","target":{"@type":"EntryPoint","urlTemplate":"https:\/\/www.iesabadinobhi.com\/?s={search_term_string}"},"query-input":{"@type":"PropertyValueSpecification","valueRequired":true,"valueName":"search_term_string"}}],"inLanguage":"es"},{"@type":"Organization","@id":"https:\/\/www.iesabadinobhi.com\/#organization","name":"Abadi\u00f1oko Institutua - Instituto de Abadi\u00f1o","url":"https:\/\/www.iesabadinobhi.com\/","logo":{"@type":"ImageObject","inLanguage":"es","@id":"https:\/\/www.iesabadinobhi.com\/#\/schema\/logo\/image\/","url":"https:\/\/www.iesabadinobhi.com\/wp-content\/uploads\/2022\/01\/logo_abadino_web_25-1.jpg","contentUrl":"https:\/\/www.iesabadinobhi.com\/wp-content\/uploads\/2022\/01\/logo_abadino_web_25-1.jpg","width":246,"height":234,"caption":"Abadi\u00f1oko Institutua - Instituto de Abadi\u00f1o"},"image":{"@id":"https:\/\/www.iesabadinobhi.com\/#\/schema\/logo\/image\/"},"sameAs":["https:\/\/www.youtube.com\/channel\/UChFI9DF_PiIsiqzblGEpD6Q"]},{"@type":"Person","@id":"https:\/\/www.iesabadinobhi.com\/#\/schema\/person\/a71a6965234a00ffd67b3fc3c9858cd3","name":"komunika","image":{"@type":"ImageObject","inLanguage":"es","@id":"https:\/\/secure.gravatar.com\/avatar\/a22f2ac29ef785448617c06f66acb86e91041eb5ff01e3e6145cdc0af3989762?s=96&d=mm&r=g","url":"https:\/\/secure.gravatar.com\/avatar\/a22f2ac29ef785448617c06f66acb86e91041eb5ff01e3e6145cdc0af3989762?s=96&d=mm&r=g","contentUrl":"https:\/\/secure.gravatar.com\/avatar\/a22f2ac29ef785448617c06f66acb86e91041eb5ff01e3e6145cdc0af3989762?s=96&d=mm&r=g","caption":"komunika"},"sameAs":["http:\/\/www.iesabadinobhi.com"],"url":"https:\/\/www.iesabadinobhi.com\/es\/author\/komunika\/"}]}},"_links":{"self":[{"href":"https:\/\/www.iesabadinobhi.com\/es\/wp-json\/wp\/v2\/posts\/13661","targetHints":{"allow":["GET"]}}],"collection":[{"href":"https:\/\/www.iesabadinobhi.com\/es\/wp-json\/wp\/v2\/posts"}],"about":[{"href":"https:\/\/www.iesabadinobhi.com\/es\/wp-json\/wp\/v2\/types\/post"}],"author":[{"embeddable":true,"href":"https:\/\/www.iesabadinobhi.com\/es\/wp-json\/wp\/v2\/users\/1"}],"replies":[{"embeddable":true,"href":"https:\/\/www.iesabadinobhi.com\/es\/wp-json\/wp\/v2\/comments?post=13661"}],"version-history":[{"count":7,"href":"https:\/\/www.iesabadinobhi.com\/es\/wp-json\/wp\/v2\/posts\/13661\/revisions"}],"predecessor-version":[{"id":13697,"href":"https:\/\/www.iesabadinobhi.com\/es\/wp-json\/wp\/v2\/posts\/13661\/revisions\/13697"}],"wp:featuredmedia":[{"embeddable":true,"href":"https:\/\/www.iesabadinobhi.com\/es\/wp-json\/wp\/v2\/media\/13669"}],"wp:attachment":[{"href":"https:\/\/www.iesabadinobhi.com\/es\/wp-json\/wp\/v2\/media?parent=13661"}],"wp:term":[{"taxonomy":"category","embeddable":true,"href":"https:\/\/www.iesabadinobhi.com\/es\/wp-json\/wp\/v2\/categories?post=13661"},{"taxonomy":"post_tag","embeddable":true,"href":"https:\/\/www.iesabadinobhi.com\/es\/wp-json\/wp\/v2\/tags?post=13661"}],"curies":[{"name":"wp","href":"https:\/\/api.w.org\/{rel}","templated":true}]}}