  {"id":13297,"date":"2023-09-25T13:08:05","date_gmt":"2023-09-25T11:08:05","guid":{"rendered":"https:\/\/www.iesabadinobhi.com\/?p=13297"},"modified":"2023-09-25T13:13:23","modified_gmt":"2023-09-25T11:13:23","slug":"semana-del-clima","status":"publish","type":"post","link":"https:\/\/www.iesabadinobhi.com\/es\/semana-del-clima\/","title":{"rendered":"SEMANA DEL CLIMA"},"content":{"rendered":"\t\t<div data-elementor-type=\"wp-post\" data-elementor-id=\"13297\" class=\"elementor elementor-13297 elementor-13296\" data-elementor-settings=\"[]\">\n\t\t\t\t\t\t<div class=\"elementor-inner\">\n\t\t\t\t\t\t\t<div class=\"elementor-section-wrap\">\n\t\t\t\t\t\t\t<section class=\"elementor-section elementor-top-section elementor-element elementor-element-79ff05d2 elementor-section-boxed elementor-section-height-default elementor-section-height-default\" data-id=\"79ff05d2\" data-element_type=\"section\">\n\t\t\t\t\t\t<div class=\"elementor-container elementor-column-gap-default\">\n\t\t\t\t\t\t\t<div class=\"elementor-row\">\n\t\t\t\t\t<div class=\"elementor-column elementor-col-100 elementor-top-column elementor-element elementor-element-4e1b8e4f\" data-id=\"4e1b8e4f\" data-element_type=\"column\">\n\t\t\t<div class=\"elementor-column-wrap elementor-element-populated\">\n\t\t\t\t\t\t\t<div class=\"elementor-widget-wrap\">\n\t\t\t\t\t\t<div class=\"elementor-element elementor-element-1a47996 elementor-widget elementor-widget-image\" data-id=\"1a47996\" data-element_type=\"widget\" data-widget_type=\"image.default\">\n\t\t\t\t<div class=\"elementor-widget-container\">\n\t\t\t\t\t<div class=\"elementor-image\">\n\t\t\t\t\t\t\t\t\t\t\t<a href=\"https:\/\/www.iesabadinobhi.com\/wp-content\/uploads\/2023\/09\/asteklima.jpg\" data-elementor-open-lightbox=\"yes\" data-elementor-lightbox-title=\"SEMANA DEL CLIMA\">\n\t\t\t\t\t\t\t<img decoding=\"async\" src=\"https:\/\/www.iesabadinobhi.com\/wp-content\/uploads\/elementor\/thumbs\/asteklima-qcxf9rup24f9hh5fvzqoazc0d5cwp23y3bdar6by5a.jpg\" title=\"SEMANA DEL CLIMA\" alt=\"SEMANA DEL CLIMA\" \/>\t\t\t\t\t\t\t\t<\/a>\n\t\t\t\t\t\t\t\t\t\t\t<\/div>\n\t\t\t\t<\/div>\n\t\t\t\t<\/div>\n\t\t\t\t<div class=\"elementor-element elementor-element-153dc1c5 elementor-widget elementor-widget-text-editor\" data-id=\"153dc1c5\" data-element_type=\"widget\" data-widget_type=\"text-editor.default\">\n\t\t\t\t<div class=\"elementor-widget-container\">\n\t\t\t\t\t<div class=\"elementor-text-editor elementor-clearfix\"><p>Con el objetivo de fomentar la lucha contra el cambio clim\u00e1tico, el Gobierno Vasco ha puesto en marcha una convocatoria denominada Asteklima. Este a\u00f1o, los del IES Abadi\u00f1o, en colaboraci\u00f3n con el Ayuntamiento de Abadi\u00f1o, tambi\u00e9n participaremos.<\/p><p>Para ello, con la mediaci\u00f3n del agente externo Lurlab, analizaremos uno de los da\u00f1os directos causados por este fen\u00f3meno en nuestro entorno: la alteraci\u00f3n del h\u00e1bitat de los murci\u00e9lagos.<\/p><p>Este mam\u00edfero ha tenido que desplazarse fuera de los n\u00facleos de poblaci\u00f3n debido a la contaminaci\u00f3n luminosa y ac\u00fastica. Por eso, cada vez podemos ver menos en los n\u00facleos de poblaci\u00f3n.<\/p><p><strong>Actividades en el instituto <\/strong><\/p><ul><li>Reflexi\u00f3n sobre el cambio clim\u00e1tico en todos los cursos.\u00a0<\/li><li>Construcci\u00f3n de casas para murci\u00e9lagos- 3\u00baESO.<\/li><\/ul><p><strong>Actividades en el pueblo <\/strong><\/p><ul><li>Martes, 26 <br \/>Charla de mano de Goiener (Cooperativa para la creaci\u00f3n y el consumo de energ\u00edas renovables) <br \/>Lugar: <strong>Txanporta Kultur Elkartea<\/strong> <br \/>Hora: <strong>18:30 <\/strong><\/li><li>S\u00e1bado, 30 <br \/>Recorrido dirigido por un experto para colocar las casas para murci\u00e9lagos construidos en el instituto. <strong>An\u00edmate y participa!<\/strong> <br \/>Lugar: <strong>Instituto Abadi\u00f1o BHI<\/strong> <br \/>Hora: <strong>9:30 <\/strong><\/li><\/ul><p>Dinamizado por Lurlab.org<\/p><p>Organizado por Ayuntamiento de Abadi\u00f1o y Abadi\u00f1o BHI<\/p><\/div>\n\t\t\t\t<\/div>\n\t\t\t\t<\/div>\n\t\t\t\t<div class=\"elementor-element elementor-element-7cbb066 elementor-align-center elementor-widget elementor-widget-button\" data-id=\"7cbb066\" data-element_type=\"widget\" data-widget_type=\"button.default\">\n\t\t\t\t<div class=\"elementor-widget-container\">\n\t\t\t\t\t<div class=\"elementor-button-wrapper\">\n\t\t\t<a href=\"https:\/\/shorturl.at\/ersu9\" target=\"_blank\" class=\"elementor-button-link elementor-button elementor-size-xs\" role=\"button\">\n\t\t\t\t\t\t<span class=\"elementor-button-content-wrapper\">\n\t\t\t\t\t\t<span class=\"elementor-button-icon elementor-align-icon-right\">\n\t\t\t\t<i aria-hidden=\"true\" class=\"fas fa-external-link-alt\"><\/i>\t\t\t<\/span>\n\t\t\t\t\t\t<span class=\"elementor-button-text\">Ver informaci\u00f3n completa<\/span>\n\t\t<\/span>\n\t\t\t\t\t<\/a>\n\t\t<\/div>\n\t\t\t\t<\/div>\n\t\t\t\t<\/div>\n\t\t\t\t\t\t<\/div>\n\t\t\t\t\t<\/div>\n\t\t<\/div>\n\t\t\t\t\t\t\t\t<\/div>\n\t\t\t\t\t<\/div>\n\t\t<\/section>\n\t\t\t\t\t\t<\/div>\n\t\t\t\t\t\t<\/div>\n\t\t\t\t\t<\/div>\n\t\t","protected":false},"excerpt":{"rendered":"<p>Con el objetivo de fomentar la lucha contra el cambio clim\u00e1tico, el Gobierno Vasco ha puesto en marcha una convocatoria denominada Asteklima. Este a\u00f1o, los del IES Abadi\u00f1o, en colaboraci\u00f3n con el Ayuntamiento de Abadi\u00f1o, tambi\u00e9n participaremos. Para ello, con la mediaci\u00f3n del agente externo Lurlab, analizaremos uno de los&nbsp;<a href=\"https:\/\/www.iesabadinobhi.com\/es\/semana-del-clima\/\">&hellip;<\/a><\/p>\n","protected":false},"author":1,"featured_media":13309,"comment_status":"closed","ping_status":"closed","sticky":false,"template":"","format":"standard","meta":{"_acf_changed":false,"footnotes":""},"categories":[38],"tags":[],"class_list":["post-13297","post","type-post","status-publish","format-standard","has-post-thumbnail","hentry","category-noticias","odd"],"acf":[],"yoast_head":"<!-- This site is optimized with the Yoast SEO plugin v27.4 - https:\/\/yoast.com\/product\/yoast-seo-wordpress\/ -->\n<title>SEMANA DEL CLIMA - Abadi\u00f1oko Institutua - Instituto de Abadi\u00f1o<\/title>\n<meta name=\"robots\" content=\"index, follow, max-snippet:-1, max-image-preview:large, max-video-preview:-1\" \/>\n<link rel=\"canonical\" href=\"https:\/\/www.iesabadinobhi.com\/es\/semana-del-clima\/\" \/>\n<meta property=\"og:locale\" content=\"es_ES\" \/>\n<meta property=\"og:type\" content=\"article\" \/>\n<meta property=\"og:title\" content=\"SEMANA DEL CLIMA - Abadi\u00f1oko Institutua - Instituto de Abadi\u00f1o\" \/>\n<meta property=\"og:description\" content=\"Con el objetivo de fomentar la lucha contra el cambio clim\u00e1tico, el Gobierno Vasco ha puesto en marcha una convocatoria denominada Asteklima. Este a\u00f1o, los del IES Abadi\u00f1o, en colaboraci\u00f3n con el Ayuntamiento de Abadi\u00f1o, tambi\u00e9n participaremos. Para ello, con la mediaci\u00f3n del agente externo Lurlab, analizaremos uno de los&nbsp;&hellip;\" \/>\n<meta property=\"og:url\" content=\"https:\/\/www.iesabadinobhi.com\/es\/semana-del-clima\/\" \/>\n<meta property=\"og:site_name\" content=\"Abadi\u00f1oko Institutua - Instituto de Abadi\u00f1o\" \/>\n<meta property=\"article:published_time\" content=\"2023-09-25T11:08:05+00:00\" \/>\n<meta property=\"article:modified_time\" content=\"2023-09-25T11:13:23+00:00\" \/>\n<meta property=\"og:image\" content=\"https:\/\/www.iesabadinobhi.com\/wp-content\/uploads\/2023\/09\/asteklima-img.jpg\" \/>\n\t<meta property=\"og:image:width\" content=\"1200\" \/>\n\t<meta property=\"og:image:height\" content=\"643\" \/>\n\t<meta property=\"og:image:type\" content=\"image\/jpeg\" \/>\n<meta name=\"author\" content=\"komunika\" \/>\n<meta name=\"twitter:card\" content=\"summary_large_image\" \/>\n<meta name=\"twitter:label1\" content=\"Escrito por\" \/>\n\t<meta name=\"twitter:data1\" content=\"komunika\" \/>\n\t<meta name=\"twitter:label2\" content=\"Tiempo de lectura\" \/>\n\t<meta name=\"twitter:data2\" content=\"1 minuto\" \/>\n<script type=\"application\/ld+json\" class=\"yoast-schema-graph\">{\"@context\":\"https:\\\/\\\/schema.org\",\"@graph\":[{\"@type\":\"Article\",\"@id\":\"https:\\\/\\\/www.iesabadinobhi.com\\\/es\\\/semana-del-clima\\\/#article\",\"isPartOf\":{\"@id\":\"https:\\\/\\\/www.iesabadinobhi.com\\\/es\\\/semana-del-clima\\\/\"},\"author\":{\"name\":\"komunika\",\"@id\":\"https:\\\/\\\/www.iesabadinobhi.com\\\/#\\\/schema\\\/person\\\/a71a6965234a00ffd67b3fc3c9858cd3\"},\"headline\":\"SEMANA DEL CLIMA\",\"datePublished\":\"2023-09-25T11:08:05+00:00\",\"dateModified\":\"2023-09-25T11:13:23+00:00\",\"mainEntityOfPage\":{\"@id\":\"https:\\\/\\\/www.iesabadinobhi.com\\\/es\\\/semana-del-clima\\\/\"},\"wordCount\":215,\"publisher\":{\"@id\":\"https:\\\/\\\/www.iesabadinobhi.com\\\/#organization\"},\"image\":{\"@id\":\"https:\\\/\\\/www.iesabadinobhi.com\\\/es\\\/semana-del-clima\\\/#primaryimage\"},\"thumbnailUrl\":\"https:\\\/\\\/www.iesabadinobhi.com\\\/wp-content\\\/uploads\\\/2023\\\/09\\\/asteklima-img.jpg\",\"articleSection\":[\"Noticias\"],\"inLanguage\":\"es\"},{\"@type\":\"WebPage\",\"@id\":\"https:\\\/\\\/www.iesabadinobhi.com\\\/es\\\/semana-del-clima\\\/\",\"url\":\"https:\\\/\\\/www.iesabadinobhi.com\\\/es\\\/semana-del-clima\\\/\",\"name\":\"SEMANA DEL CLIMA - Abadi\u00f1oko Institutua - Instituto de Abadi\u00f1o\",\"isPartOf\":{\"@id\":\"https:\\\/\\\/www.iesabadinobhi.com\\\/#website\"},\"primaryImageOfPage\":{\"@id\":\"https:\\\/\\\/www.iesabadinobhi.com\\\/es\\\/semana-del-clima\\\/#primaryimage\"},\"image\":{\"@id\":\"https:\\\/\\\/www.iesabadinobhi.com\\\/es\\\/semana-del-clima\\\/#primaryimage\"},\"thumbnailUrl\":\"https:\\\/\\\/www.iesabadinobhi.com\\\/wp-content\\\/uploads\\\/2023\\\/09\\\/asteklima-img.jpg\",\"datePublished\":\"2023-09-25T11:08:05+00:00\",\"dateModified\":\"2023-09-25T11:13:23+00:00\",\"breadcrumb\":{\"@id\":\"https:\\\/\\\/www.iesabadinobhi.com\\\/es\\\/semana-del-clima\\\/#breadcrumb\"},\"inLanguage\":\"es\",\"potentialAction\":[{\"@type\":\"ReadAction\",\"target\":[\"https:\\\/\\\/www.iesabadinobhi.com\\\/es\\\/semana-del-clima\\\/\"]}]},{\"@type\":\"ImageObject\",\"inLanguage\":\"es\",\"@id\":\"https:\\\/\\\/www.iesabadinobhi.com\\\/es\\\/semana-del-clima\\\/#primaryimage\",\"url\":\"https:\\\/\\\/www.iesabadinobhi.com\\\/wp-content\\\/uploads\\\/2023\\\/09\\\/asteklima-img.jpg\",\"contentUrl\":\"https:\\\/\\\/www.iesabadinobhi.com\\\/wp-content\\\/uploads\\\/2023\\\/09\\\/asteklima-img.jpg\",\"width\":1200,\"height\":643,\"caption\":\"ASTEKLIMA\"},{\"@type\":\"BreadcrumbList\",\"@id\":\"https:\\\/\\\/www.iesabadinobhi.com\\\/es\\\/semana-del-clima\\\/#breadcrumb\",\"itemListElement\":[{\"@type\":\"ListItem\",\"position\":1,\"name\":\"Portada\",\"item\":\"https:\\\/\\\/www.iesabadinobhi.com\\\/es\\\/\"},{\"@type\":\"ListItem\",\"position\":2,\"name\":\"SEMANA DEL CLIMA\"}]},{\"@type\":\"WebSite\",\"@id\":\"https:\\\/\\\/www.iesabadinobhi.com\\\/#website\",\"url\":\"https:\\\/\\\/www.iesabadinobhi.com\\\/\",\"name\":\"Abadi\u00f1oko Institutua - Instituto de Abadi\u00f1o\",\"description\":\"Centro p\u00fablico de modelo D para alumnos\\\/as de 12 a 16 a\u00f1os.\",\"publisher\":{\"@id\":\"https:\\\/\\\/www.iesabadinobhi.com\\\/#organization\"},\"potentialAction\":[{\"@type\":\"SearchAction\",\"target\":{\"@type\":\"EntryPoint\",\"urlTemplate\":\"https:\\\/\\\/www.iesabadinobhi.com\\\/?s={search_term_string}\"},\"query-input\":{\"@type\":\"PropertyValueSpecification\",\"valueRequired\":true,\"valueName\":\"search_term_string\"}}],\"inLanguage\":\"es\"},{\"@type\":\"Organization\",\"@id\":\"https:\\\/\\\/www.iesabadinobhi.com\\\/#organization\",\"name\":\"Abadi\u00f1oko Institutua - Instituto de Abadi\u00f1o\",\"url\":\"https:\\\/\\\/www.iesabadinobhi.com\\\/\",\"logo\":{\"@type\":\"ImageObject\",\"inLanguage\":\"es\",\"@id\":\"https:\\\/\\\/www.iesabadinobhi.com\\\/#\\\/schema\\\/logo\\\/image\\\/\",\"url\":\"https:\\\/\\\/www.iesabadinobhi.com\\\/wp-content\\\/uploads\\\/2022\\\/01\\\/logo_abadino_web_25-1.jpg\",\"contentUrl\":\"https:\\\/\\\/www.iesabadinobhi.com\\\/wp-content\\\/uploads\\\/2022\\\/01\\\/logo_abadino_web_25-1.jpg\",\"width\":246,\"height\":234,\"caption\":\"Abadi\u00f1oko Institutua - Instituto de Abadi\u00f1o\"},\"image\":{\"@id\":\"https:\\\/\\\/www.iesabadinobhi.com\\\/#\\\/schema\\\/logo\\\/image\\\/\"},\"sameAs\":[\"https:\\\/\\\/www.youtube.com\\\/channel\\\/UChFI9DF_PiIsiqzblGEpD6Q\"]},{\"@type\":\"Person\",\"@id\":\"https:\\\/\\\/www.iesabadinobhi.com\\\/#\\\/schema\\\/person\\\/a71a6965234a00ffd67b3fc3c9858cd3\",\"name\":\"komunika\",\"image\":{\"@type\":\"ImageObject\",\"inLanguage\":\"es\",\"@id\":\"https:\\\/\\\/secure.gravatar.com\\\/avatar\\\/a22f2ac29ef785448617c06f66acb86e91041eb5ff01e3e6145cdc0af3989762?s=96&d=mm&r=g\",\"url\":\"https:\\\/\\\/secure.gravatar.com\\\/avatar\\\/a22f2ac29ef785448617c06f66acb86e91041eb5ff01e3e6145cdc0af3989762?s=96&d=mm&r=g\",\"contentUrl\":\"https:\\\/\\\/secure.gravatar.com\\\/avatar\\\/a22f2ac29ef785448617c06f66acb86e91041eb5ff01e3e6145cdc0af3989762?s=96&d=mm&r=g\",\"caption\":\"komunika\"},\"sameAs\":[\"http:\\\/\\\/www.iesabadinobhi.com\"],\"url\":\"https:\\\/\\\/www.iesabadinobhi.com\\\/es\\\/author\\\/komunika\\\/\"}]}<\/script>\n<!-- \/ Yoast SEO plugin. -->","yoast_head_json":{"title":"SEMANA DEL CLIMA - Abadi\u00f1oko Institutua - Instituto de Abadi\u00f1o","robots":{"index":"index","follow":"follow","max-snippet":"max-snippet:-1","max-image-preview":"max-image-preview:large","max-video-preview":"max-video-preview:-1"},"canonical":"https:\/\/www.iesabadinobhi.com\/es\/semana-del-clima\/","og_locale":"es_ES","og_type":"article","og_title":"SEMANA DEL CLIMA - Abadi\u00f1oko Institutua - Instituto de Abadi\u00f1o","og_description":"Con el objetivo de fomentar la lucha contra el cambio clim\u00e1tico, el Gobierno Vasco ha puesto en marcha una convocatoria denominada Asteklima. Este a\u00f1o, los del IES Abadi\u00f1o, en colaboraci\u00f3n con el Ayuntamiento de Abadi\u00f1o, tambi\u00e9n participaremos. Para ello, con la mediaci\u00f3n del agente externo Lurlab, analizaremos uno de los&nbsp;&hellip;","og_url":"https:\/\/www.iesabadinobhi.com\/es\/semana-del-clima\/","og_site_name":"Abadi\u00f1oko Institutua - Instituto de Abadi\u00f1o","article_published_time":"2023-09-25T11:08:05+00:00","article_modified_time":"2023-09-25T11:13:23+00:00","og_image":[{"width":1200,"height":643,"url":"https:\/\/www.iesabadinobhi.com\/wp-content\/uploads\/2023\/09\/asteklima-img.jpg","type":"image\/jpeg"}],"author":"komunika","twitter_card":"summary_large_image","twitter_misc":{"Escrito por":"komunika","Tiempo de lectura":"1 minuto"},"schema":{"@context":"https:\/\/schema.org","@graph":[{"@type":"Article","@id":"https:\/\/www.iesabadinobhi.com\/es\/semana-del-clima\/#article","isPartOf":{"@id":"https:\/\/www.iesabadinobhi.com\/es\/semana-del-clima\/"},"author":{"name":"komunika","@id":"https:\/\/www.iesabadinobhi.com\/#\/schema\/person\/a71a6965234a00ffd67b3fc3c9858cd3"},"headline":"SEMANA DEL CLIMA","datePublished":"2023-09-25T11:08:05+00:00","dateModified":"2023-09-25T11:13:23+00:00","mainEntityOfPage":{"@id":"https:\/\/www.iesabadinobhi.com\/es\/semana-del-clima\/"},"wordCount":215,"publisher":{"@id":"https:\/\/www.iesabadinobhi.com\/#organization"},"image":{"@id":"https:\/\/www.iesabadinobhi.com\/es\/semana-del-clima\/#primaryimage"},"thumbnailUrl":"https:\/\/www.iesabadinobhi.com\/wp-content\/uploads\/2023\/09\/asteklima-img.jpg","articleSection":["Noticias"],"inLanguage":"es"},{"@type":"WebPage","@id":"https:\/\/www.iesabadinobhi.com\/es\/semana-del-clima\/","url":"https:\/\/www.iesabadinobhi.com\/es\/semana-del-clima\/","name":"SEMANA DEL CLIMA - Abadi\u00f1oko Institutua - Instituto de Abadi\u00f1o","isPartOf":{"@id":"https:\/\/www.iesabadinobhi.com\/#website"},"primaryImageOfPage":{"@id":"https:\/\/www.iesabadinobhi.com\/es\/semana-del-clima\/#primaryimage"},"image":{"@id":"https:\/\/www.iesabadinobhi.com\/es\/semana-del-clima\/#primaryimage"},"thumbnailUrl":"https:\/\/www.iesabadinobhi.com\/wp-content\/uploads\/2023\/09\/asteklima-img.jpg","datePublished":"2023-09-25T11:08:05+00:00","dateModified":"2023-09-25T11:13:23+00:00","breadcrumb":{"@id":"https:\/\/www.iesabadinobhi.com\/es\/semana-del-clima\/#breadcrumb"},"inLanguage":"es","potentialAction":[{"@type":"ReadAction","target":["https:\/\/www.iesabadinobhi.com\/es\/semana-del-clima\/"]}]},{"@type":"ImageObject","inLanguage":"es","@id":"https:\/\/www.iesabadinobhi.com\/es\/semana-del-clima\/#primaryimage","url":"https:\/\/www.iesabadinobhi.com\/wp-content\/uploads\/2023\/09\/asteklima-img.jpg","contentUrl":"https:\/\/www.iesabadinobhi.com\/wp-content\/uploads\/2023\/09\/asteklima-img.jpg","width":1200,"height":643,"caption":"ASTEKLIMA"},{"@type":"BreadcrumbList","@id":"https:\/\/www.iesabadinobhi.com\/es\/semana-del-clima\/#breadcrumb","itemListElement":[{"@type":"ListItem","position":1,"name":"Portada","item":"https:\/\/www.iesabadinobhi.com\/es\/"},{"@type":"ListItem","position":2,"name":"SEMANA DEL CLIMA"}]},{"@type":"WebSite","@id":"https:\/\/www.iesabadinobhi.com\/#website","url":"https:\/\/www.iesabadinobhi.com\/","name":"Abadi\u00f1oko Institutua - Instituto de Abadi\u00f1o","description":"Centro p\u00fablico de modelo D para alumnos\/as de 12 a 16 a\u00f1os.","publisher":{"@id":"https:\/\/www.iesabadinobhi.com\/#organization"},"potentialAction":[{"@type":"SearchAction","target":{"@type":"EntryPoint","urlTemplate":"https:\/\/www.iesabadinobhi.com\/?s={search_term_string}"},"query-input":{"@type":"PropertyValueSpecification","valueRequired":true,"valueName":"search_term_string"}}],"inLanguage":"es"},{"@type":"Organization","@id":"https:\/\/www.iesabadinobhi.com\/#organization","name":"Abadi\u00f1oko Institutua - Instituto de Abadi\u00f1o","url":"https:\/\/www.iesabadinobhi.com\/","logo":{"@type":"ImageObject","inLanguage":"es","@id":"https:\/\/www.iesabadinobhi.com\/#\/schema\/logo\/image\/","url":"https:\/\/www.iesabadinobhi.com\/wp-content\/uploads\/2022\/01\/logo_abadino_web_25-1.jpg","contentUrl":"https:\/\/www.iesabadinobhi.com\/wp-content\/uploads\/2022\/01\/logo_abadino_web_25-1.jpg","width":246,"height":234,"caption":"Abadi\u00f1oko Institutua - Instituto de Abadi\u00f1o"},"image":{"@id":"https:\/\/www.iesabadinobhi.com\/#\/schema\/logo\/image\/"},"sameAs":["https:\/\/www.youtube.com\/channel\/UChFI9DF_PiIsiqzblGEpD6Q"]},{"@type":"Person","@id":"https:\/\/www.iesabadinobhi.com\/#\/schema\/person\/a71a6965234a00ffd67b3fc3c9858cd3","name":"komunika","image":{"@type":"ImageObject","inLanguage":"es","@id":"https:\/\/secure.gravatar.com\/avatar\/a22f2ac29ef785448617c06f66acb86e91041eb5ff01e3e6145cdc0af3989762?s=96&d=mm&r=g","url":"https:\/\/secure.gravatar.com\/avatar\/a22f2ac29ef785448617c06f66acb86e91041eb5ff01e3e6145cdc0af3989762?s=96&d=mm&r=g","contentUrl":"https:\/\/secure.gravatar.com\/avatar\/a22f2ac29ef785448617c06f66acb86e91041eb5ff01e3e6145cdc0af3989762?s=96&d=mm&r=g","caption":"komunika"},"sameAs":["http:\/\/www.iesabadinobhi.com"],"url":"https:\/\/www.iesabadinobhi.com\/es\/author\/komunika\/"}]}},"_links":{"self":[{"href":"https:\/\/www.iesabadinobhi.com\/es\/wp-json\/wp\/v2\/posts\/13297","targetHints":{"allow":["GET"]}}],"collection":[{"href":"https:\/\/www.iesabadinobhi.com\/es\/wp-json\/wp\/v2\/posts"}],"about":[{"href":"https:\/\/www.iesabadinobhi.com\/es\/wp-json\/wp\/v2\/types\/post"}],"author":[{"embeddable":true,"href":"https:\/\/www.iesabadinobhi.com\/es\/wp-json\/wp\/v2\/users\/1"}],"replies":[{"embeddable":true,"href":"https:\/\/www.iesabadinobhi.com\/es\/wp-json\/wp\/v2\/comments?post=13297"}],"version-history":[{"count":8,"href":"https:\/\/www.iesabadinobhi.com\/es\/wp-json\/wp\/v2\/posts\/13297\/revisions"}],"predecessor-version":[{"id":13317,"href":"https:\/\/www.iesabadinobhi.com\/es\/wp-json\/wp\/v2\/posts\/13297\/revisions\/13317"}],"wp:featuredmedia":[{"embeddable":true,"href":"https:\/\/www.iesabadinobhi.com\/es\/wp-json\/wp\/v2\/media\/13309"}],"wp:attachment":[{"href":"https:\/\/www.iesabadinobhi.com\/es\/wp-json\/wp\/v2\/media?parent=13297"}],"wp:term":[{"taxonomy":"category","embeddable":true,"href":"https:\/\/www.iesabadinobhi.com\/es\/wp-json\/wp\/v2\/categories?post=13297"},{"taxonomy":"post_tag","embeddable":true,"href":"https:\/\/www.iesabadinobhi.com\/es\/wp-json\/wp\/v2\/tags?post=13297"}],"curies":[{"name":"wp","href":"https:\/\/api.w.org\/{rel}","templated":true}]}}