  {"id":12895,"date":"2023-09-04T13:39:24","date_gmt":"2023-09-04T11:39:24","guid":{"rendered":"https:\/\/www.iesabadinobhi.com\/?p=12895"},"modified":"2023-09-04T13:53:55","modified_gmt":"2023-09-04T11:53:55","slug":"primer-dia-de-clase","status":"publish","type":"post","link":"https:\/\/www.iesabadinobhi.com\/es\/primer-dia-de-clase\/","title":{"rendered":"Primer D\u00eda de Clase"},"content":{"rendered":"\t\t<div data-elementor-type=\"wp-post\" data-elementor-id=\"12895\" class=\"elementor elementor-12895 elementor-12894\" data-elementor-settings=\"[]\">\n\t\t\t\t\t\t<div class=\"elementor-inner\">\n\t\t\t\t\t\t\t<div class=\"elementor-section-wrap\">\n\t\t\t\t\t\t\t<section class=\"elementor-section elementor-top-section elementor-element elementor-element-79ff05d2 elementor-section-boxed elementor-section-height-default elementor-section-height-default\" data-id=\"79ff05d2\" data-element_type=\"section\">\n\t\t\t\t\t\t<div class=\"elementor-container elementor-column-gap-default\">\n\t\t\t\t\t\t\t<div class=\"elementor-row\">\n\t\t\t\t\t<div class=\"elementor-column elementor-col-100 elementor-top-column elementor-element elementor-element-4e1b8e4f\" data-id=\"4e1b8e4f\" data-element_type=\"column\">\n\t\t\t<div class=\"elementor-column-wrap elementor-element-populated\">\n\t\t\t\t\t\t\t<div class=\"elementor-widget-wrap\">\n\t\t\t\t\t\t<div class=\"elementor-element elementor-element-1a47996 elementor-widget elementor-widget-image\" data-id=\"1a47996\" data-element_type=\"widget\" data-widget_type=\"image.default\">\n\t\t\t\t<div class=\"elementor-widget-container\">\n\t\t\t\t\t<div class=\"elementor-image\">\n\t\t\t\t\t\t\t\t\t\t\t<a href=\"https:\/\/www.iesabadinobhi.com\/wp-content\/uploads\/2023\/09\/noticia_cole.jpg\" data-elementor-open-lightbox=\"yes\" data-elementor-lightbox-title=\"noticia_cole\">\n\t\t\t\t\t\t\t<img loading=\"lazy\" decoding=\"async\" width=\"1024\" height=\"500\" src=\"https:\/\/www.iesabadinobhi.com\/wp-content\/uploads\/2023\/09\/noticia_cole-1024x500.jpg\" class=\"attachment-large size-large\" alt=\"IES Abadi\u00f1o\" srcset=\"https:\/\/www.iesabadinobhi.com\/wp-content\/uploads\/2023\/09\/noticia_cole-1024x500.jpg 1024w, https:\/\/www.iesabadinobhi.com\/wp-content\/uploads\/2023\/09\/noticia_cole-500x244.jpg 500w, https:\/\/www.iesabadinobhi.com\/wp-content\/uploads\/2023\/09\/noticia_cole-768x375.jpg 768w, https:\/\/www.iesabadinobhi.com\/wp-content\/uploads\/2023\/09\/noticia_cole-1536x750.jpg 1536w, https:\/\/www.iesabadinobhi.com\/wp-content\/uploads\/2023\/09\/noticia_cole-150x73.jpg 150w, https:\/\/www.iesabadinobhi.com\/wp-content\/uploads\/2023\/09\/noticia_cole.jpg 2000w\" sizes=\"auto, (max-width: 1024px) 100vw, 1024px\" \/>\t\t\t\t\t\t\t\t<\/a>\n\t\t\t\t\t\t\t\t\t\t\t<\/div>\n\t\t\t\t<\/div>\n\t\t\t\t<\/div>\n\t\t\t\t<div class=\"elementor-element elementor-element-153dc1c5 elementor-widget elementor-widget-text-editor\" data-id=\"153dc1c5\" data-element_type=\"widget\" data-widget_type=\"text-editor.default\">\n\t\t\t\t<div class=\"elementor-widget-container\">\n\t\t\t\t\t<div class=\"elementor-text-editor elementor-clearfix\"><p>Hola a tod@s!\u00a0<br \/>Os informamos de que el <strong>primer d\u00eda de clase de vuestros hijos\/as<\/strong> ser\u00e1 el 7 de septiembre. Ese d\u00eda \u00fanicamente tendr\u00e1n la presentaci\u00f3n en el horario abajo detallado:<\/p><ul><li>10:00h: 1\u00ba ESO y 2\u00baESO<\/li><li>10:30h: 3\u00baESO y 4\u00baESO<\/li><\/ul><p>A partir del 8 de septiembre, comenzaremos con el horario habitual. Por lo tanto, desde ese d\u00eda en adelante, habr\u00e1 servicio de comedor.<\/p><p>Para asegurar el orden en las <strong>entradas y salidas del alumnado<\/strong>, se continuar\u00e1n con los turnos de este curso:<\/p><ul><li>8:20h: 1er turno de autob\u00fas. <\/li><li>8:25h: 1\u00ba y 2\u00ba de la ESO<\/li><li>8:30h: 3\u00ba y 4\u00ba de la ESO y 2\u00ba turno de autob\u00fas.<\/li><\/ul><p>Todo el alumnado (excepto el 2\u00ba turno de bus) saldr\u00e1 a las 14:30h.<\/p><ul><li>El alumnado de 1er ciclo entrar\u00e1 y saldr\u00e1 por la puerta principal y el de 2\u00ba por la lateral.<\/li><\/ul><p>Os informamos de las <strong>reuniones de presentaci\u00f3n con las familias<\/strong>:<\/p><ul><li>El 20 de septiembre a las 18:00h todo el alumnado de la ESO pero cada uno en la tutor\u00eda correspondiente.<\/li><\/ul><p>El alumnado que vaya a utilizar el servicio de transporte (1er ciclo) durante el curso, que sepa que como habitualmente, el autob\u00fas saldr\u00e1 a las 8:00h de Muntsaratz y dar\u00e1 dos vueltas llegando a Zelaieta aproximadamente a las 8:15h.<\/p><p>Otras informaciones se ir\u00e1n subiendo a la p\u00e1gina web en septiembre.<\/p><\/div>\n\t\t\t\t<\/div>\n\t\t\t\t<\/div>\n\t\t\t\t\t\t<\/div>\n\t\t\t\t\t<\/div>\n\t\t<\/div>\n\t\t\t\t\t\t\t\t<\/div>\n\t\t\t\t\t<\/div>\n\t\t<\/section>\n\t\t\t\t\t\t<\/div>\n\t\t\t\t\t\t<\/div>\n\t\t\t\t\t<\/div>\n\t\t","protected":false},"excerpt":{"rendered":"<p>Hola a tod@s!\u00a0Os informamos de que el primer d\u00eda de clase de vuestros hijos\/as ser\u00e1 el 7 de septiembre. Ese d\u00eda \u00fanicamente tendr\u00e1n la presentaci\u00f3n en el horario abajo detallado: 10:00h: 1\u00ba ESO y 2\u00baESO 10:30h: 3\u00baESO y 4\u00baESO A partir del 8 de septiembre, comenzaremos con el horario habitual.&nbsp;<a href=\"https:\/\/www.iesabadinobhi.com\/es\/primer-dia-de-clase\/\">&hellip;<\/a><\/p>\n","protected":false},"author":1,"featured_media":12917,"comment_status":"closed","ping_status":"closed","sticky":false,"template":"","format":"standard","meta":{"_acf_changed":false,"footnotes":""},"categories":[38],"tags":[],"class_list":["post-12895","post","type-post","status-publish","format-standard","has-post-thumbnail","hentry","category-noticias","odd"],"acf":[],"yoast_head":"<!-- This site is optimized with the Yoast SEO plugin v27.4 - https:\/\/yoast.com\/product\/yoast-seo-wordpress\/ -->\n<title>Primer D\u00eda de Clase - Abadi\u00f1oko Institutua - Instituto de Abadi\u00f1o<\/title>\n<meta name=\"robots\" content=\"index, follow, max-snippet:-1, max-image-preview:large, max-video-preview:-1\" \/>\n<link rel=\"canonical\" href=\"https:\/\/www.iesabadinobhi.com\/es\/primer-dia-de-clase\/\" \/>\n<meta property=\"og:locale\" content=\"es_ES\" \/>\n<meta property=\"og:type\" content=\"article\" \/>\n<meta property=\"og:title\" content=\"Primer D\u00eda de Clase - Abadi\u00f1oko Institutua - Instituto de Abadi\u00f1o\" \/>\n<meta property=\"og:description\" content=\"Hola a tod@s!\u00a0Os informamos de que el primer d\u00eda de clase de vuestros hijos\/as ser\u00e1 el 7 de septiembre. Ese d\u00eda \u00fanicamente tendr\u00e1n la presentaci\u00f3n en el horario abajo detallado: 10:00h: 1\u00ba ESO y 2\u00baESO 10:30h: 3\u00baESO y 4\u00baESO A partir del 8 de septiembre, comenzaremos con el horario habitual.&nbsp;&hellip;\" \/>\n<meta property=\"og:url\" content=\"https:\/\/www.iesabadinobhi.com\/es\/primer-dia-de-clase\/\" \/>\n<meta property=\"og:site_name\" content=\"Abadi\u00f1oko Institutua - Instituto de Abadi\u00f1o\" \/>\n<meta property=\"article:published_time\" content=\"2023-09-04T11:39:24+00:00\" \/>\n<meta property=\"article:modified_time\" content=\"2023-09-04T11:53:55+00:00\" \/>\n<meta property=\"og:image\" content=\"https:\/\/www.iesabadinobhi.com\/wp-content\/uploads\/2023\/09\/noticia_cole_2.jpg\" \/>\n\t<meta property=\"og:image:width\" content=\"2000\" \/>\n\t<meta property=\"og:image:height\" content=\"1072\" \/>\n\t<meta property=\"og:image:type\" content=\"image\/jpeg\" \/>\n<meta name=\"author\" content=\"komunika\" \/>\n<meta name=\"twitter:card\" content=\"summary_large_image\" \/>\n<meta name=\"twitter:label1\" content=\"Escrito por\" \/>\n\t<meta name=\"twitter:data1\" content=\"komunika\" \/>\n\t<meta name=\"twitter:label2\" content=\"Tiempo de lectura\" \/>\n\t<meta name=\"twitter:data2\" content=\"1 minuto\" \/>\n<script type=\"application\/ld+json\" class=\"yoast-schema-graph\">{\"@context\":\"https:\\\/\\\/schema.org\",\"@graph\":[{\"@type\":\"Article\",\"@id\":\"https:\\\/\\\/www.iesabadinobhi.com\\\/es\\\/primer-dia-de-clase\\\/#article\",\"isPartOf\":{\"@id\":\"https:\\\/\\\/www.iesabadinobhi.com\\\/es\\\/primer-dia-de-clase\\\/\"},\"author\":{\"name\":\"komunika\",\"@id\":\"https:\\\/\\\/www.iesabadinobhi.com\\\/#\\\/schema\\\/person\\\/a71a6965234a00ffd67b3fc3c9858cd3\"},\"headline\":\"Primer D\u00eda de Clase\",\"datePublished\":\"2023-09-04T11:39:24+00:00\",\"dateModified\":\"2023-09-04T11:53:55+00:00\",\"mainEntityOfPage\":{\"@id\":\"https:\\\/\\\/www.iesabadinobhi.com\\\/es\\\/primer-dia-de-clase\\\/\"},\"wordCount\":227,\"publisher\":{\"@id\":\"https:\\\/\\\/www.iesabadinobhi.com\\\/#organization\"},\"image\":{\"@id\":\"https:\\\/\\\/www.iesabadinobhi.com\\\/es\\\/primer-dia-de-clase\\\/#primaryimage\"},\"thumbnailUrl\":\"https:\\\/\\\/www.iesabadinobhi.com\\\/wp-content\\\/uploads\\\/2023\\\/09\\\/noticia_cole_2.jpg\",\"articleSection\":[\"Noticias\"],\"inLanguage\":\"es\"},{\"@type\":\"WebPage\",\"@id\":\"https:\\\/\\\/www.iesabadinobhi.com\\\/es\\\/primer-dia-de-clase\\\/\",\"url\":\"https:\\\/\\\/www.iesabadinobhi.com\\\/es\\\/primer-dia-de-clase\\\/\",\"name\":\"Primer D\u00eda de Clase - Abadi\u00f1oko Institutua - Instituto de Abadi\u00f1o\",\"isPartOf\":{\"@id\":\"https:\\\/\\\/www.iesabadinobhi.com\\\/#website\"},\"primaryImageOfPage\":{\"@id\":\"https:\\\/\\\/www.iesabadinobhi.com\\\/es\\\/primer-dia-de-clase\\\/#primaryimage\"},\"image\":{\"@id\":\"https:\\\/\\\/www.iesabadinobhi.com\\\/es\\\/primer-dia-de-clase\\\/#primaryimage\"},\"thumbnailUrl\":\"https:\\\/\\\/www.iesabadinobhi.com\\\/wp-content\\\/uploads\\\/2023\\\/09\\\/noticia_cole_2.jpg\",\"datePublished\":\"2023-09-04T11:39:24+00:00\",\"dateModified\":\"2023-09-04T11:53:55+00:00\",\"breadcrumb\":{\"@id\":\"https:\\\/\\\/www.iesabadinobhi.com\\\/es\\\/primer-dia-de-clase\\\/#breadcrumb\"},\"inLanguage\":\"es\",\"potentialAction\":[{\"@type\":\"ReadAction\",\"target\":[\"https:\\\/\\\/www.iesabadinobhi.com\\\/es\\\/primer-dia-de-clase\\\/\"]}]},{\"@type\":\"ImageObject\",\"inLanguage\":\"es\",\"@id\":\"https:\\\/\\\/www.iesabadinobhi.com\\\/es\\\/primer-dia-de-clase\\\/#primaryimage\",\"url\":\"https:\\\/\\\/www.iesabadinobhi.com\\\/wp-content\\\/uploads\\\/2023\\\/09\\\/noticia_cole_2.jpg\",\"contentUrl\":\"https:\\\/\\\/www.iesabadinobhi.com\\\/wp-content\\\/uploads\\\/2023\\\/09\\\/noticia_cole_2.jpg\",\"width\":2000,\"height\":1072,\"caption\":\"IES Abadi\u00f1o\"},{\"@type\":\"BreadcrumbList\",\"@id\":\"https:\\\/\\\/www.iesabadinobhi.com\\\/es\\\/primer-dia-de-clase\\\/#breadcrumb\",\"itemListElement\":[{\"@type\":\"ListItem\",\"position\":1,\"name\":\"Portada\",\"item\":\"https:\\\/\\\/www.iesabadinobhi.com\\\/es\\\/\"},{\"@type\":\"ListItem\",\"position\":2,\"name\":\"Primer D\u00eda de Clase\"}]},{\"@type\":\"WebSite\",\"@id\":\"https:\\\/\\\/www.iesabadinobhi.com\\\/#website\",\"url\":\"https:\\\/\\\/www.iesabadinobhi.com\\\/\",\"name\":\"Abadi\u00f1oko Institutua - Instituto de Abadi\u00f1o\",\"description\":\"Centro p\u00fablico de modelo D para alumnos\\\/as de 12 a 16 a\u00f1os.\",\"publisher\":{\"@id\":\"https:\\\/\\\/www.iesabadinobhi.com\\\/#organization\"},\"potentialAction\":[{\"@type\":\"SearchAction\",\"target\":{\"@type\":\"EntryPoint\",\"urlTemplate\":\"https:\\\/\\\/www.iesabadinobhi.com\\\/?s={search_term_string}\"},\"query-input\":{\"@type\":\"PropertyValueSpecification\",\"valueRequired\":true,\"valueName\":\"search_term_string\"}}],\"inLanguage\":\"es\"},{\"@type\":\"Organization\",\"@id\":\"https:\\\/\\\/www.iesabadinobhi.com\\\/#organization\",\"name\":\"Abadi\u00f1oko Institutua - Instituto de Abadi\u00f1o\",\"url\":\"https:\\\/\\\/www.iesabadinobhi.com\\\/\",\"logo\":{\"@type\":\"ImageObject\",\"inLanguage\":\"es\",\"@id\":\"https:\\\/\\\/www.iesabadinobhi.com\\\/#\\\/schema\\\/logo\\\/image\\\/\",\"url\":\"https:\\\/\\\/www.iesabadinobhi.com\\\/wp-content\\\/uploads\\\/2022\\\/01\\\/logo_abadino_web_25-1.jpg\",\"contentUrl\":\"https:\\\/\\\/www.iesabadinobhi.com\\\/wp-content\\\/uploads\\\/2022\\\/01\\\/logo_abadino_web_25-1.jpg\",\"width\":246,\"height\":234,\"caption\":\"Abadi\u00f1oko Institutua - Instituto de Abadi\u00f1o\"},\"image\":{\"@id\":\"https:\\\/\\\/www.iesabadinobhi.com\\\/#\\\/schema\\\/logo\\\/image\\\/\"},\"sameAs\":[\"https:\\\/\\\/www.youtube.com\\\/channel\\\/UChFI9DF_PiIsiqzblGEpD6Q\"]},{\"@type\":\"Person\",\"@id\":\"https:\\\/\\\/www.iesabadinobhi.com\\\/#\\\/schema\\\/person\\\/a71a6965234a00ffd67b3fc3c9858cd3\",\"name\":\"komunika\",\"image\":{\"@type\":\"ImageObject\",\"inLanguage\":\"es\",\"@id\":\"https:\\\/\\\/secure.gravatar.com\\\/avatar\\\/a22f2ac29ef785448617c06f66acb86e91041eb5ff01e3e6145cdc0af3989762?s=96&d=mm&r=g\",\"url\":\"https:\\\/\\\/secure.gravatar.com\\\/avatar\\\/a22f2ac29ef785448617c06f66acb86e91041eb5ff01e3e6145cdc0af3989762?s=96&d=mm&r=g\",\"contentUrl\":\"https:\\\/\\\/secure.gravatar.com\\\/avatar\\\/a22f2ac29ef785448617c06f66acb86e91041eb5ff01e3e6145cdc0af3989762?s=96&d=mm&r=g\",\"caption\":\"komunika\"},\"sameAs\":[\"http:\\\/\\\/www.iesabadinobhi.com\"],\"url\":\"https:\\\/\\\/www.iesabadinobhi.com\\\/es\\\/author\\\/komunika\\\/\"}]}<\/script>\n<!-- \/ Yoast SEO plugin. -->","yoast_head_json":{"title":"Primer D\u00eda de Clase - Abadi\u00f1oko Institutua - Instituto de Abadi\u00f1o","robots":{"index":"index","follow":"follow","max-snippet":"max-snippet:-1","max-image-preview":"max-image-preview:large","max-video-preview":"max-video-preview:-1"},"canonical":"https:\/\/www.iesabadinobhi.com\/es\/primer-dia-de-clase\/","og_locale":"es_ES","og_type":"article","og_title":"Primer D\u00eda de Clase - Abadi\u00f1oko Institutua - Instituto de Abadi\u00f1o","og_description":"Hola a tod@s!\u00a0Os informamos de que el primer d\u00eda de clase de vuestros hijos\/as ser\u00e1 el 7 de septiembre. Ese d\u00eda \u00fanicamente tendr\u00e1n la presentaci\u00f3n en el horario abajo detallado: 10:00h: 1\u00ba ESO y 2\u00baESO 10:30h: 3\u00baESO y 4\u00baESO A partir del 8 de septiembre, comenzaremos con el horario habitual.&nbsp;&hellip;","og_url":"https:\/\/www.iesabadinobhi.com\/es\/primer-dia-de-clase\/","og_site_name":"Abadi\u00f1oko Institutua - Instituto de Abadi\u00f1o","article_published_time":"2023-09-04T11:39:24+00:00","article_modified_time":"2023-09-04T11:53:55+00:00","og_image":[{"width":2000,"height":1072,"url":"https:\/\/www.iesabadinobhi.com\/wp-content\/uploads\/2023\/09\/noticia_cole_2.jpg","type":"image\/jpeg"}],"author":"komunika","twitter_card":"summary_large_image","twitter_misc":{"Escrito por":"komunika","Tiempo de lectura":"1 minuto"},"schema":{"@context":"https:\/\/schema.org","@graph":[{"@type":"Article","@id":"https:\/\/www.iesabadinobhi.com\/es\/primer-dia-de-clase\/#article","isPartOf":{"@id":"https:\/\/www.iesabadinobhi.com\/es\/primer-dia-de-clase\/"},"author":{"name":"komunika","@id":"https:\/\/www.iesabadinobhi.com\/#\/schema\/person\/a71a6965234a00ffd67b3fc3c9858cd3"},"headline":"Primer D\u00eda de Clase","datePublished":"2023-09-04T11:39:24+00:00","dateModified":"2023-09-04T11:53:55+00:00","mainEntityOfPage":{"@id":"https:\/\/www.iesabadinobhi.com\/es\/primer-dia-de-clase\/"},"wordCount":227,"publisher":{"@id":"https:\/\/www.iesabadinobhi.com\/#organization"},"image":{"@id":"https:\/\/www.iesabadinobhi.com\/es\/primer-dia-de-clase\/#primaryimage"},"thumbnailUrl":"https:\/\/www.iesabadinobhi.com\/wp-content\/uploads\/2023\/09\/noticia_cole_2.jpg","articleSection":["Noticias"],"inLanguage":"es"},{"@type":"WebPage","@id":"https:\/\/www.iesabadinobhi.com\/es\/primer-dia-de-clase\/","url":"https:\/\/www.iesabadinobhi.com\/es\/primer-dia-de-clase\/","name":"Primer D\u00eda de Clase - Abadi\u00f1oko Institutua - Instituto de Abadi\u00f1o","isPartOf":{"@id":"https:\/\/www.iesabadinobhi.com\/#website"},"primaryImageOfPage":{"@id":"https:\/\/www.iesabadinobhi.com\/es\/primer-dia-de-clase\/#primaryimage"},"image":{"@id":"https:\/\/www.iesabadinobhi.com\/es\/primer-dia-de-clase\/#primaryimage"},"thumbnailUrl":"https:\/\/www.iesabadinobhi.com\/wp-content\/uploads\/2023\/09\/noticia_cole_2.jpg","datePublished":"2023-09-04T11:39:24+00:00","dateModified":"2023-09-04T11:53:55+00:00","breadcrumb":{"@id":"https:\/\/www.iesabadinobhi.com\/es\/primer-dia-de-clase\/#breadcrumb"},"inLanguage":"es","potentialAction":[{"@type":"ReadAction","target":["https:\/\/www.iesabadinobhi.com\/es\/primer-dia-de-clase\/"]}]},{"@type":"ImageObject","inLanguage":"es","@id":"https:\/\/www.iesabadinobhi.com\/es\/primer-dia-de-clase\/#primaryimage","url":"https:\/\/www.iesabadinobhi.com\/wp-content\/uploads\/2023\/09\/noticia_cole_2.jpg","contentUrl":"https:\/\/www.iesabadinobhi.com\/wp-content\/uploads\/2023\/09\/noticia_cole_2.jpg","width":2000,"height":1072,"caption":"IES Abadi\u00f1o"},{"@type":"BreadcrumbList","@id":"https:\/\/www.iesabadinobhi.com\/es\/primer-dia-de-clase\/#breadcrumb","itemListElement":[{"@type":"ListItem","position":1,"name":"Portada","item":"https:\/\/www.iesabadinobhi.com\/es\/"},{"@type":"ListItem","position":2,"name":"Primer D\u00eda de Clase"}]},{"@type":"WebSite","@id":"https:\/\/www.iesabadinobhi.com\/#website","url":"https:\/\/www.iesabadinobhi.com\/","name":"Abadi\u00f1oko Institutua - Instituto de Abadi\u00f1o","description":"Centro p\u00fablico de modelo D para alumnos\/as de 12 a 16 a\u00f1os.","publisher":{"@id":"https:\/\/www.iesabadinobhi.com\/#organization"},"potentialAction":[{"@type":"SearchAction","target":{"@type":"EntryPoint","urlTemplate":"https:\/\/www.iesabadinobhi.com\/?s={search_term_string}"},"query-input":{"@type":"PropertyValueSpecification","valueRequired":true,"valueName":"search_term_string"}}],"inLanguage":"es"},{"@type":"Organization","@id":"https:\/\/www.iesabadinobhi.com\/#organization","name":"Abadi\u00f1oko Institutua - Instituto de Abadi\u00f1o","url":"https:\/\/www.iesabadinobhi.com\/","logo":{"@type":"ImageObject","inLanguage":"es","@id":"https:\/\/www.iesabadinobhi.com\/#\/schema\/logo\/image\/","url":"https:\/\/www.iesabadinobhi.com\/wp-content\/uploads\/2022\/01\/logo_abadino_web_25-1.jpg","contentUrl":"https:\/\/www.iesabadinobhi.com\/wp-content\/uploads\/2022\/01\/logo_abadino_web_25-1.jpg","width":246,"height":234,"caption":"Abadi\u00f1oko Institutua - Instituto de Abadi\u00f1o"},"image":{"@id":"https:\/\/www.iesabadinobhi.com\/#\/schema\/logo\/image\/"},"sameAs":["https:\/\/www.youtube.com\/channel\/UChFI9DF_PiIsiqzblGEpD6Q"]},{"@type":"Person","@id":"https:\/\/www.iesabadinobhi.com\/#\/schema\/person\/a71a6965234a00ffd67b3fc3c9858cd3","name":"komunika","image":{"@type":"ImageObject","inLanguage":"es","@id":"https:\/\/secure.gravatar.com\/avatar\/a22f2ac29ef785448617c06f66acb86e91041eb5ff01e3e6145cdc0af3989762?s=96&d=mm&r=g","url":"https:\/\/secure.gravatar.com\/avatar\/a22f2ac29ef785448617c06f66acb86e91041eb5ff01e3e6145cdc0af3989762?s=96&d=mm&r=g","contentUrl":"https:\/\/secure.gravatar.com\/avatar\/a22f2ac29ef785448617c06f66acb86e91041eb5ff01e3e6145cdc0af3989762?s=96&d=mm&r=g","caption":"komunika"},"sameAs":["http:\/\/www.iesabadinobhi.com"],"url":"https:\/\/www.iesabadinobhi.com\/es\/author\/komunika\/"}]}},"_links":{"self":[{"href":"https:\/\/www.iesabadinobhi.com\/es\/wp-json\/wp\/v2\/posts\/12895","targetHints":{"allow":["GET"]}}],"collection":[{"href":"https:\/\/www.iesabadinobhi.com\/es\/wp-json\/wp\/v2\/posts"}],"about":[{"href":"https:\/\/www.iesabadinobhi.com\/es\/wp-json\/wp\/v2\/types\/post"}],"author":[{"embeddable":true,"href":"https:\/\/www.iesabadinobhi.com\/es\/wp-json\/wp\/v2\/users\/1"}],"replies":[{"embeddable":true,"href":"https:\/\/www.iesabadinobhi.com\/es\/wp-json\/wp\/v2\/comments?post=12895"}],"version-history":[{"count":10,"href":"https:\/\/www.iesabadinobhi.com\/es\/wp-json\/wp\/v2\/posts\/12895\/revisions"}],"predecessor-version":[{"id":12923,"href":"https:\/\/www.iesabadinobhi.com\/es\/wp-json\/wp\/v2\/posts\/12895\/revisions\/12923"}],"wp:featuredmedia":[{"embeddable":true,"href":"https:\/\/www.iesabadinobhi.com\/es\/wp-json\/wp\/v2\/media\/12917"}],"wp:attachment":[{"href":"https:\/\/www.iesabadinobhi.com\/es\/wp-json\/wp\/v2\/media?parent=12895"}],"wp:term":[{"taxonomy":"category","embeddable":true,"href":"https:\/\/www.iesabadinobhi.com\/es\/wp-json\/wp\/v2\/categories?post=12895"},{"taxonomy":"post_tag","embeddable":true,"href":"https:\/\/www.iesabadinobhi.com\/es\/wp-json\/wp\/v2\/tags?post=12895"}],"curies":[{"name":"wp","href":"https:\/\/api.w.org\/{rel}","templated":true}]}}