  {"id":12713,"date":"2023-06-27T10:59:50","date_gmt":"2023-06-27T08:59:50","guid":{"rendered":"https:\/\/www.iesabadinobhi.com\/?p=12713"},"modified":"2023-06-27T13:31:06","modified_gmt":"2023-06-27T11:31:06","slug":"despedida-de-4o-de-la-eso","status":"publish","type":"post","link":"https:\/\/www.iesabadinobhi.com\/es\/despedida-de-4o-de-la-eso\/","title":{"rendered":"DESPEDIDA DE 4\u00ba DE LA ESO"},"content":{"rendered":"\t\t<div data-elementor-type=\"wp-post\" data-elementor-id=\"12713\" class=\"elementor elementor-12713 elementor-12712\" data-elementor-settings=\"[]\">\n\t\t\t\t\t\t<div class=\"elementor-inner\">\n\t\t\t\t\t\t\t<div class=\"elementor-section-wrap\">\n\t\t\t\t\t\t\t<section class=\"elementor-section elementor-top-section elementor-element elementor-element-79ff05d2 elementor-section-boxed elementor-section-height-default elementor-section-height-default\" data-id=\"79ff05d2\" data-element_type=\"section\">\n\t\t\t\t\t\t<div class=\"elementor-container elementor-column-gap-default\">\n\t\t\t\t\t\t\t<div class=\"elementor-row\">\n\t\t\t\t\t<div class=\"elementor-column elementor-col-100 elementor-top-column elementor-element elementor-element-4e1b8e4f\" data-id=\"4e1b8e4f\" data-element_type=\"column\">\n\t\t\t<div class=\"elementor-column-wrap elementor-element-populated\">\n\t\t\t\t\t\t\t<div class=\"elementor-widget-wrap\">\n\t\t\t\t\t\t<div class=\"elementor-element elementor-element-6069e05 elementor-widget elementor-widget-image\" data-id=\"6069e05\" data-element_type=\"widget\" data-widget_type=\"image.default\">\n\t\t\t\t<div class=\"elementor-widget-container\">\n\t\t\t\t\t<div class=\"elementor-image\">\n\t\t\t\t\t\t\t\t\t\t\t<a href=\"https:\/\/www.iesabadinobhi.com\/wp-content\/uploads\/2023\/06\/4_mailakoen_agurra_10.jpg\" data-elementor-open-lightbox=\"yes\" data-elementor-lightbox-title=\"Despedida de 4\u00ba de la ESO\">\n\t\t\t\t\t\t\t<img loading=\"lazy\" decoding=\"async\" width=\"640\" height=\"480\" src=\"https:\/\/www.iesabadinobhi.com\/wp-content\/uploads\/2023\/06\/4_mailakoen_agurra_10.jpg\" class=\"attachment-ed-school-featured-image size-ed-school-featured-image\" alt=\"Despedida de 4\u00ba de la ESO\" srcset=\"https:\/\/www.iesabadinobhi.com\/wp-content\/uploads\/2023\/06\/4_mailakoen_agurra_10.jpg 640w, https:\/\/www.iesabadinobhi.com\/wp-content\/uploads\/2023\/06\/4_mailakoen_agurra_10-500x375.jpg 500w, https:\/\/www.iesabadinobhi.com\/wp-content\/uploads\/2023\/06\/4_mailakoen_agurra_10-150x113.jpg 150w\" sizes=\"auto, (max-width: 640px) 100vw, 640px\" \/>\t\t\t\t\t\t\t\t<\/a>\n\t\t\t\t\t\t\t\t\t\t\t<\/div>\n\t\t\t\t<\/div>\n\t\t\t\t<\/div>\n\t\t\t\t<div class=\"elementor-element elementor-element-153dc1c5 elementor-widget elementor-widget-text-editor\" data-id=\"153dc1c5\" data-element_type=\"widget\" data-widget_type=\"text-editor.default\">\n\t\t\t\t<div class=\"elementor-widget-container\">\n\t\t\t\t\t<div class=\"elementor-text-editor elementor-clearfix\"><p>El 20 de junio a las 12:15 del mediod\u00eda hicimos la despedida en la Casa de Cultura de Errota a la promoci\u00f3n 2019-2023. En este acto preparado por el alumnado, nos sentimos orgullosos de nuestra juventud.<\/p><p>Al inicio del acto, Ekain y Alex agradecieron la ayuda recibida durante su recorrido y dieron comienzo al acto. Empezamos disfrutando de la guitarra y voz de Ane para pasar a las dulces voces de Maialen y Uxue. Seguido, no pod\u00eda faltar un Aurresku para que a continuaci\u00f3n, varias coreograf\u00edas nos pusiesen a bailar en nuestros asientos.<\/p><p>Despu\u00e9s de cantar todos juntos Lau Teilatu, pasamos al reparto de orlas gracias a la atenci\u00f3n de la asociaci\u00f3n de padres Ampaxoro. Al final, vimos un v\u00eddeo del viaje de estudios y terminamos en un PhotoCall preparado a detaille por los alumn@s.<\/p><p>No quiso faltar al acto Mikel Urrutia, el nuevo alcalde, que quiso despedirse de los que hasta ahora, tambi\u00e9n han sido sus alumnos.<\/p><p>Un acto emotivo donde hubo varias l\u00e1grimas, fruto de la alegr\u00eda. Los j\u00f3venes contentos, conseguido el t\u00edtulo y nosotr@s orgullos@s de ell@s. Los tendremos siempre en nuestro recuerdo. <strong>Gracias y mucha suerte!!<\/strong><\/p><\/div>\n\t\t\t\t<\/div>\n\t\t\t\t<\/div>\n\t\t\t\t<div class=\"elementor-element elementor-element-d1467e9 elementor-arrows-position-inside elementor-pagination-position-outside elementor-widget elementor-widget-image-carousel\" data-id=\"d1467e9\" data-element_type=\"widget\" data-settings=\"{&quot;slides_to_show&quot;:&quot;3&quot;,&quot;autoplay&quot;:&quot;no&quot;,&quot;image_spacing_custom&quot;:{&quot;unit&quot;:&quot;px&quot;,&quot;size&quot;:15,&quot;sizes&quot;:[]},&quot;navigation&quot;:&quot;both&quot;,&quot;infinite&quot;:&quot;yes&quot;,&quot;speed&quot;:500}\" data-widget_type=\"image-carousel.default\">\n\t\t\t\t<div class=\"elementor-widget-container\">\n\t\t\t\t\t<div class=\"elementor-image-carousel-wrapper swiper-container\" dir=\"ltr\">\n\t\t\t<div class=\"elementor-image-carousel swiper-wrapper\">\n\t\t\t\t<div class=\"swiper-slide\"><a data-elementor-open-lightbox=\"yes\" data-elementor-lightbox-slideshow=\"d1467e9\" data-elementor-lightbox-title=\"Despedida de 4\u00ba de la ESO\" href=\"https:\/\/www.iesabadinobhi.com\/wp-content\/uploads\/2023\/06\/4_mailakoen_agurra_18.jpg\"><figure class=\"swiper-slide-inner\"><img decoding=\"async\" class=\"swiper-slide-image\" src=\"https:\/\/www.iesabadinobhi.com\/wp-content\/uploads\/2023\/06\/4_mailakoen_agurra_18-400x250.jpg\" alt=\"Despedida de 4\u00ba de la ESO\" \/><\/figure><\/a><\/div><div class=\"swiper-slide\"><a data-elementor-open-lightbox=\"yes\" data-elementor-lightbox-slideshow=\"d1467e9\" data-elementor-lightbox-title=\"Despedida de 4\u00ba de la ESO\" href=\"https:\/\/www.iesabadinobhi.com\/wp-content\/uploads\/2023\/06\/4_mailakoen_agurra_13.jpg\"><figure class=\"swiper-slide-inner\"><img decoding=\"async\" class=\"swiper-slide-image\" src=\"https:\/\/www.iesabadinobhi.com\/wp-content\/uploads\/2023\/06\/4_mailakoen_agurra_13-400x250.jpg\" alt=\"Despedida de 4\u00ba de la ESO\" \/><\/figure><\/a><\/div><div class=\"swiper-slide\"><a data-elementor-open-lightbox=\"yes\" data-elementor-lightbox-slideshow=\"d1467e9\" data-elementor-lightbox-title=\"Despedida de 4\u00ba de la ESO\" href=\"https:\/\/www.iesabadinobhi.com\/wp-content\/uploads\/2023\/06\/4_mailakoen_agurra_07.jpg\"><figure class=\"swiper-slide-inner\"><img decoding=\"async\" class=\"swiper-slide-image\" src=\"https:\/\/www.iesabadinobhi.com\/wp-content\/uploads\/2023\/06\/4_mailakoen_agurra_07-400x250.jpg\" alt=\"Despedida de 4\u00ba de la ESO\" \/><\/figure><\/a><\/div><div class=\"swiper-slide\"><a data-elementor-open-lightbox=\"yes\" data-elementor-lightbox-slideshow=\"d1467e9\" data-elementor-lightbox-title=\"Despedida de 4\u00ba de la ESO\" href=\"https:\/\/www.iesabadinobhi.com\/wp-content\/uploads\/2023\/06\/4_mailakoen_agurra_05.jpg\"><figure class=\"swiper-slide-inner\"><img decoding=\"async\" class=\"swiper-slide-image\" src=\"https:\/\/www.iesabadinobhi.com\/wp-content\/uploads\/2023\/06\/4_mailakoen_agurra_05-400x250.jpg\" alt=\"Despedida de 4\u00ba de la ESO\" \/><\/figure><\/a><\/div><div class=\"swiper-slide\"><a data-elementor-open-lightbox=\"yes\" data-elementor-lightbox-slideshow=\"d1467e9\" data-elementor-lightbox-title=\"Despedida de 4\u00ba de la ESO\" href=\"https:\/\/www.iesabadinobhi.com\/wp-content\/uploads\/2023\/06\/4_mailakoen_agurra_04.jpg\"><figure class=\"swiper-slide-inner\"><img decoding=\"async\" class=\"swiper-slide-image\" src=\"https:\/\/www.iesabadinobhi.com\/wp-content\/uploads\/2023\/06\/4_mailakoen_agurra_04-400x250.jpg\" alt=\"Despedida de 4\u00ba de la ESO\" \/><\/figure><\/a><\/div><div class=\"swiper-slide\"><a data-elementor-open-lightbox=\"yes\" data-elementor-lightbox-slideshow=\"d1467e9\" data-elementor-lightbox-title=\"Despedida de 4\u00ba de la ESO\" href=\"https:\/\/www.iesabadinobhi.com\/wp-content\/uploads\/2023\/06\/4_mailakoen_agurra_17.jpg\"><figure class=\"swiper-slide-inner\"><img decoding=\"async\" class=\"swiper-slide-image\" src=\"https:\/\/www.iesabadinobhi.com\/wp-content\/uploads\/2023\/06\/4_mailakoen_agurra_17-400x250.jpg\" alt=\"Despedida de 4\u00ba de la ESO\" \/><\/figure><\/a><\/div><div class=\"swiper-slide\"><a data-elementor-open-lightbox=\"yes\" data-elementor-lightbox-slideshow=\"d1467e9\" data-elementor-lightbox-title=\"Despedida de 4\u00ba de la ESO\" href=\"https:\/\/www.iesabadinobhi.com\/wp-content\/uploads\/2023\/06\/4_mailakoen_agurra_10.jpg\"><figure class=\"swiper-slide-inner\"><img decoding=\"async\" class=\"swiper-slide-image\" src=\"https:\/\/www.iesabadinobhi.com\/wp-content\/uploads\/2023\/06\/4_mailakoen_agurra_10-400x250.jpg\" alt=\"Despedida de 4\u00ba de la ESO\" \/><\/figure><\/a><\/div>\t\t\t<\/div>\n\t\t\t\t\t\t\t\t\t\t\t\t<div class=\"swiper-pagination\"><\/div>\n\t\t\t\t\t\t\t\t\t\t\t\t\t<div class=\"elementor-swiper-button elementor-swiper-button-prev\">\n\t\t\t\t\t\t<i class=\"eicon-chevron-left\" aria-hidden=\"true\"><\/i>\n\t\t\t\t\t\t<span class=\"elementor-screen-only\">Anterior<\/span>\n\t\t\t\t\t<\/div>\n\t\t\t\t\t<div class=\"elementor-swiper-button elementor-swiper-button-next\">\n\t\t\t\t\t\t<i class=\"eicon-chevron-right\" aria-hidden=\"true\"><\/i>\n\t\t\t\t\t\t<span class=\"elementor-screen-only\">Siguiente<\/span>\n\t\t\t\t\t<\/div>\n\t\t\t\t\t\t\t\t\t<\/div>\n\t\t\t\t<\/div>\n\t\t\t\t<\/div>\n\t\t\t\t<div class=\"elementor-element elementor-element-7f256ea elementor-align-center elementor-widget elementor-widget-button\" data-id=\"7f256ea\" data-element_type=\"widget\" data-widget_type=\"button.default\">\n\t\t\t\t<div class=\"elementor-widget-container\">\n\t\t\t\t\t<div class=\"elementor-button-wrapper\">\n\t\t\t<a href=\"https:\/\/www.iesabadinobhi.com\/es\/multimedia\/imagenes\/\" class=\"elementor-button-link elementor-button elementor-size-xs\" role=\"button\">\n\t\t\t\t\t\t<span class=\"elementor-button-content-wrapper\">\n\t\t\t\t\t\t<span class=\"elementor-button-icon elementor-align-icon-right\">\n\t\t\t\t<i aria-hidden=\"true\" class=\"fas fa-external-link-alt\"><\/i>\t\t\t<\/span>\n\t\t\t\t\t\t<span class=\"elementor-button-text\">Ver \u00e1lbum completo de fotos<\/span>\n\t\t<\/span>\n\t\t\t\t\t<\/a>\n\t\t<\/div>\n\t\t\t\t<\/div>\n\t\t\t\t<\/div>\n\t\t\t\t<div class=\"elementor-element elementor-element-ec971b1 elementor-align-center elementor-widget elementor-widget-button\" data-id=\"ec971b1\" data-element_type=\"widget\" data-widget_type=\"button.default\">\n\t\t\t\t<div class=\"elementor-widget-container\">\n\t\t\t\t\t<div class=\"elementor-button-wrapper\">\n\t\t\t<a href=\"https:\/\/www.iesabadinobhi.com\/es\/multimedia\/videos\/\" class=\"elementor-button-link elementor-button elementor-size-xs\" role=\"button\">\n\t\t\t\t\t\t<span class=\"elementor-button-content-wrapper\">\n\t\t\t\t\t\t<span class=\"elementor-button-icon elementor-align-icon-right\">\n\t\t\t\t<i aria-hidden=\"true\" class=\"fas fa-external-link-alt\"><\/i>\t\t\t<\/span>\n\t\t\t\t\t\t<span class=\"elementor-button-text\">Ver v\u00eddeos<\/span>\n\t\t<\/span>\n\t\t\t\t\t<\/a>\n\t\t<\/div>\n\t\t\t\t<\/div>\n\t\t\t\t<\/div>\n\t\t\t\t\t\t<\/div>\n\t\t\t\t\t<\/div>\n\t\t<\/div>\n\t\t\t\t\t\t\t\t<\/div>\n\t\t\t\t\t<\/div>\n\t\t<\/section>\n\t\t\t\t\t\t<\/div>\n\t\t\t\t\t\t<\/div>\n\t\t\t\t\t<\/div>\n\t\t","protected":false},"excerpt":{"rendered":"<p>El 20 de junio a las 12:15 del mediod\u00eda hicimos la despedida en la Casa de Cultura de Errota a la promoci\u00f3n 2019-2023. En este acto preparado por el alumnado, nos sentimos orgullosos de nuestra juventud. Al inicio del acto, Ekain y Alex agradecieron la ayuda recibida durante su recorrido&nbsp;<a href=\"https:\/\/www.iesabadinobhi.com\/es\/despedida-de-4o-de-la-eso\/\">&hellip;<\/a><\/p>\n","protected":false},"author":1,"featured_media":12719,"comment_status":"closed","ping_status":"closed","sticky":false,"template":"","format":"standard","meta":{"_acf_changed":false,"footnotes":""},"categories":[38],"tags":[],"class_list":["post-12713","post","type-post","status-publish","format-standard","has-post-thumbnail","hentry","category-noticias","odd"],"acf":[],"yoast_head":"<!-- This site is optimized with the Yoast SEO plugin v27.4 - https:\/\/yoast.com\/product\/yoast-seo-wordpress\/ -->\n<title>DESPEDIDA DE 4\u00ba DE LA ESO - Abadi\u00f1oko Institutua - Instituto de Abadi\u00f1o<\/title>\n<meta name=\"robots\" content=\"index, follow, max-snippet:-1, max-image-preview:large, max-video-preview:-1\" \/>\n<link rel=\"canonical\" href=\"https:\/\/www.iesabadinobhi.com\/es\/despedida-de-4o-de-la-eso\/\" \/>\n<meta property=\"og:locale\" content=\"es_ES\" \/>\n<meta property=\"og:type\" content=\"article\" \/>\n<meta property=\"og:title\" content=\"DESPEDIDA DE 4\u00ba DE LA ESO - Abadi\u00f1oko Institutua - Instituto de Abadi\u00f1o\" \/>\n<meta property=\"og:description\" content=\"El 20 de junio a las 12:15 del mediod\u00eda hicimos la despedida en la Casa de Cultura de Errota a la promoci\u00f3n 2019-2023. En este acto preparado por el alumnado, nos sentimos orgullosos de nuestra juventud. Al inicio del acto, Ekain y Alex agradecieron la ayuda recibida durante su recorrido&nbsp;&hellip;\" \/>\n<meta property=\"og:url\" content=\"https:\/\/www.iesabadinobhi.com\/es\/despedida-de-4o-de-la-eso\/\" \/>\n<meta property=\"og:site_name\" content=\"Abadi\u00f1oko Institutua - Instituto de Abadi\u00f1o\" \/>\n<meta property=\"article:published_time\" content=\"2023-06-27T08:59:50+00:00\" \/>\n<meta property=\"article:modified_time\" content=\"2023-06-27T11:31:06+00:00\" \/>\n<meta property=\"og:image\" content=\"https:\/\/www.iesabadinobhi.com\/wp-content\/uploads\/2023\/06\/4_mailakoen_agurra_16.jpg\" \/>\n\t<meta property=\"og:image:width\" content=\"640\" \/>\n\t<meta property=\"og:image:height\" content=\"351\" \/>\n\t<meta property=\"og:image:type\" content=\"image\/jpeg\" \/>\n<meta name=\"author\" content=\"komunika\" \/>\n<meta name=\"twitter:card\" content=\"summary_large_image\" \/>\n<meta name=\"twitter:label1\" content=\"Escrito por\" \/>\n\t<meta name=\"twitter:data1\" content=\"komunika\" \/>\n\t<meta name=\"twitter:label2\" content=\"Tiempo de lectura\" \/>\n\t<meta name=\"twitter:data2\" content=\"1 minuto\" \/>\n<script type=\"application\/ld+json\" class=\"yoast-schema-graph\">{\"@context\":\"https:\\\/\\\/schema.org\",\"@graph\":[{\"@type\":\"Article\",\"@id\":\"https:\\\/\\\/www.iesabadinobhi.com\\\/es\\\/despedida-de-4o-de-la-eso\\\/#article\",\"isPartOf\":{\"@id\":\"https:\\\/\\\/www.iesabadinobhi.com\\\/es\\\/despedida-de-4o-de-la-eso\\\/\"},\"author\":{\"name\":\"komunika\",\"@id\":\"https:\\\/\\\/www.iesabadinobhi.com\\\/#\\\/schema\\\/person\\\/a71a6965234a00ffd67b3fc3c9858cd3\"},\"headline\":\"DESPEDIDA DE 4\u00ba DE LA ESO\",\"datePublished\":\"2023-06-27T08:59:50+00:00\",\"dateModified\":\"2023-06-27T11:31:06+00:00\",\"mainEntityOfPage\":{\"@id\":\"https:\\\/\\\/www.iesabadinobhi.com\\\/es\\\/despedida-de-4o-de-la-eso\\\/\"},\"wordCount\":221,\"publisher\":{\"@id\":\"https:\\\/\\\/www.iesabadinobhi.com\\\/#organization\"},\"image\":{\"@id\":\"https:\\\/\\\/www.iesabadinobhi.com\\\/es\\\/despedida-de-4o-de-la-eso\\\/#primaryimage\"},\"thumbnailUrl\":\"https:\\\/\\\/www.iesabadinobhi.com\\\/wp-content\\\/uploads\\\/2023\\\/06\\\/4_mailakoen_agurra_16.jpg\",\"articleSection\":[\"Noticias\"],\"inLanguage\":\"es\"},{\"@type\":\"WebPage\",\"@id\":\"https:\\\/\\\/www.iesabadinobhi.com\\\/es\\\/despedida-de-4o-de-la-eso\\\/\",\"url\":\"https:\\\/\\\/www.iesabadinobhi.com\\\/es\\\/despedida-de-4o-de-la-eso\\\/\",\"name\":\"DESPEDIDA DE 4\u00ba DE LA ESO - Abadi\u00f1oko Institutua - Instituto de Abadi\u00f1o\",\"isPartOf\":{\"@id\":\"https:\\\/\\\/www.iesabadinobhi.com\\\/#website\"},\"primaryImageOfPage\":{\"@id\":\"https:\\\/\\\/www.iesabadinobhi.com\\\/es\\\/despedida-de-4o-de-la-eso\\\/#primaryimage\"},\"image\":{\"@id\":\"https:\\\/\\\/www.iesabadinobhi.com\\\/es\\\/despedida-de-4o-de-la-eso\\\/#primaryimage\"},\"thumbnailUrl\":\"https:\\\/\\\/www.iesabadinobhi.com\\\/wp-content\\\/uploads\\\/2023\\\/06\\\/4_mailakoen_agurra_16.jpg\",\"datePublished\":\"2023-06-27T08:59:50+00:00\",\"dateModified\":\"2023-06-27T11:31:06+00:00\",\"breadcrumb\":{\"@id\":\"https:\\\/\\\/www.iesabadinobhi.com\\\/es\\\/despedida-de-4o-de-la-eso\\\/#breadcrumb\"},\"inLanguage\":\"es\",\"potentialAction\":[{\"@type\":\"ReadAction\",\"target\":[\"https:\\\/\\\/www.iesabadinobhi.com\\\/es\\\/despedida-de-4o-de-la-eso\\\/\"]}]},{\"@type\":\"ImageObject\",\"inLanguage\":\"es\",\"@id\":\"https:\\\/\\\/www.iesabadinobhi.com\\\/es\\\/despedida-de-4o-de-la-eso\\\/#primaryimage\",\"url\":\"https:\\\/\\\/www.iesabadinobhi.com\\\/wp-content\\\/uploads\\\/2023\\\/06\\\/4_mailakoen_agurra_16.jpg\",\"contentUrl\":\"https:\\\/\\\/www.iesabadinobhi.com\\\/wp-content\\\/uploads\\\/2023\\\/06\\\/4_mailakoen_agurra_16.jpg\",\"width\":640,\"height\":351,\"caption\":\"DBH-ko 4.mailakoen agurra\"},{\"@type\":\"BreadcrumbList\",\"@id\":\"https:\\\/\\\/www.iesabadinobhi.com\\\/es\\\/despedida-de-4o-de-la-eso\\\/#breadcrumb\",\"itemListElement\":[{\"@type\":\"ListItem\",\"position\":1,\"name\":\"Portada\",\"item\":\"https:\\\/\\\/www.iesabadinobhi.com\\\/es\\\/\"},{\"@type\":\"ListItem\",\"position\":2,\"name\":\"DESPEDIDA DE 4\u00ba DE LA ESO\"}]},{\"@type\":\"WebSite\",\"@id\":\"https:\\\/\\\/www.iesabadinobhi.com\\\/#website\",\"url\":\"https:\\\/\\\/www.iesabadinobhi.com\\\/\",\"name\":\"Abadi\u00f1oko Institutua - Instituto de Abadi\u00f1o\",\"description\":\"Centro p\u00fablico de modelo D para alumnos\\\/as de 12 a 16 a\u00f1os.\",\"publisher\":{\"@id\":\"https:\\\/\\\/www.iesabadinobhi.com\\\/#organization\"},\"potentialAction\":[{\"@type\":\"SearchAction\",\"target\":{\"@type\":\"EntryPoint\",\"urlTemplate\":\"https:\\\/\\\/www.iesabadinobhi.com\\\/?s={search_term_string}\"},\"query-input\":{\"@type\":\"PropertyValueSpecification\",\"valueRequired\":true,\"valueName\":\"search_term_string\"}}],\"inLanguage\":\"es\"},{\"@type\":\"Organization\",\"@id\":\"https:\\\/\\\/www.iesabadinobhi.com\\\/#organization\",\"name\":\"Abadi\u00f1oko Institutua - Instituto de Abadi\u00f1o\",\"url\":\"https:\\\/\\\/www.iesabadinobhi.com\\\/\",\"logo\":{\"@type\":\"ImageObject\",\"inLanguage\":\"es\",\"@id\":\"https:\\\/\\\/www.iesabadinobhi.com\\\/#\\\/schema\\\/logo\\\/image\\\/\",\"url\":\"https:\\\/\\\/www.iesabadinobhi.com\\\/wp-content\\\/uploads\\\/2022\\\/01\\\/logo_abadino_web_25-1.jpg\",\"contentUrl\":\"https:\\\/\\\/www.iesabadinobhi.com\\\/wp-content\\\/uploads\\\/2022\\\/01\\\/logo_abadino_web_25-1.jpg\",\"width\":246,\"height\":234,\"caption\":\"Abadi\u00f1oko Institutua - Instituto de Abadi\u00f1o\"},\"image\":{\"@id\":\"https:\\\/\\\/www.iesabadinobhi.com\\\/#\\\/schema\\\/logo\\\/image\\\/\"},\"sameAs\":[\"https:\\\/\\\/www.youtube.com\\\/channel\\\/UChFI9DF_PiIsiqzblGEpD6Q\"]},{\"@type\":\"Person\",\"@id\":\"https:\\\/\\\/www.iesabadinobhi.com\\\/#\\\/schema\\\/person\\\/a71a6965234a00ffd67b3fc3c9858cd3\",\"name\":\"komunika\",\"image\":{\"@type\":\"ImageObject\",\"inLanguage\":\"es\",\"@id\":\"https:\\\/\\\/secure.gravatar.com\\\/avatar\\\/a22f2ac29ef785448617c06f66acb86e91041eb5ff01e3e6145cdc0af3989762?s=96&d=mm&r=g\",\"url\":\"https:\\\/\\\/secure.gravatar.com\\\/avatar\\\/a22f2ac29ef785448617c06f66acb86e91041eb5ff01e3e6145cdc0af3989762?s=96&d=mm&r=g\",\"contentUrl\":\"https:\\\/\\\/secure.gravatar.com\\\/avatar\\\/a22f2ac29ef785448617c06f66acb86e91041eb5ff01e3e6145cdc0af3989762?s=96&d=mm&r=g\",\"caption\":\"komunika\"},\"sameAs\":[\"http:\\\/\\\/www.iesabadinobhi.com\"],\"url\":\"https:\\\/\\\/www.iesabadinobhi.com\\\/es\\\/author\\\/komunika\\\/\"}]}<\/script>\n<!-- \/ Yoast SEO plugin. -->","yoast_head_json":{"title":"DESPEDIDA DE 4\u00ba DE LA ESO - Abadi\u00f1oko Institutua - Instituto de Abadi\u00f1o","robots":{"index":"index","follow":"follow","max-snippet":"max-snippet:-1","max-image-preview":"max-image-preview:large","max-video-preview":"max-video-preview:-1"},"canonical":"https:\/\/www.iesabadinobhi.com\/es\/despedida-de-4o-de-la-eso\/","og_locale":"es_ES","og_type":"article","og_title":"DESPEDIDA DE 4\u00ba DE LA ESO - Abadi\u00f1oko Institutua - Instituto de Abadi\u00f1o","og_description":"El 20 de junio a las 12:15 del mediod\u00eda hicimos la despedida en la Casa de Cultura de Errota a la promoci\u00f3n 2019-2023. En este acto preparado por el alumnado, nos sentimos orgullosos de nuestra juventud. Al inicio del acto, Ekain y Alex agradecieron la ayuda recibida durante su recorrido&nbsp;&hellip;","og_url":"https:\/\/www.iesabadinobhi.com\/es\/despedida-de-4o-de-la-eso\/","og_site_name":"Abadi\u00f1oko Institutua - Instituto de Abadi\u00f1o","article_published_time":"2023-06-27T08:59:50+00:00","article_modified_time":"2023-06-27T11:31:06+00:00","og_image":[{"width":640,"height":351,"url":"https:\/\/www.iesabadinobhi.com\/wp-content\/uploads\/2023\/06\/4_mailakoen_agurra_16.jpg","type":"image\/jpeg"}],"author":"komunika","twitter_card":"summary_large_image","twitter_misc":{"Escrito por":"komunika","Tiempo de lectura":"1 minuto"},"schema":{"@context":"https:\/\/schema.org","@graph":[{"@type":"Article","@id":"https:\/\/www.iesabadinobhi.com\/es\/despedida-de-4o-de-la-eso\/#article","isPartOf":{"@id":"https:\/\/www.iesabadinobhi.com\/es\/despedida-de-4o-de-la-eso\/"},"author":{"name":"komunika","@id":"https:\/\/www.iesabadinobhi.com\/#\/schema\/person\/a71a6965234a00ffd67b3fc3c9858cd3"},"headline":"DESPEDIDA DE 4\u00ba DE LA ESO","datePublished":"2023-06-27T08:59:50+00:00","dateModified":"2023-06-27T11:31:06+00:00","mainEntityOfPage":{"@id":"https:\/\/www.iesabadinobhi.com\/es\/despedida-de-4o-de-la-eso\/"},"wordCount":221,"publisher":{"@id":"https:\/\/www.iesabadinobhi.com\/#organization"},"image":{"@id":"https:\/\/www.iesabadinobhi.com\/es\/despedida-de-4o-de-la-eso\/#primaryimage"},"thumbnailUrl":"https:\/\/www.iesabadinobhi.com\/wp-content\/uploads\/2023\/06\/4_mailakoen_agurra_16.jpg","articleSection":["Noticias"],"inLanguage":"es"},{"@type":"WebPage","@id":"https:\/\/www.iesabadinobhi.com\/es\/despedida-de-4o-de-la-eso\/","url":"https:\/\/www.iesabadinobhi.com\/es\/despedida-de-4o-de-la-eso\/","name":"DESPEDIDA DE 4\u00ba DE LA ESO - Abadi\u00f1oko Institutua - Instituto de Abadi\u00f1o","isPartOf":{"@id":"https:\/\/www.iesabadinobhi.com\/#website"},"primaryImageOfPage":{"@id":"https:\/\/www.iesabadinobhi.com\/es\/despedida-de-4o-de-la-eso\/#primaryimage"},"image":{"@id":"https:\/\/www.iesabadinobhi.com\/es\/despedida-de-4o-de-la-eso\/#primaryimage"},"thumbnailUrl":"https:\/\/www.iesabadinobhi.com\/wp-content\/uploads\/2023\/06\/4_mailakoen_agurra_16.jpg","datePublished":"2023-06-27T08:59:50+00:00","dateModified":"2023-06-27T11:31:06+00:00","breadcrumb":{"@id":"https:\/\/www.iesabadinobhi.com\/es\/despedida-de-4o-de-la-eso\/#breadcrumb"},"inLanguage":"es","potentialAction":[{"@type":"ReadAction","target":["https:\/\/www.iesabadinobhi.com\/es\/despedida-de-4o-de-la-eso\/"]}]},{"@type":"ImageObject","inLanguage":"es","@id":"https:\/\/www.iesabadinobhi.com\/es\/despedida-de-4o-de-la-eso\/#primaryimage","url":"https:\/\/www.iesabadinobhi.com\/wp-content\/uploads\/2023\/06\/4_mailakoen_agurra_16.jpg","contentUrl":"https:\/\/www.iesabadinobhi.com\/wp-content\/uploads\/2023\/06\/4_mailakoen_agurra_16.jpg","width":640,"height":351,"caption":"DBH-ko 4.mailakoen agurra"},{"@type":"BreadcrumbList","@id":"https:\/\/www.iesabadinobhi.com\/es\/despedida-de-4o-de-la-eso\/#breadcrumb","itemListElement":[{"@type":"ListItem","position":1,"name":"Portada","item":"https:\/\/www.iesabadinobhi.com\/es\/"},{"@type":"ListItem","position":2,"name":"DESPEDIDA DE 4\u00ba DE LA ESO"}]},{"@type":"WebSite","@id":"https:\/\/www.iesabadinobhi.com\/#website","url":"https:\/\/www.iesabadinobhi.com\/","name":"Abadi\u00f1oko Institutua - Instituto de Abadi\u00f1o","description":"Centro p\u00fablico de modelo D para alumnos\/as de 12 a 16 a\u00f1os.","publisher":{"@id":"https:\/\/www.iesabadinobhi.com\/#organization"},"potentialAction":[{"@type":"SearchAction","target":{"@type":"EntryPoint","urlTemplate":"https:\/\/www.iesabadinobhi.com\/?s={search_term_string}"},"query-input":{"@type":"PropertyValueSpecification","valueRequired":true,"valueName":"search_term_string"}}],"inLanguage":"es"},{"@type":"Organization","@id":"https:\/\/www.iesabadinobhi.com\/#organization","name":"Abadi\u00f1oko Institutua - Instituto de Abadi\u00f1o","url":"https:\/\/www.iesabadinobhi.com\/","logo":{"@type":"ImageObject","inLanguage":"es","@id":"https:\/\/www.iesabadinobhi.com\/#\/schema\/logo\/image\/","url":"https:\/\/www.iesabadinobhi.com\/wp-content\/uploads\/2022\/01\/logo_abadino_web_25-1.jpg","contentUrl":"https:\/\/www.iesabadinobhi.com\/wp-content\/uploads\/2022\/01\/logo_abadino_web_25-1.jpg","width":246,"height":234,"caption":"Abadi\u00f1oko Institutua - Instituto de Abadi\u00f1o"},"image":{"@id":"https:\/\/www.iesabadinobhi.com\/#\/schema\/logo\/image\/"},"sameAs":["https:\/\/www.youtube.com\/channel\/UChFI9DF_PiIsiqzblGEpD6Q"]},{"@type":"Person","@id":"https:\/\/www.iesabadinobhi.com\/#\/schema\/person\/a71a6965234a00ffd67b3fc3c9858cd3","name":"komunika","image":{"@type":"ImageObject","inLanguage":"es","@id":"https:\/\/secure.gravatar.com\/avatar\/a22f2ac29ef785448617c06f66acb86e91041eb5ff01e3e6145cdc0af3989762?s=96&d=mm&r=g","url":"https:\/\/secure.gravatar.com\/avatar\/a22f2ac29ef785448617c06f66acb86e91041eb5ff01e3e6145cdc0af3989762?s=96&d=mm&r=g","contentUrl":"https:\/\/secure.gravatar.com\/avatar\/a22f2ac29ef785448617c06f66acb86e91041eb5ff01e3e6145cdc0af3989762?s=96&d=mm&r=g","caption":"komunika"},"sameAs":["http:\/\/www.iesabadinobhi.com"],"url":"https:\/\/www.iesabadinobhi.com\/es\/author\/komunika\/"}]}},"_links":{"self":[{"href":"https:\/\/www.iesabadinobhi.com\/es\/wp-json\/wp\/v2\/posts\/12713","targetHints":{"allow":["GET"]}}],"collection":[{"href":"https:\/\/www.iesabadinobhi.com\/es\/wp-json\/wp\/v2\/posts"}],"about":[{"href":"https:\/\/www.iesabadinobhi.com\/es\/wp-json\/wp\/v2\/types\/post"}],"author":[{"embeddable":true,"href":"https:\/\/www.iesabadinobhi.com\/es\/wp-json\/wp\/v2\/users\/1"}],"replies":[{"embeddable":true,"href":"https:\/\/www.iesabadinobhi.com\/es\/wp-json\/wp\/v2\/comments?post=12713"}],"version-history":[{"count":16,"href":"https:\/\/www.iesabadinobhi.com\/es\/wp-json\/wp\/v2\/posts\/12713\/revisions"}],"predecessor-version":[{"id":12753,"href":"https:\/\/www.iesabadinobhi.com\/es\/wp-json\/wp\/v2\/posts\/12713\/revisions\/12753"}],"wp:featuredmedia":[{"embeddable":true,"href":"https:\/\/www.iesabadinobhi.com\/es\/wp-json\/wp\/v2\/media\/12719"}],"wp:attachment":[{"href":"https:\/\/www.iesabadinobhi.com\/es\/wp-json\/wp\/v2\/media?parent=12713"}],"wp:term":[{"taxonomy":"category","embeddable":true,"href":"https:\/\/www.iesabadinobhi.com\/es\/wp-json\/wp\/v2\/categories?post=12713"},{"taxonomy":"post_tag","embeddable":true,"href":"https:\/\/www.iesabadinobhi.com\/es\/wp-json\/wp\/v2\/tags?post=12713"}],"curies":[{"name":"wp","href":"https:\/\/api.w.org\/{rel}","templated":true}]}}