  {"id":12609,"date":"2023-06-02T13:04:52","date_gmt":"2023-06-02T11:04:52","guid":{"rendered":"https:\/\/www.iesabadinobhi.com\/?p=12609"},"modified":"2023-06-02T13:05:43","modified_gmt":"2023-06-02T11:05:43","slug":"proyecto-cientifico-de-nuestros-alumnos-en-la-feria-de-la-ciencia","status":"publish","type":"post","link":"https:\/\/www.iesabadinobhi.com\/es\/proyecto-cientifico-de-nuestros-alumnos-en-la-feria-de-la-ciencia\/","title":{"rendered":"Proyecto cient\u00edfico de nuestros alumnos en la Feria de la Ciencia"},"content":{"rendered":"\t\t<div data-elementor-type=\"wp-post\" data-elementor-id=\"12609\" class=\"elementor elementor-12609 elementor-12608\" data-elementor-settings=\"[]\">\n\t\t\t\t\t\t<div class=\"elementor-inner\">\n\t\t\t\t\t\t\t<div class=\"elementor-section-wrap\">\n\t\t\t\t\t\t\t<section class=\"elementor-section elementor-top-section elementor-element elementor-element-79ff05d2 elementor-section-boxed elementor-section-height-default elementor-section-height-default\" data-id=\"79ff05d2\" data-element_type=\"section\">\n\t\t\t\t\t\t<div class=\"elementor-container elementor-column-gap-default\">\n\t\t\t\t\t\t\t<div class=\"elementor-row\">\n\t\t\t\t\t<div class=\"elementor-column elementor-col-100 elementor-top-column elementor-element elementor-element-4e1b8e4f\" data-id=\"4e1b8e4f\" data-element_type=\"column\">\n\t\t\t<div class=\"elementor-column-wrap elementor-element-populated\">\n\t\t\t\t\t\t\t<div class=\"elementor-widget-wrap\">\n\t\t\t\t\t\t<div class=\"elementor-element elementor-element-6069e05 elementor-widget elementor-widget-image\" data-id=\"6069e05\" data-element_type=\"widget\" data-widget_type=\"image.default\">\n\t\t\t\t<div class=\"elementor-widget-container\">\n\t\t\t\t\t<div class=\"elementor-image\">\n\t\t\t\t\t\t\t\t\t\t\t<a href=\"https:\/\/www.iesabadinobhi.com\/wp-content\/uploads\/2023\/06\/captura_zientzia_azoka.jpg\" data-elementor-open-lightbox=\"yes\" data-elementor-lightbox-title=\"captura_zientzia_azoka\">\n\t\t\t\t\t\t\t<img loading=\"lazy\" decoding=\"async\" width=\"1024\" height=\"426\" src=\"https:\/\/www.iesabadinobhi.com\/wp-content\/uploads\/2023\/06\/captura_zientzia_azoka-1024x426.jpg\" class=\"attachment-large size-large\" alt=\"Gure ikasleen proiektu zientifikoa Zientzia Azokan\" srcset=\"https:\/\/www.iesabadinobhi.com\/wp-content\/uploads\/2023\/06\/captura_zientzia_azoka-1024x426.jpg 1024w, https:\/\/www.iesabadinobhi.com\/wp-content\/uploads\/2023\/06\/captura_zientzia_azoka-500x208.jpg 500w, https:\/\/www.iesabadinobhi.com\/wp-content\/uploads\/2023\/06\/captura_zientzia_azoka-768x319.jpg 768w, https:\/\/www.iesabadinobhi.com\/wp-content\/uploads\/2023\/06\/captura_zientzia_azoka-150x62.jpg 150w, https:\/\/www.iesabadinobhi.com\/wp-content\/uploads\/2023\/06\/captura_zientzia_azoka.jpg 1500w\" sizes=\"auto, (max-width: 1024px) 100vw, 1024px\" \/>\t\t\t\t\t\t\t\t<\/a>\n\t\t\t\t\t\t\t\t\t\t\t<\/div>\n\t\t\t\t<\/div>\n\t\t\t\t<\/div>\n\t\t\t\t<div class=\"elementor-element elementor-element-153dc1c5 elementor-widget elementor-widget-text-editor\" data-id=\"153dc1c5\" data-element_type=\"widget\" data-widget_type=\"text-editor.default\">\n\t\t\t\t<div class=\"elementor-widget-container\">\n\t\t\t\t\t<div class=\"elementor-text-editor elementor-clearfix\"><p>Ma\u00f1ana 3 de Junio, el tr\u00edo formado por l@s alumn@s Salwa Zaouia, Markel Alejos y Ian Soto, presentar\u00e1n su proyecto en la Feria de la Ciencia. Estar\u00e1n en el Arenal de Bilbao de 11 a 14. Pasaros a verlo!<\/p><p>De momento en este video ten\u00e9is la explicaci\u00f3n del proyecto.<\/p><\/div>\n\t\t\t\t<\/div>\n\t\t\t\t<\/div>\n\t\t\t\t<div class=\"elementor-element elementor-element-5cce427 elementor-aspect-ratio-169 elementor-widget elementor-widget-video\" data-id=\"5cce427\" data-element_type=\"widget\" data-settings=\"{&quot;youtube_url&quot;:&quot;https:\\\/\\\/www.youtube.com\\\/watch?v=qeyC1vBVt_o&quot;,&quot;video_type&quot;:&quot;youtube&quot;,&quot;controls&quot;:&quot;yes&quot;,&quot;aspect_ratio&quot;:&quot;169&quot;}\" data-widget_type=\"video.default\">\n\t\t\t\t<div class=\"elementor-widget-container\">\n\t\t\t\t\t<div class=\"elementor-wrapper elementor-fit-aspect-ratio elementor-open-inline\">\n\t\t\t<div class=\"elementor-video\"><\/div>\t\t<\/div>\n\t\t\t\t<\/div>\n\t\t\t\t<\/div>\n\t\t\t\t\t\t<\/div>\n\t\t\t\t\t<\/div>\n\t\t<\/div>\n\t\t\t\t\t\t\t\t<\/div>\n\t\t\t\t\t<\/div>\n\t\t<\/section>\n\t\t\t\t\t\t<\/div>\n\t\t\t\t\t\t<\/div>\n\t\t\t\t\t<\/div>\n\t\t","protected":false},"excerpt":{"rendered":"<p>Ma\u00f1ana 3 de Junio, el tr\u00edo formado por l@s alumn@s Salwa Zaouia, Markel Alejos y Ian Soto, presentar\u00e1n su proyecto en la Feria de la Ciencia. Estar\u00e1n en el Arenal de Bilbao de 11 a 14. Pasaros a verlo! De momento en este video ten\u00e9is la explicaci\u00f3n del proyecto. https:\/\/www.youtube.com\/watch?v=qeyC1vBVt_o<\/p>\n","protected":false},"author":1,"featured_media":12621,"comment_status":"closed","ping_status":"closed","sticky":false,"template":"","format":"standard","meta":{"_acf_changed":false,"footnotes":""},"categories":[38],"tags":[],"class_list":["post-12609","post","type-post","status-publish","format-standard","has-post-thumbnail","hentry","category-noticias","odd"],"acf":[],"yoast_head":"<!-- This site is optimized with the Yoast SEO plugin v27.4 - https:\/\/yoast.com\/product\/yoast-seo-wordpress\/ -->\n<title>Proyecto cient\u00edfico de nuestros alumnos en la Feria de la Ciencia - Abadi\u00f1oko Institutua - Instituto de Abadi\u00f1o<\/title>\n<meta name=\"robots\" content=\"index, follow, max-snippet:-1, max-image-preview:large, max-video-preview:-1\" \/>\n<link rel=\"canonical\" href=\"https:\/\/www.iesabadinobhi.com\/es\/proyecto-cientifico-de-nuestros-alumnos-en-la-feria-de-la-ciencia\/\" \/>\n<meta property=\"og:locale\" content=\"es_ES\" \/>\n<meta property=\"og:type\" content=\"article\" \/>\n<meta property=\"og:title\" content=\"Proyecto cient\u00edfico de nuestros alumnos en la Feria de la Ciencia - Abadi\u00f1oko Institutua - Instituto de Abadi\u00f1o\" \/>\n<meta property=\"og:description\" content=\"Ma\u00f1ana 3 de Junio, el tr\u00edo formado por l@s alumn@s Salwa Zaouia, Markel Alejos y Ian Soto, presentar\u00e1n su proyecto en la Feria de la Ciencia. Estar\u00e1n en el Arenal de Bilbao de 11 a 14. Pasaros a verlo! De momento en este video ten\u00e9is la explicaci\u00f3n del proyecto. https:\/\/www.youtube.com\/watch?v=qeyC1vBVt_o\" \/>\n<meta property=\"og:url\" content=\"https:\/\/www.iesabadinobhi.com\/es\/proyecto-cientifico-de-nuestros-alumnos-en-la-feria-de-la-ciencia\/\" \/>\n<meta property=\"og:site_name\" content=\"Abadi\u00f1oko Institutua - Instituto de Abadi\u00f1o\" \/>\n<meta property=\"article:published_time\" content=\"2023-06-02T11:04:52+00:00\" \/>\n<meta property=\"article:modified_time\" content=\"2023-06-02T11:05:43+00:00\" \/>\n<meta property=\"og:image\" content=\"https:\/\/www.iesabadinobhi.com\/wp-content\/uploads\/2023\/06\/captura_zientzia_azoka_calidad-scaled.jpg\" \/>\n\t<meta property=\"og:image:width\" content=\"2560\" \/>\n\t<meta property=\"og:image:height\" content=\"1065\" \/>\n\t<meta property=\"og:image:type\" content=\"image\/jpeg\" \/>\n<meta name=\"author\" content=\"komunika\" \/>\n<meta name=\"twitter:card\" content=\"summary_large_image\" \/>\n<meta name=\"twitter:label1\" content=\"Escrito por\" \/>\n\t<meta name=\"twitter:data1\" content=\"komunika\" \/>\n<script type=\"application\/ld+json\" class=\"yoast-schema-graph\">{\"@context\":\"https:\\\/\\\/schema.org\",\"@graph\":[{\"@type\":\"Article\",\"@id\":\"https:\\\/\\\/www.iesabadinobhi.com\\\/es\\\/proyecto-cientifico-de-nuestros-alumnos-en-la-feria-de-la-ciencia\\\/#article\",\"isPartOf\":{\"@id\":\"https:\\\/\\\/www.iesabadinobhi.com\\\/es\\\/proyecto-cientifico-de-nuestros-alumnos-en-la-feria-de-la-ciencia\\\/\"},\"author\":{\"name\":\"komunika\",\"@id\":\"https:\\\/\\\/www.iesabadinobhi.com\\\/#\\\/schema\\\/person\\\/a71a6965234a00ffd67b3fc3c9858cd3\"},\"headline\":\"Proyecto cient\u00edfico de nuestros alumnos en la Feria de la Ciencia\",\"datePublished\":\"2023-06-02T11:04:52+00:00\",\"dateModified\":\"2023-06-02T11:05:43+00:00\",\"mainEntityOfPage\":{\"@id\":\"https:\\\/\\\/www.iesabadinobhi.com\\\/es\\\/proyecto-cientifico-de-nuestros-alumnos-en-la-feria-de-la-ciencia\\\/\"},\"wordCount\":75,\"publisher\":{\"@id\":\"https:\\\/\\\/www.iesabadinobhi.com\\\/#organization\"},\"image\":{\"@id\":\"https:\\\/\\\/www.iesabadinobhi.com\\\/es\\\/proyecto-cientifico-de-nuestros-alumnos-en-la-feria-de-la-ciencia\\\/#primaryimage\"},\"thumbnailUrl\":\"https:\\\/\\\/www.iesabadinobhi.com\\\/wp-content\\\/uploads\\\/2023\\\/06\\\/captura_zientzia_azoka_calidad-scaled.jpg\",\"articleSection\":[\"Noticias\"],\"inLanguage\":\"es\"},{\"@type\":\"WebPage\",\"@id\":\"https:\\\/\\\/www.iesabadinobhi.com\\\/es\\\/proyecto-cientifico-de-nuestros-alumnos-en-la-feria-de-la-ciencia\\\/\",\"url\":\"https:\\\/\\\/www.iesabadinobhi.com\\\/es\\\/proyecto-cientifico-de-nuestros-alumnos-en-la-feria-de-la-ciencia\\\/\",\"name\":\"Proyecto cient\u00edfico de nuestros alumnos en la Feria de la Ciencia - Abadi\u00f1oko Institutua - Instituto de Abadi\u00f1o\",\"isPartOf\":{\"@id\":\"https:\\\/\\\/www.iesabadinobhi.com\\\/#website\"},\"primaryImageOfPage\":{\"@id\":\"https:\\\/\\\/www.iesabadinobhi.com\\\/es\\\/proyecto-cientifico-de-nuestros-alumnos-en-la-feria-de-la-ciencia\\\/#primaryimage\"},\"image\":{\"@id\":\"https:\\\/\\\/www.iesabadinobhi.com\\\/es\\\/proyecto-cientifico-de-nuestros-alumnos-en-la-feria-de-la-ciencia\\\/#primaryimage\"},\"thumbnailUrl\":\"https:\\\/\\\/www.iesabadinobhi.com\\\/wp-content\\\/uploads\\\/2023\\\/06\\\/captura_zientzia_azoka_calidad-scaled.jpg\",\"datePublished\":\"2023-06-02T11:04:52+00:00\",\"dateModified\":\"2023-06-02T11:05:43+00:00\",\"breadcrumb\":{\"@id\":\"https:\\\/\\\/www.iesabadinobhi.com\\\/es\\\/proyecto-cientifico-de-nuestros-alumnos-en-la-feria-de-la-ciencia\\\/#breadcrumb\"},\"inLanguage\":\"es\",\"potentialAction\":[{\"@type\":\"ReadAction\",\"target\":[\"https:\\\/\\\/www.iesabadinobhi.com\\\/es\\\/proyecto-cientifico-de-nuestros-alumnos-en-la-feria-de-la-ciencia\\\/\"]}]},{\"@type\":\"ImageObject\",\"inLanguage\":\"es\",\"@id\":\"https:\\\/\\\/www.iesabadinobhi.com\\\/es\\\/proyecto-cientifico-de-nuestros-alumnos-en-la-feria-de-la-ciencia\\\/#primaryimage\",\"url\":\"https:\\\/\\\/www.iesabadinobhi.com\\\/wp-content\\\/uploads\\\/2023\\\/06\\\/captura_zientzia_azoka_calidad-scaled.jpg\",\"contentUrl\":\"https:\\\/\\\/www.iesabadinobhi.com\\\/wp-content\\\/uploads\\\/2023\\\/06\\\/captura_zientzia_azoka_calidad-scaled.jpg\",\"width\":2560,\"height\":1065,\"caption\":\"Gure ikasleen proiektu zientifikoa Zientzia Azokan\"},{\"@type\":\"BreadcrumbList\",\"@id\":\"https:\\\/\\\/www.iesabadinobhi.com\\\/es\\\/proyecto-cientifico-de-nuestros-alumnos-en-la-feria-de-la-ciencia\\\/#breadcrumb\",\"itemListElement\":[{\"@type\":\"ListItem\",\"position\":1,\"name\":\"Portada\",\"item\":\"https:\\\/\\\/www.iesabadinobhi.com\\\/es\\\/\"},{\"@type\":\"ListItem\",\"position\":2,\"name\":\"Proyecto cient\u00edfico de nuestros alumnos en la Feria de la Ciencia\"}]},{\"@type\":\"WebSite\",\"@id\":\"https:\\\/\\\/www.iesabadinobhi.com\\\/#website\",\"url\":\"https:\\\/\\\/www.iesabadinobhi.com\\\/\",\"name\":\"Abadi\u00f1oko Institutua - Instituto de Abadi\u00f1o\",\"description\":\"Centro p\u00fablico de modelo D para alumnos\\\/as de 12 a 16 a\u00f1os.\",\"publisher\":{\"@id\":\"https:\\\/\\\/www.iesabadinobhi.com\\\/#organization\"},\"potentialAction\":[{\"@type\":\"SearchAction\",\"target\":{\"@type\":\"EntryPoint\",\"urlTemplate\":\"https:\\\/\\\/www.iesabadinobhi.com\\\/?s={search_term_string}\"},\"query-input\":{\"@type\":\"PropertyValueSpecification\",\"valueRequired\":true,\"valueName\":\"search_term_string\"}}],\"inLanguage\":\"es\"},{\"@type\":\"Organization\",\"@id\":\"https:\\\/\\\/www.iesabadinobhi.com\\\/#organization\",\"name\":\"Abadi\u00f1oko Institutua - Instituto de Abadi\u00f1o\",\"url\":\"https:\\\/\\\/www.iesabadinobhi.com\\\/\",\"logo\":{\"@type\":\"ImageObject\",\"inLanguage\":\"es\",\"@id\":\"https:\\\/\\\/www.iesabadinobhi.com\\\/#\\\/schema\\\/logo\\\/image\\\/\",\"url\":\"https:\\\/\\\/www.iesabadinobhi.com\\\/wp-content\\\/uploads\\\/2022\\\/01\\\/logo_abadino_web_25-1.jpg\",\"contentUrl\":\"https:\\\/\\\/www.iesabadinobhi.com\\\/wp-content\\\/uploads\\\/2022\\\/01\\\/logo_abadino_web_25-1.jpg\",\"width\":246,\"height\":234,\"caption\":\"Abadi\u00f1oko Institutua - Instituto de Abadi\u00f1o\"},\"image\":{\"@id\":\"https:\\\/\\\/www.iesabadinobhi.com\\\/#\\\/schema\\\/logo\\\/image\\\/\"},\"sameAs\":[\"https:\\\/\\\/www.youtube.com\\\/channel\\\/UChFI9DF_PiIsiqzblGEpD6Q\"]},{\"@type\":\"Person\",\"@id\":\"https:\\\/\\\/www.iesabadinobhi.com\\\/#\\\/schema\\\/person\\\/a71a6965234a00ffd67b3fc3c9858cd3\",\"name\":\"komunika\",\"image\":{\"@type\":\"ImageObject\",\"inLanguage\":\"es\",\"@id\":\"https:\\\/\\\/secure.gravatar.com\\\/avatar\\\/a22f2ac29ef785448617c06f66acb86e91041eb5ff01e3e6145cdc0af3989762?s=96&d=mm&r=g\",\"url\":\"https:\\\/\\\/secure.gravatar.com\\\/avatar\\\/a22f2ac29ef785448617c06f66acb86e91041eb5ff01e3e6145cdc0af3989762?s=96&d=mm&r=g\",\"contentUrl\":\"https:\\\/\\\/secure.gravatar.com\\\/avatar\\\/a22f2ac29ef785448617c06f66acb86e91041eb5ff01e3e6145cdc0af3989762?s=96&d=mm&r=g\",\"caption\":\"komunika\"},\"sameAs\":[\"http:\\\/\\\/www.iesabadinobhi.com\"],\"url\":\"https:\\\/\\\/www.iesabadinobhi.com\\\/es\\\/author\\\/komunika\\\/\"}]}<\/script>\n<!-- \/ Yoast SEO plugin. -->","yoast_head_json":{"title":"Proyecto cient\u00edfico de nuestros alumnos en la Feria de la Ciencia - Abadi\u00f1oko Institutua - Instituto de Abadi\u00f1o","robots":{"index":"index","follow":"follow","max-snippet":"max-snippet:-1","max-image-preview":"max-image-preview:large","max-video-preview":"max-video-preview:-1"},"canonical":"https:\/\/www.iesabadinobhi.com\/es\/proyecto-cientifico-de-nuestros-alumnos-en-la-feria-de-la-ciencia\/","og_locale":"es_ES","og_type":"article","og_title":"Proyecto cient\u00edfico de nuestros alumnos en la Feria de la Ciencia - Abadi\u00f1oko Institutua - Instituto de Abadi\u00f1o","og_description":"Ma\u00f1ana 3 de Junio, el tr\u00edo formado por l@s alumn@s Salwa Zaouia, Markel Alejos y Ian Soto, presentar\u00e1n su proyecto en la Feria de la Ciencia. Estar\u00e1n en el Arenal de Bilbao de 11 a 14. Pasaros a verlo! De momento en este video ten\u00e9is la explicaci\u00f3n del proyecto. https:\/\/www.youtube.com\/watch?v=qeyC1vBVt_o","og_url":"https:\/\/www.iesabadinobhi.com\/es\/proyecto-cientifico-de-nuestros-alumnos-en-la-feria-de-la-ciencia\/","og_site_name":"Abadi\u00f1oko Institutua - Instituto de Abadi\u00f1o","article_published_time":"2023-06-02T11:04:52+00:00","article_modified_time":"2023-06-02T11:05:43+00:00","og_image":[{"width":2560,"height":1065,"url":"https:\/\/www.iesabadinobhi.com\/wp-content\/uploads\/2023\/06\/captura_zientzia_azoka_calidad-scaled.jpg","type":"image\/jpeg"}],"author":"komunika","twitter_card":"summary_large_image","twitter_misc":{"Escrito por":"komunika"},"schema":{"@context":"https:\/\/schema.org","@graph":[{"@type":"Article","@id":"https:\/\/www.iesabadinobhi.com\/es\/proyecto-cientifico-de-nuestros-alumnos-en-la-feria-de-la-ciencia\/#article","isPartOf":{"@id":"https:\/\/www.iesabadinobhi.com\/es\/proyecto-cientifico-de-nuestros-alumnos-en-la-feria-de-la-ciencia\/"},"author":{"name":"komunika","@id":"https:\/\/www.iesabadinobhi.com\/#\/schema\/person\/a71a6965234a00ffd67b3fc3c9858cd3"},"headline":"Proyecto cient\u00edfico de nuestros alumnos en la Feria de la Ciencia","datePublished":"2023-06-02T11:04:52+00:00","dateModified":"2023-06-02T11:05:43+00:00","mainEntityOfPage":{"@id":"https:\/\/www.iesabadinobhi.com\/es\/proyecto-cientifico-de-nuestros-alumnos-en-la-feria-de-la-ciencia\/"},"wordCount":75,"publisher":{"@id":"https:\/\/www.iesabadinobhi.com\/#organization"},"image":{"@id":"https:\/\/www.iesabadinobhi.com\/es\/proyecto-cientifico-de-nuestros-alumnos-en-la-feria-de-la-ciencia\/#primaryimage"},"thumbnailUrl":"https:\/\/www.iesabadinobhi.com\/wp-content\/uploads\/2023\/06\/captura_zientzia_azoka_calidad-scaled.jpg","articleSection":["Noticias"],"inLanguage":"es"},{"@type":"WebPage","@id":"https:\/\/www.iesabadinobhi.com\/es\/proyecto-cientifico-de-nuestros-alumnos-en-la-feria-de-la-ciencia\/","url":"https:\/\/www.iesabadinobhi.com\/es\/proyecto-cientifico-de-nuestros-alumnos-en-la-feria-de-la-ciencia\/","name":"Proyecto cient\u00edfico de nuestros alumnos en la Feria de la Ciencia - Abadi\u00f1oko Institutua - Instituto de Abadi\u00f1o","isPartOf":{"@id":"https:\/\/www.iesabadinobhi.com\/#website"},"primaryImageOfPage":{"@id":"https:\/\/www.iesabadinobhi.com\/es\/proyecto-cientifico-de-nuestros-alumnos-en-la-feria-de-la-ciencia\/#primaryimage"},"image":{"@id":"https:\/\/www.iesabadinobhi.com\/es\/proyecto-cientifico-de-nuestros-alumnos-en-la-feria-de-la-ciencia\/#primaryimage"},"thumbnailUrl":"https:\/\/www.iesabadinobhi.com\/wp-content\/uploads\/2023\/06\/captura_zientzia_azoka_calidad-scaled.jpg","datePublished":"2023-06-02T11:04:52+00:00","dateModified":"2023-06-02T11:05:43+00:00","breadcrumb":{"@id":"https:\/\/www.iesabadinobhi.com\/es\/proyecto-cientifico-de-nuestros-alumnos-en-la-feria-de-la-ciencia\/#breadcrumb"},"inLanguage":"es","potentialAction":[{"@type":"ReadAction","target":["https:\/\/www.iesabadinobhi.com\/es\/proyecto-cientifico-de-nuestros-alumnos-en-la-feria-de-la-ciencia\/"]}]},{"@type":"ImageObject","inLanguage":"es","@id":"https:\/\/www.iesabadinobhi.com\/es\/proyecto-cientifico-de-nuestros-alumnos-en-la-feria-de-la-ciencia\/#primaryimage","url":"https:\/\/www.iesabadinobhi.com\/wp-content\/uploads\/2023\/06\/captura_zientzia_azoka_calidad-scaled.jpg","contentUrl":"https:\/\/www.iesabadinobhi.com\/wp-content\/uploads\/2023\/06\/captura_zientzia_azoka_calidad-scaled.jpg","width":2560,"height":1065,"caption":"Gure ikasleen proiektu zientifikoa Zientzia Azokan"},{"@type":"BreadcrumbList","@id":"https:\/\/www.iesabadinobhi.com\/es\/proyecto-cientifico-de-nuestros-alumnos-en-la-feria-de-la-ciencia\/#breadcrumb","itemListElement":[{"@type":"ListItem","position":1,"name":"Portada","item":"https:\/\/www.iesabadinobhi.com\/es\/"},{"@type":"ListItem","position":2,"name":"Proyecto cient\u00edfico de nuestros alumnos en la Feria de la Ciencia"}]},{"@type":"WebSite","@id":"https:\/\/www.iesabadinobhi.com\/#website","url":"https:\/\/www.iesabadinobhi.com\/","name":"Abadi\u00f1oko Institutua - Instituto de Abadi\u00f1o","description":"Centro p\u00fablico de modelo D para alumnos\/as de 12 a 16 a\u00f1os.","publisher":{"@id":"https:\/\/www.iesabadinobhi.com\/#organization"},"potentialAction":[{"@type":"SearchAction","target":{"@type":"EntryPoint","urlTemplate":"https:\/\/www.iesabadinobhi.com\/?s={search_term_string}"},"query-input":{"@type":"PropertyValueSpecification","valueRequired":true,"valueName":"search_term_string"}}],"inLanguage":"es"},{"@type":"Organization","@id":"https:\/\/www.iesabadinobhi.com\/#organization","name":"Abadi\u00f1oko Institutua - Instituto de Abadi\u00f1o","url":"https:\/\/www.iesabadinobhi.com\/","logo":{"@type":"ImageObject","inLanguage":"es","@id":"https:\/\/www.iesabadinobhi.com\/#\/schema\/logo\/image\/","url":"https:\/\/www.iesabadinobhi.com\/wp-content\/uploads\/2022\/01\/logo_abadino_web_25-1.jpg","contentUrl":"https:\/\/www.iesabadinobhi.com\/wp-content\/uploads\/2022\/01\/logo_abadino_web_25-1.jpg","width":246,"height":234,"caption":"Abadi\u00f1oko Institutua - Instituto de Abadi\u00f1o"},"image":{"@id":"https:\/\/www.iesabadinobhi.com\/#\/schema\/logo\/image\/"},"sameAs":["https:\/\/www.youtube.com\/channel\/UChFI9DF_PiIsiqzblGEpD6Q"]},{"@type":"Person","@id":"https:\/\/www.iesabadinobhi.com\/#\/schema\/person\/a71a6965234a00ffd67b3fc3c9858cd3","name":"komunika","image":{"@type":"ImageObject","inLanguage":"es","@id":"https:\/\/secure.gravatar.com\/avatar\/a22f2ac29ef785448617c06f66acb86e91041eb5ff01e3e6145cdc0af3989762?s=96&d=mm&r=g","url":"https:\/\/secure.gravatar.com\/avatar\/a22f2ac29ef785448617c06f66acb86e91041eb5ff01e3e6145cdc0af3989762?s=96&d=mm&r=g","contentUrl":"https:\/\/secure.gravatar.com\/avatar\/a22f2ac29ef785448617c06f66acb86e91041eb5ff01e3e6145cdc0af3989762?s=96&d=mm&r=g","caption":"komunika"},"sameAs":["http:\/\/www.iesabadinobhi.com"],"url":"https:\/\/www.iesabadinobhi.com\/es\/author\/komunika\/"}]}},"_links":{"self":[{"href":"https:\/\/www.iesabadinobhi.com\/es\/wp-json\/wp\/v2\/posts\/12609","targetHints":{"allow":["GET"]}}],"collection":[{"href":"https:\/\/www.iesabadinobhi.com\/es\/wp-json\/wp\/v2\/posts"}],"about":[{"href":"https:\/\/www.iesabadinobhi.com\/es\/wp-json\/wp\/v2\/types\/post"}],"author":[{"embeddable":true,"href":"https:\/\/www.iesabadinobhi.com\/es\/wp-json\/wp\/v2\/users\/1"}],"replies":[{"embeddable":true,"href":"https:\/\/www.iesabadinobhi.com\/es\/wp-json\/wp\/v2\/comments?post=12609"}],"version-history":[{"count":4,"href":"https:\/\/www.iesabadinobhi.com\/es\/wp-json\/wp\/v2\/posts\/12609\/revisions"}],"predecessor-version":[{"id":12619,"href":"https:\/\/www.iesabadinobhi.com\/es\/wp-json\/wp\/v2\/posts\/12609\/revisions\/12619"}],"wp:featuredmedia":[{"embeddable":true,"href":"https:\/\/www.iesabadinobhi.com\/es\/wp-json\/wp\/v2\/media\/12621"}],"wp:attachment":[{"href":"https:\/\/www.iesabadinobhi.com\/es\/wp-json\/wp\/v2\/media?parent=12609"}],"wp:term":[{"taxonomy":"category","embeddable":true,"href":"https:\/\/www.iesabadinobhi.com\/es\/wp-json\/wp\/v2\/categories?post=12609"},{"taxonomy":"post_tag","embeddable":true,"href":"https:\/\/www.iesabadinobhi.com\/es\/wp-json\/wp\/v2\/tags?post=12609"}],"curies":[{"name":"wp","href":"https:\/\/api.w.org\/{rel}","templated":true}]}}