  {"id":12379,"date":"2023-03-27T09:36:05","date_gmt":"2023-03-27T07:36:05","guid":{"rendered":"https:\/\/www.iesabadinobhi.com\/?p=12379"},"modified":"2023-03-27T09:36:57","modified_gmt":"2023-03-27T07:36:57","slug":"proyecto-de-direccion-2023-2027","status":"publish","type":"post","link":"https:\/\/www.iesabadinobhi.com\/es\/proyecto-de-direccion-2023-2027\/","title":{"rendered":"Proyecto de Direcci\u00f3n 2023-2027"},"content":{"rendered":"\t\t<div data-elementor-type=\"wp-post\" data-elementor-id=\"12379\" class=\"elementor elementor-12379 elementor-12378\" data-elementor-settings=\"[]\">\n\t\t\t\t\t\t<div class=\"elementor-inner\">\n\t\t\t\t\t\t\t<div class=\"elementor-section-wrap\">\n\t\t\t\t\t\t\t<section class=\"elementor-section elementor-top-section elementor-element elementor-element-79ff05d2 elementor-section-boxed elementor-section-height-default elementor-section-height-default\" data-id=\"79ff05d2\" data-element_type=\"section\">\n\t\t\t\t\t\t<div class=\"elementor-container elementor-column-gap-default\">\n\t\t\t\t\t\t\t<div class=\"elementor-row\">\n\t\t\t\t\t<div class=\"elementor-column elementor-col-100 elementor-top-column elementor-element elementor-element-4e1b8e4f\" data-id=\"4e1b8e4f\" data-element_type=\"column\">\n\t\t\t<div class=\"elementor-column-wrap elementor-element-populated\">\n\t\t\t\t\t\t\t<div class=\"elementor-widget-wrap\">\n\t\t\t\t\t\t<div class=\"elementor-element elementor-element-6069e05 elementor-widget elementor-widget-image\" data-id=\"6069e05\" data-element_type=\"widget\" data-widget_type=\"image.default\">\n\t\t\t\t<div class=\"elementor-widget-container\">\n\t\t\t\t\t<div class=\"elementor-image\">\n\t\t\t\t\t\t\t\t\t\t\t<a href=\"https:\/\/www.iesabadinobhi.com\/wp-content\/uploads\/2023\/03\/zuzendaritza_poiektuaren_defentsa_epai_mahaian.jpg\" data-elementor-open-lightbox=\"yes\" data-elementor-lightbox-title=\"Proyecto de Direcci\u00f3n 2023-2027\">\n\t\t\t\t\t\t\t<img loading=\"lazy\" decoding=\"async\" width=\"1024\" height=\"461\" src=\"https:\/\/www.iesabadinobhi.com\/wp-content\/uploads\/2023\/03\/zuzendaritza_poiektuaren_defentsa_epai_mahaian-1024x461.jpg\" class=\"attachment-large size-large\" alt=\"Proyecto de Direcci\u00f3n 2023-2027\" srcset=\"https:\/\/www.iesabadinobhi.com\/wp-content\/uploads\/2023\/03\/zuzendaritza_poiektuaren_defentsa_epai_mahaian-1024x461.jpg 1024w, https:\/\/www.iesabadinobhi.com\/wp-content\/uploads\/2023\/03\/zuzendaritza_poiektuaren_defentsa_epai_mahaian-500x225.jpg 500w, https:\/\/www.iesabadinobhi.com\/wp-content\/uploads\/2023\/03\/zuzendaritza_poiektuaren_defentsa_epai_mahaian-768x345.jpg 768w, https:\/\/www.iesabadinobhi.com\/wp-content\/uploads\/2023\/03\/zuzendaritza_poiektuaren_defentsa_epai_mahaian-1536x691.jpg 1536w, https:\/\/www.iesabadinobhi.com\/wp-content\/uploads\/2023\/03\/zuzendaritza_poiektuaren_defentsa_epai_mahaian-150x67.jpg 150w, https:\/\/www.iesabadinobhi.com\/wp-content\/uploads\/2023\/03\/zuzendaritza_poiektuaren_defentsa_epai_mahaian.jpg 2048w\" sizes=\"auto, (max-width: 1024px) 100vw, 1024px\" \/>\t\t\t\t\t\t\t\t<\/a>\n\t\t\t\t\t\t\t\t\t\t\t<\/div>\n\t\t\t\t<\/div>\n\t\t\t\t<\/div>\n\t\t\t\t<div class=\"elementor-element elementor-element-153dc1c5 elementor-widget elementor-widget-text-editor\" data-id=\"153dc1c5\" data-element_type=\"widget\" data-widget_type=\"text-editor.default\">\n\t\t\t\t<div class=\"elementor-widget-container\">\n\t\t\t\t\t<div class=\"elementor-text-editor elementor-clearfix\"><p style=\"text-align: justify;\"><strong>Este 23 de marzo se realiz\u00f3 la defensa del Proyecto de Direcci\u00f3n del Instituto de Abadi\u00f1o. <\/strong><\/p><p style=\"text-align: justify;\">El inspector que estuvo en el tribunal, nos felicit\u00f3 por el proyecto preparado por este centro para los pr\u00f3ximos cuatro cursos.<\/p><p style=\"text-align: justify;\">Este proyecto planificado con tanta ilusi\u00f3n tiene como objetivo el \u00e9xito de nuestro alumnado. Teniendo el euskara como fundamento, es indispensable la implicaci\u00f3n de todos los miembros de la comunidad educativa.<\/p><p style=\"text-align: justify;\">Por lo tanto, muchas gracias a todos aquello\/as que nos ayud\u00e1is a sacar adelante este reto.<\/p><\/div>\n\t\t\t\t<\/div>\n\t\t\t\t<\/div>\n\t\t\t\t\t\t<\/div>\n\t\t\t\t\t<\/div>\n\t\t<\/div>\n\t\t\t\t\t\t\t\t<\/div>\n\t\t\t\t\t<\/div>\n\t\t<\/section>\n\t\t\t\t\t\t<\/div>\n\t\t\t\t\t\t<\/div>\n\t\t\t\t\t<\/div>\n\t\t","protected":false},"excerpt":{"rendered":"<p>Este 23 de marzo se realiz\u00f3 la defensa del Proyecto de Direcci\u00f3n del Instituto de Abadi\u00f1o. El inspector que estuvo en el tribunal, nos felicit\u00f3 por el proyecto preparado por este centro para los pr\u00f3ximos cuatro cursos. Este proyecto planificado con tanta ilusi\u00f3n tiene como objetivo el \u00e9xito de nuestro&nbsp;<a href=\"https:\/\/www.iesabadinobhi.com\/es\/proyecto-de-direccion-2023-2027\/\">&hellip;<\/a><\/p>\n","protected":false},"author":1,"featured_media":12377,"comment_status":"closed","ping_status":"closed","sticky":false,"template":"","format":"standard","meta":{"_acf_changed":false,"footnotes":""},"categories":[38],"tags":[],"class_list":["post-12379","post","type-post","status-publish","format-standard","has-post-thumbnail","hentry","category-noticias","odd"],"acf":[],"yoast_head":"<!-- This site is optimized with the Yoast SEO plugin v27.4 - https:\/\/yoast.com\/product\/yoast-seo-wordpress\/ -->\n<title>Proyecto de Direcci\u00f3n 2023-2027 - Abadi\u00f1oko Institutua - Instituto de Abadi\u00f1o<\/title>\n<meta name=\"robots\" content=\"index, follow, max-snippet:-1, max-image-preview:large, max-video-preview:-1\" \/>\n<link rel=\"canonical\" href=\"https:\/\/www.iesabadinobhi.com\/es\/proyecto-de-direccion-2023-2027\/\" \/>\n<meta property=\"og:locale\" content=\"es_ES\" \/>\n<meta property=\"og:type\" content=\"article\" \/>\n<meta property=\"og:title\" content=\"Proyecto de Direcci\u00f3n 2023-2027 - Abadi\u00f1oko Institutua - Instituto de Abadi\u00f1o\" \/>\n<meta property=\"og:description\" content=\"Este 23 de marzo se realiz\u00f3 la defensa del Proyecto de Direcci\u00f3n del Instituto de Abadi\u00f1o. El inspector que estuvo en el tribunal, nos felicit\u00f3 por el proyecto preparado por este centro para los pr\u00f3ximos cuatro cursos. Este proyecto planificado con tanta ilusi\u00f3n tiene como objetivo el \u00e9xito de nuestro&nbsp;&hellip;\" \/>\n<meta property=\"og:url\" content=\"https:\/\/www.iesabadinobhi.com\/es\/proyecto-de-direccion-2023-2027\/\" \/>\n<meta property=\"og:site_name\" content=\"Abadi\u00f1oko Institutua - Instituto de Abadi\u00f1o\" \/>\n<meta property=\"article:published_time\" content=\"2023-03-27T07:36:05+00:00\" \/>\n<meta property=\"article:modified_time\" content=\"2023-03-27T07:36:57+00:00\" \/>\n<meta property=\"og:image\" content=\"https:\/\/www.iesabadinobhi.com\/wp-content\/uploads\/2023\/03\/zuzendaritza_poiektuaren_defentsa_epai_mahaian.jpg\" \/>\n\t<meta property=\"og:image:width\" content=\"2048\" \/>\n\t<meta property=\"og:image:height\" content=\"921\" \/>\n\t<meta property=\"og:image:type\" content=\"image\/jpeg\" \/>\n<meta name=\"author\" content=\"komunika\" \/>\n<meta name=\"twitter:card\" content=\"summary_large_image\" \/>\n<meta name=\"twitter:label1\" content=\"Escrito por\" \/>\n\t<meta name=\"twitter:data1\" content=\"komunika\" \/>\n<script type=\"application\/ld+json\" class=\"yoast-schema-graph\">{\"@context\":\"https:\\\/\\\/schema.org\",\"@graph\":[{\"@type\":\"Article\",\"@id\":\"https:\\\/\\\/www.iesabadinobhi.com\\\/es\\\/proyecto-de-direccion-2023-2027\\\/#article\",\"isPartOf\":{\"@id\":\"https:\\\/\\\/www.iesabadinobhi.com\\\/es\\\/proyecto-de-direccion-2023-2027\\\/\"},\"author\":{\"name\":\"komunika\",\"@id\":\"https:\\\/\\\/www.iesabadinobhi.com\\\/#\\\/schema\\\/person\\\/a71a6965234a00ffd67b3fc3c9858cd3\"},\"headline\":\"Proyecto de Direcci\u00f3n 2023-2027\",\"datePublished\":\"2023-03-27T07:36:05+00:00\",\"dateModified\":\"2023-03-27T07:36:57+00:00\",\"mainEntityOfPage\":{\"@id\":\"https:\\\/\\\/www.iesabadinobhi.com\\\/es\\\/proyecto-de-direccion-2023-2027\\\/\"},\"wordCount\":95,\"publisher\":{\"@id\":\"https:\\\/\\\/www.iesabadinobhi.com\\\/#organization\"},\"image\":{\"@id\":\"https:\\\/\\\/www.iesabadinobhi.com\\\/es\\\/proyecto-de-direccion-2023-2027\\\/#primaryimage\"},\"thumbnailUrl\":\"https:\\\/\\\/www.iesabadinobhi.com\\\/wp-content\\\/uploads\\\/2023\\\/03\\\/zuzendaritza_poiektuaren_defentsa_epai_mahaian.jpg\",\"articleSection\":[\"Noticias\"],\"inLanguage\":\"es\"},{\"@type\":\"WebPage\",\"@id\":\"https:\\\/\\\/www.iesabadinobhi.com\\\/es\\\/proyecto-de-direccion-2023-2027\\\/\",\"url\":\"https:\\\/\\\/www.iesabadinobhi.com\\\/es\\\/proyecto-de-direccion-2023-2027\\\/\",\"name\":\"Proyecto de Direcci\u00f3n 2023-2027 - Abadi\u00f1oko Institutua - Instituto de Abadi\u00f1o\",\"isPartOf\":{\"@id\":\"https:\\\/\\\/www.iesabadinobhi.com\\\/#website\"},\"primaryImageOfPage\":{\"@id\":\"https:\\\/\\\/www.iesabadinobhi.com\\\/es\\\/proyecto-de-direccion-2023-2027\\\/#primaryimage\"},\"image\":{\"@id\":\"https:\\\/\\\/www.iesabadinobhi.com\\\/es\\\/proyecto-de-direccion-2023-2027\\\/#primaryimage\"},\"thumbnailUrl\":\"https:\\\/\\\/www.iesabadinobhi.com\\\/wp-content\\\/uploads\\\/2023\\\/03\\\/zuzendaritza_poiektuaren_defentsa_epai_mahaian.jpg\",\"datePublished\":\"2023-03-27T07:36:05+00:00\",\"dateModified\":\"2023-03-27T07:36:57+00:00\",\"breadcrumb\":{\"@id\":\"https:\\\/\\\/www.iesabadinobhi.com\\\/es\\\/proyecto-de-direccion-2023-2027\\\/#breadcrumb\"},\"inLanguage\":\"es\",\"potentialAction\":[{\"@type\":\"ReadAction\",\"target\":[\"https:\\\/\\\/www.iesabadinobhi.com\\\/es\\\/proyecto-de-direccion-2023-2027\\\/\"]}]},{\"@type\":\"ImageObject\",\"inLanguage\":\"es\",\"@id\":\"https:\\\/\\\/www.iesabadinobhi.com\\\/es\\\/proyecto-de-direccion-2023-2027\\\/#primaryimage\",\"url\":\"https:\\\/\\\/www.iesabadinobhi.com\\\/wp-content\\\/uploads\\\/2023\\\/03\\\/zuzendaritza_poiektuaren_defentsa_epai_mahaian.jpg\",\"contentUrl\":\"https:\\\/\\\/www.iesabadinobhi.com\\\/wp-content\\\/uploads\\\/2023\\\/03\\\/zuzendaritza_poiektuaren_defentsa_epai_mahaian.jpg\",\"width\":2048,\"height\":921,\"caption\":\"Proyecto de Direcci\u00f3n 2023-2027\"},{\"@type\":\"BreadcrumbList\",\"@id\":\"https:\\\/\\\/www.iesabadinobhi.com\\\/es\\\/proyecto-de-direccion-2023-2027\\\/#breadcrumb\",\"itemListElement\":[{\"@type\":\"ListItem\",\"position\":1,\"name\":\"Portada\",\"item\":\"https:\\\/\\\/www.iesabadinobhi.com\\\/es\\\/\"},{\"@type\":\"ListItem\",\"position\":2,\"name\":\"Proyecto de Direcci\u00f3n 2023-2027\"}]},{\"@type\":\"WebSite\",\"@id\":\"https:\\\/\\\/www.iesabadinobhi.com\\\/#website\",\"url\":\"https:\\\/\\\/www.iesabadinobhi.com\\\/\",\"name\":\"Abadi\u00f1oko Institutua - Instituto de Abadi\u00f1o\",\"description\":\"Centro p\u00fablico de modelo D para alumnos\\\/as de 12 a 16 a\u00f1os.\",\"publisher\":{\"@id\":\"https:\\\/\\\/www.iesabadinobhi.com\\\/#organization\"},\"potentialAction\":[{\"@type\":\"SearchAction\",\"target\":{\"@type\":\"EntryPoint\",\"urlTemplate\":\"https:\\\/\\\/www.iesabadinobhi.com\\\/?s={search_term_string}\"},\"query-input\":{\"@type\":\"PropertyValueSpecification\",\"valueRequired\":true,\"valueName\":\"search_term_string\"}}],\"inLanguage\":\"es\"},{\"@type\":\"Organization\",\"@id\":\"https:\\\/\\\/www.iesabadinobhi.com\\\/#organization\",\"name\":\"Abadi\u00f1oko Institutua - Instituto de Abadi\u00f1o\",\"url\":\"https:\\\/\\\/www.iesabadinobhi.com\\\/\",\"logo\":{\"@type\":\"ImageObject\",\"inLanguage\":\"es\",\"@id\":\"https:\\\/\\\/www.iesabadinobhi.com\\\/#\\\/schema\\\/logo\\\/image\\\/\",\"url\":\"https:\\\/\\\/www.iesabadinobhi.com\\\/wp-content\\\/uploads\\\/2022\\\/01\\\/logo_abadino_web_25-1.jpg\",\"contentUrl\":\"https:\\\/\\\/www.iesabadinobhi.com\\\/wp-content\\\/uploads\\\/2022\\\/01\\\/logo_abadino_web_25-1.jpg\",\"width\":246,\"height\":234,\"caption\":\"Abadi\u00f1oko Institutua - Instituto de Abadi\u00f1o\"},\"image\":{\"@id\":\"https:\\\/\\\/www.iesabadinobhi.com\\\/#\\\/schema\\\/logo\\\/image\\\/\"},\"sameAs\":[\"https:\\\/\\\/www.youtube.com\\\/channel\\\/UChFI9DF_PiIsiqzblGEpD6Q\"]},{\"@type\":\"Person\",\"@id\":\"https:\\\/\\\/www.iesabadinobhi.com\\\/#\\\/schema\\\/person\\\/a71a6965234a00ffd67b3fc3c9858cd3\",\"name\":\"komunika\",\"image\":{\"@type\":\"ImageObject\",\"inLanguage\":\"es\",\"@id\":\"https:\\\/\\\/secure.gravatar.com\\\/avatar\\\/a22f2ac29ef785448617c06f66acb86e91041eb5ff01e3e6145cdc0af3989762?s=96&d=mm&r=g\",\"url\":\"https:\\\/\\\/secure.gravatar.com\\\/avatar\\\/a22f2ac29ef785448617c06f66acb86e91041eb5ff01e3e6145cdc0af3989762?s=96&d=mm&r=g\",\"contentUrl\":\"https:\\\/\\\/secure.gravatar.com\\\/avatar\\\/a22f2ac29ef785448617c06f66acb86e91041eb5ff01e3e6145cdc0af3989762?s=96&d=mm&r=g\",\"caption\":\"komunika\"},\"sameAs\":[\"http:\\\/\\\/www.iesabadinobhi.com\"],\"url\":\"https:\\\/\\\/www.iesabadinobhi.com\\\/es\\\/author\\\/komunika\\\/\"}]}<\/script>\n<!-- \/ Yoast SEO plugin. -->","yoast_head_json":{"title":"Proyecto de Direcci\u00f3n 2023-2027 - Abadi\u00f1oko Institutua - Instituto de Abadi\u00f1o","robots":{"index":"index","follow":"follow","max-snippet":"max-snippet:-1","max-image-preview":"max-image-preview:large","max-video-preview":"max-video-preview:-1"},"canonical":"https:\/\/www.iesabadinobhi.com\/es\/proyecto-de-direccion-2023-2027\/","og_locale":"es_ES","og_type":"article","og_title":"Proyecto de Direcci\u00f3n 2023-2027 - Abadi\u00f1oko Institutua - Instituto de Abadi\u00f1o","og_description":"Este 23 de marzo se realiz\u00f3 la defensa del Proyecto de Direcci\u00f3n del Instituto de Abadi\u00f1o. El inspector que estuvo en el tribunal, nos felicit\u00f3 por el proyecto preparado por este centro para los pr\u00f3ximos cuatro cursos. Este proyecto planificado con tanta ilusi\u00f3n tiene como objetivo el \u00e9xito de nuestro&nbsp;&hellip;","og_url":"https:\/\/www.iesabadinobhi.com\/es\/proyecto-de-direccion-2023-2027\/","og_site_name":"Abadi\u00f1oko Institutua - Instituto de Abadi\u00f1o","article_published_time":"2023-03-27T07:36:05+00:00","article_modified_time":"2023-03-27T07:36:57+00:00","og_image":[{"width":2048,"height":921,"url":"https:\/\/www.iesabadinobhi.com\/wp-content\/uploads\/2023\/03\/zuzendaritza_poiektuaren_defentsa_epai_mahaian.jpg","type":"image\/jpeg"}],"author":"komunika","twitter_card":"summary_large_image","twitter_misc":{"Escrito por":"komunika"},"schema":{"@context":"https:\/\/schema.org","@graph":[{"@type":"Article","@id":"https:\/\/www.iesabadinobhi.com\/es\/proyecto-de-direccion-2023-2027\/#article","isPartOf":{"@id":"https:\/\/www.iesabadinobhi.com\/es\/proyecto-de-direccion-2023-2027\/"},"author":{"name":"komunika","@id":"https:\/\/www.iesabadinobhi.com\/#\/schema\/person\/a71a6965234a00ffd67b3fc3c9858cd3"},"headline":"Proyecto de Direcci\u00f3n 2023-2027","datePublished":"2023-03-27T07:36:05+00:00","dateModified":"2023-03-27T07:36:57+00:00","mainEntityOfPage":{"@id":"https:\/\/www.iesabadinobhi.com\/es\/proyecto-de-direccion-2023-2027\/"},"wordCount":95,"publisher":{"@id":"https:\/\/www.iesabadinobhi.com\/#organization"},"image":{"@id":"https:\/\/www.iesabadinobhi.com\/es\/proyecto-de-direccion-2023-2027\/#primaryimage"},"thumbnailUrl":"https:\/\/www.iesabadinobhi.com\/wp-content\/uploads\/2023\/03\/zuzendaritza_poiektuaren_defentsa_epai_mahaian.jpg","articleSection":["Noticias"],"inLanguage":"es"},{"@type":"WebPage","@id":"https:\/\/www.iesabadinobhi.com\/es\/proyecto-de-direccion-2023-2027\/","url":"https:\/\/www.iesabadinobhi.com\/es\/proyecto-de-direccion-2023-2027\/","name":"Proyecto de Direcci\u00f3n 2023-2027 - Abadi\u00f1oko Institutua - Instituto de Abadi\u00f1o","isPartOf":{"@id":"https:\/\/www.iesabadinobhi.com\/#website"},"primaryImageOfPage":{"@id":"https:\/\/www.iesabadinobhi.com\/es\/proyecto-de-direccion-2023-2027\/#primaryimage"},"image":{"@id":"https:\/\/www.iesabadinobhi.com\/es\/proyecto-de-direccion-2023-2027\/#primaryimage"},"thumbnailUrl":"https:\/\/www.iesabadinobhi.com\/wp-content\/uploads\/2023\/03\/zuzendaritza_poiektuaren_defentsa_epai_mahaian.jpg","datePublished":"2023-03-27T07:36:05+00:00","dateModified":"2023-03-27T07:36:57+00:00","breadcrumb":{"@id":"https:\/\/www.iesabadinobhi.com\/es\/proyecto-de-direccion-2023-2027\/#breadcrumb"},"inLanguage":"es","potentialAction":[{"@type":"ReadAction","target":["https:\/\/www.iesabadinobhi.com\/es\/proyecto-de-direccion-2023-2027\/"]}]},{"@type":"ImageObject","inLanguage":"es","@id":"https:\/\/www.iesabadinobhi.com\/es\/proyecto-de-direccion-2023-2027\/#primaryimage","url":"https:\/\/www.iesabadinobhi.com\/wp-content\/uploads\/2023\/03\/zuzendaritza_poiektuaren_defentsa_epai_mahaian.jpg","contentUrl":"https:\/\/www.iesabadinobhi.com\/wp-content\/uploads\/2023\/03\/zuzendaritza_poiektuaren_defentsa_epai_mahaian.jpg","width":2048,"height":921,"caption":"Proyecto de Direcci\u00f3n 2023-2027"},{"@type":"BreadcrumbList","@id":"https:\/\/www.iesabadinobhi.com\/es\/proyecto-de-direccion-2023-2027\/#breadcrumb","itemListElement":[{"@type":"ListItem","position":1,"name":"Portada","item":"https:\/\/www.iesabadinobhi.com\/es\/"},{"@type":"ListItem","position":2,"name":"Proyecto de Direcci\u00f3n 2023-2027"}]},{"@type":"WebSite","@id":"https:\/\/www.iesabadinobhi.com\/#website","url":"https:\/\/www.iesabadinobhi.com\/","name":"Abadi\u00f1oko Institutua - Instituto de Abadi\u00f1o","description":"Centro p\u00fablico de modelo D para alumnos\/as de 12 a 16 a\u00f1os.","publisher":{"@id":"https:\/\/www.iesabadinobhi.com\/#organization"},"potentialAction":[{"@type":"SearchAction","target":{"@type":"EntryPoint","urlTemplate":"https:\/\/www.iesabadinobhi.com\/?s={search_term_string}"},"query-input":{"@type":"PropertyValueSpecification","valueRequired":true,"valueName":"search_term_string"}}],"inLanguage":"es"},{"@type":"Organization","@id":"https:\/\/www.iesabadinobhi.com\/#organization","name":"Abadi\u00f1oko Institutua - Instituto de Abadi\u00f1o","url":"https:\/\/www.iesabadinobhi.com\/","logo":{"@type":"ImageObject","inLanguage":"es","@id":"https:\/\/www.iesabadinobhi.com\/#\/schema\/logo\/image\/","url":"https:\/\/www.iesabadinobhi.com\/wp-content\/uploads\/2022\/01\/logo_abadino_web_25-1.jpg","contentUrl":"https:\/\/www.iesabadinobhi.com\/wp-content\/uploads\/2022\/01\/logo_abadino_web_25-1.jpg","width":246,"height":234,"caption":"Abadi\u00f1oko Institutua - Instituto de Abadi\u00f1o"},"image":{"@id":"https:\/\/www.iesabadinobhi.com\/#\/schema\/logo\/image\/"},"sameAs":["https:\/\/www.youtube.com\/channel\/UChFI9DF_PiIsiqzblGEpD6Q"]},{"@type":"Person","@id":"https:\/\/www.iesabadinobhi.com\/#\/schema\/person\/a71a6965234a00ffd67b3fc3c9858cd3","name":"komunika","image":{"@type":"ImageObject","inLanguage":"es","@id":"https:\/\/secure.gravatar.com\/avatar\/a22f2ac29ef785448617c06f66acb86e91041eb5ff01e3e6145cdc0af3989762?s=96&d=mm&r=g","url":"https:\/\/secure.gravatar.com\/avatar\/a22f2ac29ef785448617c06f66acb86e91041eb5ff01e3e6145cdc0af3989762?s=96&d=mm&r=g","contentUrl":"https:\/\/secure.gravatar.com\/avatar\/a22f2ac29ef785448617c06f66acb86e91041eb5ff01e3e6145cdc0af3989762?s=96&d=mm&r=g","caption":"komunika"},"sameAs":["http:\/\/www.iesabadinobhi.com"],"url":"https:\/\/www.iesabadinobhi.com\/es\/author\/komunika\/"}]}},"_links":{"self":[{"href":"https:\/\/www.iesabadinobhi.com\/es\/wp-json\/wp\/v2\/posts\/12379","targetHints":{"allow":["GET"]}}],"collection":[{"href":"https:\/\/www.iesabadinobhi.com\/es\/wp-json\/wp\/v2\/posts"}],"about":[{"href":"https:\/\/www.iesabadinobhi.com\/es\/wp-json\/wp\/v2\/types\/post"}],"author":[{"embeddable":true,"href":"https:\/\/www.iesabadinobhi.com\/es\/wp-json\/wp\/v2\/users\/1"}],"replies":[{"embeddable":true,"href":"https:\/\/www.iesabadinobhi.com\/es\/wp-json\/wp\/v2\/comments?post=12379"}],"version-history":[{"count":4,"href":"https:\/\/www.iesabadinobhi.com\/es\/wp-json\/wp\/v2\/posts\/12379\/revisions"}],"predecessor-version":[{"id":12390,"href":"https:\/\/www.iesabadinobhi.com\/es\/wp-json\/wp\/v2\/posts\/12379\/revisions\/12390"}],"wp:featuredmedia":[{"embeddable":true,"href":"https:\/\/www.iesabadinobhi.com\/es\/wp-json\/wp\/v2\/media\/12377"}],"wp:attachment":[{"href":"https:\/\/www.iesabadinobhi.com\/es\/wp-json\/wp\/v2\/media?parent=12379"}],"wp:term":[{"taxonomy":"category","embeddable":true,"href":"https:\/\/www.iesabadinobhi.com\/es\/wp-json\/wp\/v2\/categories?post=12379"},{"taxonomy":"post_tag","embeddable":true,"href":"https:\/\/www.iesabadinobhi.com\/es\/wp-json\/wp\/v2\/tags?post=12379"}],"curies":[{"name":"wp","href":"https:\/\/api.w.org\/{rel}","templated":true}]}}