  {"id":10736,"date":"2022-07-18T13:59:35","date_gmt":"2022-07-18T11:59:35","guid":{"rendered":"https:\/\/www.iesabadinobhi.com\/?p=10736"},"modified":"2022-07-18T14:02:36","modified_gmt":"2022-07-18T12:02:36","slug":"carta-para-los-padres","status":"publish","type":"post","link":"https:\/\/www.iesabadinobhi.com\/es\/carta-para-los-padres\/","title":{"rendered":"Carta para los padres"},"content":{"rendered":"\t\t<div data-elementor-type=\"wp-post\" data-elementor-id=\"10736\" class=\"elementor elementor-10736 elementor-10735\" data-elementor-settings=\"[]\">\n\t\t\t\t\t\t<div class=\"elementor-inner\">\n\t\t\t\t\t\t\t<div class=\"elementor-section-wrap\">\n\t\t\t\t\t\t\t<section class=\"elementor-section elementor-top-section elementor-element elementor-element-79ff05d2 elementor-section-boxed elementor-section-height-default elementor-section-height-default\" data-id=\"79ff05d2\" data-element_type=\"section\">\n\t\t\t\t\t\t<div class=\"elementor-container elementor-column-gap-default\">\n\t\t\t\t\t\t\t<div class=\"elementor-row\">\n\t\t\t\t\t<div class=\"elementor-column elementor-col-100 elementor-top-column elementor-element elementor-element-4e1b8e4f\" data-id=\"4e1b8e4f\" data-element_type=\"column\">\n\t\t\t<div class=\"elementor-column-wrap elementor-element-populated\">\n\t\t\t\t\t\t\t<div class=\"elementor-widget-wrap\">\n\t\t\t\t\t\t<div class=\"elementor-element elementor-element-1a47996 elementor-widget elementor-widget-image\" data-id=\"1a47996\" data-element_type=\"widget\" data-widget_type=\"image.default\">\n\t\t\t\t<div class=\"elementor-widget-container\">\n\t\t\t\t\t<div class=\"elementor-image\">\n\t\t\t\t\t\t\t\t\t\t\t<a href=\"https:\/\/www.iesabadinobhi.com\/wp-content\/uploads\/2022\/07\/carta_padres_imagen.jpg\" data-elementor-open-lightbox=\"yes\" data-elementor-lightbox-title=\"carta_padres_imagen\">\n\t\t\t\t\t\t\t<img loading=\"lazy\" decoding=\"async\" width=\"1024\" height=\"538\" src=\"https:\/\/www.iesabadinobhi.com\/wp-content\/uploads\/2022\/07\/carta_padres_imagen-1024x538.jpg\" class=\"attachment-large size-large\" alt=\"\" srcset=\"https:\/\/www.iesabadinobhi.com\/wp-content\/uploads\/2022\/07\/carta_padres_imagen-1024x538.jpg 1024w, https:\/\/www.iesabadinobhi.com\/wp-content\/uploads\/2022\/07\/carta_padres_imagen-500x263.jpg 500w, https:\/\/www.iesabadinobhi.com\/wp-content\/uploads\/2022\/07\/carta_padres_imagen-768x404.jpg 768w, https:\/\/www.iesabadinobhi.com\/wp-content\/uploads\/2022\/07\/carta_padres_imagen-150x79.jpg 150w, https:\/\/www.iesabadinobhi.com\/wp-content\/uploads\/2022\/07\/carta_padres_imagen.jpg 1522w\" sizes=\"auto, (max-width: 1024px) 100vw, 1024px\" \/>\t\t\t\t\t\t\t\t<\/a>\n\t\t\t\t\t\t\t\t\t\t\t<\/div>\n\t\t\t\t<\/div>\n\t\t\t\t<\/div>\n\t\t\t\t<div class=\"elementor-element elementor-element-153dc1c5 elementor-widget elementor-widget-text-editor\" data-id=\"153dc1c5\" data-element_type=\"widget\" data-widget_type=\"text-editor.default\">\n\t\t\t\t<div class=\"elementor-widget-container\">\n\t\t\t\t\t<div class=\"elementor-text-editor elementor-clearfix\"><p>Hola a tod@s!<\/p><p>A trav\u00e9s de esta carta os informamos de que el <strong>primer d\u00eda de clase<\/strong> de vuestros hijos\/as ser\u00e1 el <strong>8 de septiembre<\/strong>. Ese d\u00eda \u00fanicamente tendr\u00e1n la presentaci\u00f3n en el horario abajo detallado:<\/p><ul><li>10:00h: 1\u00ba ESO<\/li><li>10:30h: 2\u00baESO<\/li><li>11:00h: 3\u00baESO<\/li><li>11:30h: 4\u00baESO<\/li><\/ul><p>A partir del 9 de septiembre, comenzaremos con el horario habitual. Por lo tanto, desde ese d\u00eda en adelante, habr\u00e1 servicio de comedor.<\/p><p>Para asegurar el orden en las <strong>entradas y salidas<\/strong> del alumnado, se continuar\u00e1n con los turnos de este curso:<\/p><ul><li>8:20h: 1er turno de autob\u00fas.<\/li><li>8:25h: 3\u00ba y 4\u00ba de la ESO<\/li><li>8:30h: 1\u00ba y 2\u00ba de la ESO y el segundo turno de autob\u00fas.<\/li><\/ul><p>Todo el alumnado (excepto del 2\u00ba turno de autob\u00fas) saldr\u00e1 a las 14:30h.<\/p><ul><li>El alumnado de 1er ciclo entrar\u00e1 y saldr\u00e1 por la puerta principal y el de 2\u00ba por la lateral.<\/li><\/ul><p>Os informamos de las <strong>reuniones<\/strong> de presentaci\u00f3n con las <strong>familias<\/strong>:<\/p><ul><li>El 21 de septiembre a las 18:30h todo el alumnado de la ESO pero cada uno en la tutor\u00eda correspondiente.<\/li><\/ul><p>El alumnado que vaya a utilizar el servicio de transporte (1er ciclo) durante el curso, que sepa que como habitualmente, el autob\u00fas saldr\u00e1 a las 8:00h de Muntsaratz y dar\u00e1 dos vueltas llegando a Zelaieta aproximadamente a las 8:15h.<\/p><p>Otras informaciones se ir\u00e1n subiendo a la p\u00e1gina web en septiembre.<\/p><\/div>\n\t\t\t\t<\/div>\n\t\t\t\t<\/div>\n\t\t\t\t\t\t<\/div>\n\t\t\t\t\t<\/div>\n\t\t<\/div>\n\t\t\t\t\t\t\t\t<\/div>\n\t\t\t\t\t<\/div>\n\t\t<\/section>\n\t\t\t\t\t\t<\/div>\n\t\t\t\t\t\t<\/div>\n\t\t\t\t\t<\/div>\n\t\t","protected":false},"excerpt":{"rendered":"<p>Hola a tod@s! A trav\u00e9s de esta carta os informamos de que el primer d\u00eda de clase de vuestros hijos\/as ser\u00e1 el 8 de septiembre. Ese d\u00eda \u00fanicamente tendr\u00e1n la presentaci\u00f3n en el horario abajo detallado: 10:00h: 1\u00ba ESO 10:30h: 2\u00baESO 11:00h: 3\u00baESO 11:30h: 4\u00baESO A partir del 9 de&nbsp;<a href=\"https:\/\/www.iesabadinobhi.com\/es\/carta-para-los-padres\/\">&hellip;<\/a><\/p>\n","protected":false},"author":1,"featured_media":10738,"comment_status":"closed","ping_status":"closed","sticky":false,"template":"","format":"standard","meta":{"_acf_changed":false,"footnotes":""},"categories":[38],"tags":[],"class_list":["post-10736","post","type-post","status-publish","format-standard","has-post-thumbnail","hentry","category-noticias","odd"],"acf":[],"yoast_head":"<!-- This site is optimized with the Yoast SEO plugin v27.4 - https:\/\/yoast.com\/product\/yoast-seo-wordpress\/ -->\n<title>Carta para los padres - Abadi\u00f1oko Institutua - Instituto de Abadi\u00f1o<\/title>\n<meta name=\"robots\" content=\"index, follow, max-snippet:-1, max-image-preview:large, max-video-preview:-1\" \/>\n<link rel=\"canonical\" href=\"https:\/\/www.iesabadinobhi.com\/es\/carta-para-los-padres\/\" \/>\n<meta property=\"og:locale\" content=\"es_ES\" \/>\n<meta property=\"og:type\" content=\"article\" \/>\n<meta property=\"og:title\" content=\"Carta para los padres - Abadi\u00f1oko Institutua - Instituto de Abadi\u00f1o\" \/>\n<meta property=\"og:description\" content=\"Hola a tod@s! A trav\u00e9s de esta carta os informamos de que el primer d\u00eda de clase de vuestros hijos\/as ser\u00e1 el 8 de septiembre. Ese d\u00eda \u00fanicamente tendr\u00e1n la presentaci\u00f3n en el horario abajo detallado: 10:00h: 1\u00ba ESO 10:30h: 2\u00baESO 11:00h: 3\u00baESO 11:30h: 4\u00baESO A partir del 9 de&nbsp;&hellip;\" \/>\n<meta property=\"og:url\" content=\"https:\/\/www.iesabadinobhi.com\/es\/carta-para-los-padres\/\" \/>\n<meta property=\"og:site_name\" content=\"Abadi\u00f1oko Institutua - Instituto de Abadi\u00f1o\" \/>\n<meta property=\"article:published_time\" content=\"2022-07-18T11:59:35+00:00\" \/>\n<meta property=\"article:modified_time\" content=\"2022-07-18T12:02:36+00:00\" \/>\n<meta property=\"og:image\" content=\"https:\/\/www.iesabadinobhi.com\/wp-content\/uploads\/2022\/07\/carta_padres_imagen.jpg\" \/>\n\t<meta property=\"og:image:width\" content=\"1522\" \/>\n\t<meta property=\"og:image:height\" content=\"800\" \/>\n\t<meta property=\"og:image:type\" content=\"image\/jpeg\" \/>\n<meta name=\"author\" content=\"komunika\" \/>\n<meta name=\"twitter:card\" content=\"summary_large_image\" \/>\n<meta name=\"twitter:label1\" content=\"Escrito por\" \/>\n\t<meta name=\"twitter:data1\" content=\"komunika\" \/>\n\t<meta name=\"twitter:label2\" content=\"Tiempo de lectura\" \/>\n\t<meta name=\"twitter:data2\" content=\"1 minuto\" \/>\n<script type=\"application\/ld+json\" class=\"yoast-schema-graph\">{\"@context\":\"https:\\\/\\\/schema.org\",\"@graph\":[{\"@type\":\"Article\",\"@id\":\"https:\\\/\\\/www.iesabadinobhi.com\\\/es\\\/carta-para-los-padres\\\/#article\",\"isPartOf\":{\"@id\":\"https:\\\/\\\/www.iesabadinobhi.com\\\/es\\\/carta-para-los-padres\\\/\"},\"author\":{\"name\":\"komunika\",\"@id\":\"https:\\\/\\\/www.iesabadinobhi.com\\\/#\\\/schema\\\/person\\\/a71a6965234a00ffd67b3fc3c9858cd3\"},\"headline\":\"Carta para los padres\",\"datePublished\":\"2022-07-18T11:59:35+00:00\",\"dateModified\":\"2022-07-18T12:02:36+00:00\",\"mainEntityOfPage\":{\"@id\":\"https:\\\/\\\/www.iesabadinobhi.com\\\/es\\\/carta-para-los-padres\\\/\"},\"wordCount\":235,\"publisher\":{\"@id\":\"https:\\\/\\\/www.iesabadinobhi.com\\\/#organization\"},\"image\":{\"@id\":\"https:\\\/\\\/www.iesabadinobhi.com\\\/es\\\/carta-para-los-padres\\\/#primaryimage\"},\"thumbnailUrl\":\"https:\\\/\\\/www.iesabadinobhi.com\\\/wp-content\\\/uploads\\\/2022\\\/07\\\/carta_padres_imagen.jpg\",\"articleSection\":[\"Noticias\"],\"inLanguage\":\"es\"},{\"@type\":\"WebPage\",\"@id\":\"https:\\\/\\\/www.iesabadinobhi.com\\\/es\\\/carta-para-los-padres\\\/\",\"url\":\"https:\\\/\\\/www.iesabadinobhi.com\\\/es\\\/carta-para-los-padres\\\/\",\"name\":\"Carta para los padres - Abadi\u00f1oko Institutua - Instituto de Abadi\u00f1o\",\"isPartOf\":{\"@id\":\"https:\\\/\\\/www.iesabadinobhi.com\\\/#website\"},\"primaryImageOfPage\":{\"@id\":\"https:\\\/\\\/www.iesabadinobhi.com\\\/es\\\/carta-para-los-padres\\\/#primaryimage\"},\"image\":{\"@id\":\"https:\\\/\\\/www.iesabadinobhi.com\\\/es\\\/carta-para-los-padres\\\/#primaryimage\"},\"thumbnailUrl\":\"https:\\\/\\\/www.iesabadinobhi.com\\\/wp-content\\\/uploads\\\/2022\\\/07\\\/carta_padres_imagen.jpg\",\"datePublished\":\"2022-07-18T11:59:35+00:00\",\"dateModified\":\"2022-07-18T12:02:36+00:00\",\"breadcrumb\":{\"@id\":\"https:\\\/\\\/www.iesabadinobhi.com\\\/es\\\/carta-para-los-padres\\\/#breadcrumb\"},\"inLanguage\":\"es\",\"potentialAction\":[{\"@type\":\"ReadAction\",\"target\":[\"https:\\\/\\\/www.iesabadinobhi.com\\\/es\\\/carta-para-los-padres\\\/\"]}]},{\"@type\":\"ImageObject\",\"inLanguage\":\"es\",\"@id\":\"https:\\\/\\\/www.iesabadinobhi.com\\\/es\\\/carta-para-los-padres\\\/#primaryimage\",\"url\":\"https:\\\/\\\/www.iesabadinobhi.com\\\/wp-content\\\/uploads\\\/2022\\\/07\\\/carta_padres_imagen.jpg\",\"contentUrl\":\"https:\\\/\\\/www.iesabadinobhi.com\\\/wp-content\\\/uploads\\\/2022\\\/07\\\/carta_padres_imagen.jpg\",\"width\":1522,\"height\":800},{\"@type\":\"BreadcrumbList\",\"@id\":\"https:\\\/\\\/www.iesabadinobhi.com\\\/es\\\/carta-para-los-padres\\\/#breadcrumb\",\"itemListElement\":[{\"@type\":\"ListItem\",\"position\":1,\"name\":\"Portada\",\"item\":\"https:\\\/\\\/www.iesabadinobhi.com\\\/es\\\/\"},{\"@type\":\"ListItem\",\"position\":2,\"name\":\"Carta para los padres\"}]},{\"@type\":\"WebSite\",\"@id\":\"https:\\\/\\\/www.iesabadinobhi.com\\\/#website\",\"url\":\"https:\\\/\\\/www.iesabadinobhi.com\\\/\",\"name\":\"Abadi\u00f1oko Institutua - Instituto de Abadi\u00f1o\",\"description\":\"Centro p\u00fablico de modelo D para alumnos\\\/as de 12 a 16 a\u00f1os.\",\"publisher\":{\"@id\":\"https:\\\/\\\/www.iesabadinobhi.com\\\/#organization\"},\"potentialAction\":[{\"@type\":\"SearchAction\",\"target\":{\"@type\":\"EntryPoint\",\"urlTemplate\":\"https:\\\/\\\/www.iesabadinobhi.com\\\/?s={search_term_string}\"},\"query-input\":{\"@type\":\"PropertyValueSpecification\",\"valueRequired\":true,\"valueName\":\"search_term_string\"}}],\"inLanguage\":\"es\"},{\"@type\":\"Organization\",\"@id\":\"https:\\\/\\\/www.iesabadinobhi.com\\\/#organization\",\"name\":\"Abadi\u00f1oko Institutua - Instituto de Abadi\u00f1o\",\"url\":\"https:\\\/\\\/www.iesabadinobhi.com\\\/\",\"logo\":{\"@type\":\"ImageObject\",\"inLanguage\":\"es\",\"@id\":\"https:\\\/\\\/www.iesabadinobhi.com\\\/#\\\/schema\\\/logo\\\/image\\\/\",\"url\":\"https:\\\/\\\/www.iesabadinobhi.com\\\/wp-content\\\/uploads\\\/2022\\\/01\\\/logo_abadino_web_25-1.jpg\",\"contentUrl\":\"https:\\\/\\\/www.iesabadinobhi.com\\\/wp-content\\\/uploads\\\/2022\\\/01\\\/logo_abadino_web_25-1.jpg\",\"width\":246,\"height\":234,\"caption\":\"Abadi\u00f1oko Institutua - Instituto de Abadi\u00f1o\"},\"image\":{\"@id\":\"https:\\\/\\\/www.iesabadinobhi.com\\\/#\\\/schema\\\/logo\\\/image\\\/\"},\"sameAs\":[\"https:\\\/\\\/www.youtube.com\\\/channel\\\/UChFI9DF_PiIsiqzblGEpD6Q\"]},{\"@type\":\"Person\",\"@id\":\"https:\\\/\\\/www.iesabadinobhi.com\\\/#\\\/schema\\\/person\\\/a71a6965234a00ffd67b3fc3c9858cd3\",\"name\":\"komunika\",\"image\":{\"@type\":\"ImageObject\",\"inLanguage\":\"es\",\"@id\":\"https:\\\/\\\/secure.gravatar.com\\\/avatar\\\/a22f2ac29ef785448617c06f66acb86e91041eb5ff01e3e6145cdc0af3989762?s=96&d=mm&r=g\",\"url\":\"https:\\\/\\\/secure.gravatar.com\\\/avatar\\\/a22f2ac29ef785448617c06f66acb86e91041eb5ff01e3e6145cdc0af3989762?s=96&d=mm&r=g\",\"contentUrl\":\"https:\\\/\\\/secure.gravatar.com\\\/avatar\\\/a22f2ac29ef785448617c06f66acb86e91041eb5ff01e3e6145cdc0af3989762?s=96&d=mm&r=g\",\"caption\":\"komunika\"},\"sameAs\":[\"http:\\\/\\\/www.iesabadinobhi.com\"],\"url\":\"https:\\\/\\\/www.iesabadinobhi.com\\\/es\\\/author\\\/komunika\\\/\"}]}<\/script>\n<!-- \/ Yoast SEO plugin. -->","yoast_head_json":{"title":"Carta para los padres - Abadi\u00f1oko Institutua - Instituto de Abadi\u00f1o","robots":{"index":"index","follow":"follow","max-snippet":"max-snippet:-1","max-image-preview":"max-image-preview:large","max-video-preview":"max-video-preview:-1"},"canonical":"https:\/\/www.iesabadinobhi.com\/es\/carta-para-los-padres\/","og_locale":"es_ES","og_type":"article","og_title":"Carta para los padres - Abadi\u00f1oko Institutua - Instituto de Abadi\u00f1o","og_description":"Hola a tod@s! A trav\u00e9s de esta carta os informamos de que el primer d\u00eda de clase de vuestros hijos\/as ser\u00e1 el 8 de septiembre. Ese d\u00eda \u00fanicamente tendr\u00e1n la presentaci\u00f3n en el horario abajo detallado: 10:00h: 1\u00ba ESO 10:30h: 2\u00baESO 11:00h: 3\u00baESO 11:30h: 4\u00baESO A partir del 9 de&nbsp;&hellip;","og_url":"https:\/\/www.iesabadinobhi.com\/es\/carta-para-los-padres\/","og_site_name":"Abadi\u00f1oko Institutua - Instituto de Abadi\u00f1o","article_published_time":"2022-07-18T11:59:35+00:00","article_modified_time":"2022-07-18T12:02:36+00:00","og_image":[{"width":1522,"height":800,"url":"https:\/\/www.iesabadinobhi.com\/wp-content\/uploads\/2022\/07\/carta_padres_imagen.jpg","type":"image\/jpeg"}],"author":"komunika","twitter_card":"summary_large_image","twitter_misc":{"Escrito por":"komunika","Tiempo de lectura":"1 minuto"},"schema":{"@context":"https:\/\/schema.org","@graph":[{"@type":"Article","@id":"https:\/\/www.iesabadinobhi.com\/es\/carta-para-los-padres\/#article","isPartOf":{"@id":"https:\/\/www.iesabadinobhi.com\/es\/carta-para-los-padres\/"},"author":{"name":"komunika","@id":"https:\/\/www.iesabadinobhi.com\/#\/schema\/person\/a71a6965234a00ffd67b3fc3c9858cd3"},"headline":"Carta para los padres","datePublished":"2022-07-18T11:59:35+00:00","dateModified":"2022-07-18T12:02:36+00:00","mainEntityOfPage":{"@id":"https:\/\/www.iesabadinobhi.com\/es\/carta-para-los-padres\/"},"wordCount":235,"publisher":{"@id":"https:\/\/www.iesabadinobhi.com\/#organization"},"image":{"@id":"https:\/\/www.iesabadinobhi.com\/es\/carta-para-los-padres\/#primaryimage"},"thumbnailUrl":"https:\/\/www.iesabadinobhi.com\/wp-content\/uploads\/2022\/07\/carta_padres_imagen.jpg","articleSection":["Noticias"],"inLanguage":"es"},{"@type":"WebPage","@id":"https:\/\/www.iesabadinobhi.com\/es\/carta-para-los-padres\/","url":"https:\/\/www.iesabadinobhi.com\/es\/carta-para-los-padres\/","name":"Carta para los padres - Abadi\u00f1oko Institutua - Instituto de Abadi\u00f1o","isPartOf":{"@id":"https:\/\/www.iesabadinobhi.com\/#website"},"primaryImageOfPage":{"@id":"https:\/\/www.iesabadinobhi.com\/es\/carta-para-los-padres\/#primaryimage"},"image":{"@id":"https:\/\/www.iesabadinobhi.com\/es\/carta-para-los-padres\/#primaryimage"},"thumbnailUrl":"https:\/\/www.iesabadinobhi.com\/wp-content\/uploads\/2022\/07\/carta_padres_imagen.jpg","datePublished":"2022-07-18T11:59:35+00:00","dateModified":"2022-07-18T12:02:36+00:00","breadcrumb":{"@id":"https:\/\/www.iesabadinobhi.com\/es\/carta-para-los-padres\/#breadcrumb"},"inLanguage":"es","potentialAction":[{"@type":"ReadAction","target":["https:\/\/www.iesabadinobhi.com\/es\/carta-para-los-padres\/"]}]},{"@type":"ImageObject","inLanguage":"es","@id":"https:\/\/www.iesabadinobhi.com\/es\/carta-para-los-padres\/#primaryimage","url":"https:\/\/www.iesabadinobhi.com\/wp-content\/uploads\/2022\/07\/carta_padres_imagen.jpg","contentUrl":"https:\/\/www.iesabadinobhi.com\/wp-content\/uploads\/2022\/07\/carta_padres_imagen.jpg","width":1522,"height":800},{"@type":"BreadcrumbList","@id":"https:\/\/www.iesabadinobhi.com\/es\/carta-para-los-padres\/#breadcrumb","itemListElement":[{"@type":"ListItem","position":1,"name":"Portada","item":"https:\/\/www.iesabadinobhi.com\/es\/"},{"@type":"ListItem","position":2,"name":"Carta para los padres"}]},{"@type":"WebSite","@id":"https:\/\/www.iesabadinobhi.com\/#website","url":"https:\/\/www.iesabadinobhi.com\/","name":"Abadi\u00f1oko Institutua - Instituto de Abadi\u00f1o","description":"Centro p\u00fablico de modelo D para alumnos\/as de 12 a 16 a\u00f1os.","publisher":{"@id":"https:\/\/www.iesabadinobhi.com\/#organization"},"potentialAction":[{"@type":"SearchAction","target":{"@type":"EntryPoint","urlTemplate":"https:\/\/www.iesabadinobhi.com\/?s={search_term_string}"},"query-input":{"@type":"PropertyValueSpecification","valueRequired":true,"valueName":"search_term_string"}}],"inLanguage":"es"},{"@type":"Organization","@id":"https:\/\/www.iesabadinobhi.com\/#organization","name":"Abadi\u00f1oko Institutua - Instituto de Abadi\u00f1o","url":"https:\/\/www.iesabadinobhi.com\/","logo":{"@type":"ImageObject","inLanguage":"es","@id":"https:\/\/www.iesabadinobhi.com\/#\/schema\/logo\/image\/","url":"https:\/\/www.iesabadinobhi.com\/wp-content\/uploads\/2022\/01\/logo_abadino_web_25-1.jpg","contentUrl":"https:\/\/www.iesabadinobhi.com\/wp-content\/uploads\/2022\/01\/logo_abadino_web_25-1.jpg","width":246,"height":234,"caption":"Abadi\u00f1oko Institutua - Instituto de Abadi\u00f1o"},"image":{"@id":"https:\/\/www.iesabadinobhi.com\/#\/schema\/logo\/image\/"},"sameAs":["https:\/\/www.youtube.com\/channel\/UChFI9DF_PiIsiqzblGEpD6Q"]},{"@type":"Person","@id":"https:\/\/www.iesabadinobhi.com\/#\/schema\/person\/a71a6965234a00ffd67b3fc3c9858cd3","name":"komunika","image":{"@type":"ImageObject","inLanguage":"es","@id":"https:\/\/secure.gravatar.com\/avatar\/a22f2ac29ef785448617c06f66acb86e91041eb5ff01e3e6145cdc0af3989762?s=96&d=mm&r=g","url":"https:\/\/secure.gravatar.com\/avatar\/a22f2ac29ef785448617c06f66acb86e91041eb5ff01e3e6145cdc0af3989762?s=96&d=mm&r=g","contentUrl":"https:\/\/secure.gravatar.com\/avatar\/a22f2ac29ef785448617c06f66acb86e91041eb5ff01e3e6145cdc0af3989762?s=96&d=mm&r=g","caption":"komunika"},"sameAs":["http:\/\/www.iesabadinobhi.com"],"url":"https:\/\/www.iesabadinobhi.com\/es\/author\/komunika\/"}]}},"_links":{"self":[{"href":"https:\/\/www.iesabadinobhi.com\/es\/wp-json\/wp\/v2\/posts\/10736","targetHints":{"allow":["GET"]}}],"collection":[{"href":"https:\/\/www.iesabadinobhi.com\/es\/wp-json\/wp\/v2\/posts"}],"about":[{"href":"https:\/\/www.iesabadinobhi.com\/es\/wp-json\/wp\/v2\/types\/post"}],"author":[{"embeddable":true,"href":"https:\/\/www.iesabadinobhi.com\/es\/wp-json\/wp\/v2\/users\/1"}],"replies":[{"embeddable":true,"href":"https:\/\/www.iesabadinobhi.com\/es\/wp-json\/wp\/v2\/comments?post=10736"}],"version-history":[{"count":8,"href":"https:\/\/www.iesabadinobhi.com\/es\/wp-json\/wp\/v2\/posts\/10736\/revisions"}],"predecessor-version":[{"id":10750,"href":"https:\/\/www.iesabadinobhi.com\/es\/wp-json\/wp\/v2\/posts\/10736\/revisions\/10750"}],"wp:featuredmedia":[{"embeddable":true,"href":"https:\/\/www.iesabadinobhi.com\/es\/wp-json\/wp\/v2\/media\/10738"}],"wp:attachment":[{"href":"https:\/\/www.iesabadinobhi.com\/es\/wp-json\/wp\/v2\/media?parent=10736"}],"wp:term":[{"taxonomy":"category","embeddable":true,"href":"https:\/\/www.iesabadinobhi.com\/es\/wp-json\/wp\/v2\/categories?post=10736"},{"taxonomy":"post_tag","embeddable":true,"href":"https:\/\/www.iesabadinobhi.com\/es\/wp-json\/wp\/v2\/tags?post=10736"}],"curies":[{"name":"wp","href":"https:\/\/api.w.org\/{rel}","templated":true}]}}