  {"id":10416,"date":"2022-06-10T09:41:50","date_gmt":"2022-06-10T07:41:50","guid":{"rendered":"https:\/\/www.iesabadinobhi.com\/?p=10416"},"modified":"2022-06-10T09:49:38","modified_gmt":"2022-06-10T07:49:38","slug":"el-proximo-14-de-junio-se-presentara-el-programa-de-educacion-vial-dont-be-dummy","status":"publish","type":"post","link":"https:\/\/www.iesabadinobhi.com\/es\/el-proximo-14-de-junio-se-presentara-el-programa-de-educacion-vial-dont-be-dummy\/","title":{"rendered":"El 14 de junio se presentar\u00e1 el programa de educaci\u00f3n vial \u201cDon\u2019t be Dummy\u201d ."},"content":{"rendered":"\t\t<div data-elementor-type=\"wp-post\" data-elementor-id=\"10416\" class=\"elementor elementor-10416 elementor-10415\" data-elementor-settings=\"[]\">\n\t\t\t\t\t\t<div class=\"elementor-inner\">\n\t\t\t\t\t\t\t<div class=\"elementor-section-wrap\">\n\t\t\t\t\t\t\t<section class=\"elementor-section elementor-top-section elementor-element elementor-element-79ff05d2 elementor-section-boxed elementor-section-height-default elementor-section-height-default\" data-id=\"79ff05d2\" data-element_type=\"section\">\n\t\t\t\t\t\t<div class=\"elementor-container elementor-column-gap-default\">\n\t\t\t\t\t\t\t<div class=\"elementor-row\">\n\t\t\t\t\t<div class=\"elementor-column elementor-col-100 elementor-top-column elementor-element elementor-element-4e1b8e4f\" data-id=\"4e1b8e4f\" data-element_type=\"column\">\n\t\t\t<div class=\"elementor-column-wrap elementor-element-populated\">\n\t\t\t\t\t\t\t<div class=\"elementor-widget-wrap\">\n\t\t\t\t\t\t<div class=\"elementor-element elementor-element-6069e05 elementor-widget elementor-widget-image\" data-id=\"6069e05\" data-element_type=\"widget\" data-widget_type=\"image.default\">\n\t\t\t\t<div class=\"elementor-widget-container\">\n\t\t\t\t\t<div class=\"elementor-image\">\n\t\t\t\t\t\t\t\t\t\t\t<a href=\"https:\/\/www.iesabadinobhi.com\/wp-content\/uploads\/2022\/06\/dont_be_dummy_imagen.jpg\" data-elementor-open-lightbox=\"yes\" data-elementor-lightbox-title=\"dont_be_dummy_imagen\">\n\t\t\t\t\t\t\t<img loading=\"lazy\" decoding=\"async\" width=\"1024\" height=\"577\" src=\"https:\/\/www.iesabadinobhi.com\/wp-content\/uploads\/2022\/06\/dont_be_dummy_imagen-1024x577.jpg\" class=\"attachment-large size-large\" alt=\"\" srcset=\"https:\/\/www.iesabadinobhi.com\/wp-content\/uploads\/2022\/06\/dont_be_dummy_imagen-1024x577.jpg 1024w, https:\/\/www.iesabadinobhi.com\/wp-content\/uploads\/2022\/06\/dont_be_dummy_imagen-500x282.jpg 500w, https:\/\/www.iesabadinobhi.com\/wp-content\/uploads\/2022\/06\/dont_be_dummy_imagen-768x433.jpg 768w, https:\/\/www.iesabadinobhi.com\/wp-content\/uploads\/2022\/06\/dont_be_dummy_imagen-1536x866.jpg 1536w, https:\/\/www.iesabadinobhi.com\/wp-content\/uploads\/2022\/06\/dont_be_dummy_imagen-2048x1155.jpg 2048w, https:\/\/www.iesabadinobhi.com\/wp-content\/uploads\/2022\/06\/dont_be_dummy_imagen-150x85.jpg 150w\" sizes=\"auto, (max-width: 1024px) 100vw, 1024px\" \/>\t\t\t\t\t\t\t\t<\/a>\n\t\t\t\t\t\t\t\t\t\t\t<\/div>\n\t\t\t\t<\/div>\n\t\t\t\t<\/div>\n\t\t\t\t<div class=\"elementor-element elementor-element-153dc1c5 elementor-widget elementor-widget-text-editor\" data-id=\"153dc1c5\" data-element_type=\"widget\" data-widget_type=\"text-editor.default\">\n\t\t\t\t<div class=\"elementor-widget-container\">\n\t\t\t\t\t<div class=\"elementor-text-editor elementor-clearfix\"><p>Dakizuen bezala, datorren asteartean, ekainak 14, <a href=\"https:\/\/www.youtube.com\/watch?v=RR-xhEPcrxY&amp;feature=youtu.be\" target=\"_blank\" rel=\"noopener\">\u201cDon\u2019t be Dummy\u201d<\/a> bide-hezkuntza programa zuen zentroko gazteen aurrean aurkeztera, eguerdiko 12:00etan, Abadi\u00f1oko Errota kultur etxean.<\/p><p>Zuekin kontaktuan jartzen gara ekitaldi honen gogorapena egiteko; era berean, zuen webgune, sare sozial eta bestelakoetan albistea zabal dezazuen eska nahi dizuegu.<\/p><p>Eusko Jaurlaritzako Segurtasun Sailaren \u201cDon\u2019t be Dummy | Zuk ez duzu ordezkorik\u201d izeneko ekitaldi ibiltariek trafiko-istripuak prebenitzeko helburua daukate eta Euskadiko ikastetxe ez unibertsitarioetako gazteei zuzenduta daude. Jaurlaritzako kanpaina honetan, 15 eta 20 urte bitarteko gazteek hartzen dute parte.<\/p><p>Bestalde, ekitaldian zehar bi lagunek testigantza pertsonalak kontatuko dituzte: Lander San Anton (suhiltzailea) eta Alaitz Arbilla (bizkarrezur-muineko lesioa duen neska). Lehenengo pertsonan kontatutako testigantza horien bitartez gazteen barnea mugitzea lortzen da; bizipen horiek oso hunkigarriak izaten dira eta gazteengan inpaktu handia edukitzen dute.<\/p><p>Orain arte, Araba, Bizkaia de Gipuzkoako 60 udalerritan egon da programa eta dagoeneko 153 saio burutu dira, horietan 161ikastetxe ezberdinek hartu dutelarik parte. Orotara, 30.000 ikusletik gora eduki ditu \u201cDon\u2019t be Dummy\u201d programak eta 90 lekuko ausartu dira beraien esperientzia pertsonala kontatzera. Informazio gehiago nahi izanez gero, <a href=\"http:\/\/trafikoa.dontbedummy.eus\/index.php\">sartu \u201cDon\u2019t be Dummy\u201d web orrian<\/a>. Jarraian, \u201cDon\u2019t be Dummy\u201d ekitaldien laburpen bideo bat uzten dizuegu:<\/p><p><div class=\"epyt-video-wrapper\"><iframe loading=\"lazy\"  id=\"_ytid_83317\"  width=\"1200\" height=\"675\"  data-origwidth=\"1200\" data-origheight=\"675\"  data-relstop=\"1\" src=\"https:\/\/www.youtube.com\/embed\/Mhk_BCM4Mk0?enablejsapi=1&#038;autoplay=0&#038;cc_load_policy=0&#038;cc_lang_pref=&#038;iv_load_policy=1&#038;loop=0&#038;rel=0&#038;fs=1&#038;playsinline=0&#038;autohide=2&#038;theme=dark&#038;color=red&#038;controls=1&#038;disablekb=0&#038;\" class=\"__youtube_prefs__  __youtube_prefs_widget__  no-lazyload\" title=\"YouTube player\"  allow=\"fullscreen; accelerometer; autoplay; clipboard-write; encrypted-media; gyroscope; picture-in-picture; web-share\" referrerpolicy=\"strict-origin-when-cross-origin\" allowfullscreen data-no-lazy=\"1\" data-skipgform_ajax_framebjll=\"\"><\/iframe><\/div><\/p><p>\u00a0<\/p><p><a href=\"https:\/\/www.iesabadinobhi.com\/wp-content\/uploads\/2022\/06\/dossier_dont_be_dummy_2022_eu.pdf\" target=\"_blank\" rel=\"noopener\"><strong>\u201cDon\u2019t be Dummy\u201d dossier-a deskargatu<\/strong><\/a><\/p><\/div>\n\t\t\t\t<\/div>\n\t\t\t\t<\/div>\n\t\t\t\t\t\t<\/div>\n\t\t\t\t\t<\/div>\n\t\t<\/div>\n\t\t\t\t\t\t\t\t<\/div>\n\t\t\t\t\t<\/div>\n\t\t<\/section>\n\t\t\t\t\t\t<\/div>\n\t\t\t\t\t\t<\/div>\n\t\t\t\t\t<\/div>\n\t\t","protected":false},"excerpt":{"rendered":"<p>Dakizuen bezala, datorren asteartean, ekainak 14, \u201cDon\u2019t be Dummy\u201d bide-hezkuntza programa zuen zentroko gazteen aurrean aurkeztera, eguerdiko 12:00etan, Abadi\u00f1oko Errota kultur etxean. Zuekin kontaktuan jartzen gara ekitaldi honen gogorapena egiteko; era berean, zuen webgune, sare sozial eta bestelakoetan albistea zabal dezazuen eska nahi dizuegu. Eusko Jaurlaritzako Segurtasun Sailaren \u201cDon\u2019t be&nbsp;<a href=\"https:\/\/www.iesabadinobhi.com\/es\/el-proximo-14-de-junio-se-presentara-el-programa-de-educacion-vial-dont-be-dummy\/\">&hellip;<\/a><\/p>\n","protected":false},"author":1,"featured_media":10412,"comment_status":"closed","ping_status":"closed","sticky":false,"template":"","format":"standard","meta":{"_acf_changed":false,"footnotes":""},"categories":[38],"tags":[],"class_list":["post-10416","post","type-post","status-publish","format-standard","has-post-thumbnail","hentry","category-noticias","odd"],"acf":[],"yoast_head":"<!-- This site is optimized with the Yoast SEO plugin v27.4 - https:\/\/yoast.com\/product\/yoast-seo-wordpress\/ -->\n<title>El 14 de junio se presentar\u00e1 el programa de educaci\u00f3n vial \u201cDon\u2019t be Dummy\u201d . - Abadi\u00f1oko Institutua - Instituto de Abadi\u00f1o<\/title>\n<meta name=\"robots\" content=\"index, follow, max-snippet:-1, max-image-preview:large, max-video-preview:-1\" \/>\n<link rel=\"canonical\" href=\"https:\/\/www.iesabadinobhi.com\/es\/el-proximo-14-de-junio-se-presentara-el-programa-de-educacion-vial-dont-be-dummy\/\" \/>\n<meta property=\"og:locale\" content=\"es_ES\" \/>\n<meta property=\"og:type\" content=\"article\" \/>\n<meta property=\"og:title\" content=\"El 14 de junio se presentar\u00e1 el programa de educaci\u00f3n vial \u201cDon\u2019t be Dummy\u201d . - Abadi\u00f1oko Institutua - Instituto de Abadi\u00f1o\" \/>\n<meta property=\"og:description\" content=\"Dakizuen bezala, datorren asteartean, ekainak 14, \u201cDon\u2019t be Dummy\u201d bide-hezkuntza programa zuen zentroko gazteen aurrean aurkeztera, eguerdiko 12:00etan, Abadi\u00f1oko Errota kultur etxean. Zuekin kontaktuan jartzen gara ekitaldi honen gogorapena egiteko; era berean, zuen webgune, sare sozial eta bestelakoetan albistea zabal dezazuen eska nahi dizuegu. Eusko Jaurlaritzako Segurtasun Sailaren \u201cDon\u2019t be&nbsp;&hellip;\" \/>\n<meta property=\"og:url\" content=\"https:\/\/www.iesabadinobhi.com\/es\/el-proximo-14-de-junio-se-presentara-el-programa-de-educacion-vial-dont-be-dummy\/\" \/>\n<meta property=\"og:site_name\" content=\"Abadi\u00f1oko Institutua - Instituto de Abadi\u00f1o\" \/>\n<meta property=\"article:published_time\" content=\"2022-06-10T07:41:50+00:00\" \/>\n<meta property=\"article:modified_time\" content=\"2022-06-10T07:49:38+00:00\" \/>\n<meta property=\"og:image\" content=\"https:\/\/www.iesabadinobhi.com\/wp-content\/uploads\/2022\/06\/dont_be_dummy_imagen.jpg\" \/>\n\t<meta property=\"og:image:width\" content=\"2284\" \/>\n\t<meta property=\"og:image:height\" content=\"1288\" \/>\n\t<meta property=\"og:image:type\" content=\"image\/jpeg\" \/>\n<meta name=\"author\" content=\"komunika\" \/>\n<meta name=\"twitter:card\" content=\"summary_large_image\" \/>\n<meta name=\"twitter:label1\" content=\"Escrito por\" \/>\n\t<meta name=\"twitter:data1\" content=\"komunika\" \/>\n\t<meta name=\"twitter:label2\" content=\"Tiempo de lectura\" \/>\n\t<meta name=\"twitter:data2\" content=\"1 minuto\" \/>\n<script type=\"application\/ld+json\" class=\"yoast-schema-graph\">{\"@context\":\"https:\\\/\\\/schema.org\",\"@graph\":[{\"@type\":\"Article\",\"@id\":\"https:\\\/\\\/www.iesabadinobhi.com\\\/es\\\/el-proximo-14-de-junio-se-presentara-el-programa-de-educacion-vial-dont-be-dummy\\\/#article\",\"isPartOf\":{\"@id\":\"https:\\\/\\\/www.iesabadinobhi.com\\\/es\\\/el-proximo-14-de-junio-se-presentara-el-programa-de-educacion-vial-dont-be-dummy\\\/\"},\"author\":{\"name\":\"komunika\",\"@id\":\"https:\\\/\\\/www.iesabadinobhi.com\\\/#\\\/schema\\\/person\\\/a71a6965234a00ffd67b3fc3c9858cd3\"},\"headline\":\"El 14 de junio se presentar\u00e1 el programa de educaci\u00f3n vial \u201cDon\u2019t be Dummy\u201d .\",\"datePublished\":\"2022-06-10T07:41:50+00:00\",\"dateModified\":\"2022-06-10T07:49:38+00:00\",\"mainEntityOfPage\":{\"@id\":\"https:\\\/\\\/www.iesabadinobhi.com\\\/es\\\/el-proximo-14-de-junio-se-presentara-el-programa-de-educacion-vial-dont-be-dummy\\\/\"},\"wordCount\":219,\"publisher\":{\"@id\":\"https:\\\/\\\/www.iesabadinobhi.com\\\/#organization\"},\"image\":{\"@id\":\"https:\\\/\\\/www.iesabadinobhi.com\\\/es\\\/el-proximo-14-de-junio-se-presentara-el-programa-de-educacion-vial-dont-be-dummy\\\/#primaryimage\"},\"thumbnailUrl\":\"https:\\\/\\\/www.iesabadinobhi.com\\\/wp-content\\\/uploads\\\/2022\\\/06\\\/dont_be_dummy_imagen.jpg\",\"articleSection\":[\"Noticias\"],\"inLanguage\":\"es\"},{\"@type\":\"WebPage\",\"@id\":\"https:\\\/\\\/www.iesabadinobhi.com\\\/es\\\/el-proximo-14-de-junio-se-presentara-el-programa-de-educacion-vial-dont-be-dummy\\\/\",\"url\":\"https:\\\/\\\/www.iesabadinobhi.com\\\/es\\\/el-proximo-14-de-junio-se-presentara-el-programa-de-educacion-vial-dont-be-dummy\\\/\",\"name\":\"El 14 de junio se presentar\u00e1 el programa de educaci\u00f3n vial \u201cDon\u2019t be Dummy\u201d . - Abadi\u00f1oko Institutua - Instituto de Abadi\u00f1o\",\"isPartOf\":{\"@id\":\"https:\\\/\\\/www.iesabadinobhi.com\\\/#website\"},\"primaryImageOfPage\":{\"@id\":\"https:\\\/\\\/www.iesabadinobhi.com\\\/es\\\/el-proximo-14-de-junio-se-presentara-el-programa-de-educacion-vial-dont-be-dummy\\\/#primaryimage\"},\"image\":{\"@id\":\"https:\\\/\\\/www.iesabadinobhi.com\\\/es\\\/el-proximo-14-de-junio-se-presentara-el-programa-de-educacion-vial-dont-be-dummy\\\/#primaryimage\"},\"thumbnailUrl\":\"https:\\\/\\\/www.iesabadinobhi.com\\\/wp-content\\\/uploads\\\/2022\\\/06\\\/dont_be_dummy_imagen.jpg\",\"datePublished\":\"2022-06-10T07:41:50+00:00\",\"dateModified\":\"2022-06-10T07:49:38+00:00\",\"breadcrumb\":{\"@id\":\"https:\\\/\\\/www.iesabadinobhi.com\\\/es\\\/el-proximo-14-de-junio-se-presentara-el-programa-de-educacion-vial-dont-be-dummy\\\/#breadcrumb\"},\"inLanguage\":\"es\",\"potentialAction\":[{\"@type\":\"ReadAction\",\"target\":[\"https:\\\/\\\/www.iesabadinobhi.com\\\/es\\\/el-proximo-14-de-junio-se-presentara-el-programa-de-educacion-vial-dont-be-dummy\\\/\"]}]},{\"@type\":\"ImageObject\",\"inLanguage\":\"es\",\"@id\":\"https:\\\/\\\/www.iesabadinobhi.com\\\/es\\\/el-proximo-14-de-junio-se-presentara-el-programa-de-educacion-vial-dont-be-dummy\\\/#primaryimage\",\"url\":\"https:\\\/\\\/www.iesabadinobhi.com\\\/wp-content\\\/uploads\\\/2022\\\/06\\\/dont_be_dummy_imagen.jpg\",\"contentUrl\":\"https:\\\/\\\/www.iesabadinobhi.com\\\/wp-content\\\/uploads\\\/2022\\\/06\\\/dont_be_dummy_imagen.jpg\",\"width\":2284,\"height\":1288},{\"@type\":\"BreadcrumbList\",\"@id\":\"https:\\\/\\\/www.iesabadinobhi.com\\\/es\\\/el-proximo-14-de-junio-se-presentara-el-programa-de-educacion-vial-dont-be-dummy\\\/#breadcrumb\",\"itemListElement\":[{\"@type\":\"ListItem\",\"position\":1,\"name\":\"Portada\",\"item\":\"https:\\\/\\\/www.iesabadinobhi.com\\\/es\\\/\"},{\"@type\":\"ListItem\",\"position\":2,\"name\":\"El 14 de junio se presentar\u00e1 el programa de educaci\u00f3n vial \u201cDon\u2019t be Dummy\u201d .\"}]},{\"@type\":\"WebSite\",\"@id\":\"https:\\\/\\\/www.iesabadinobhi.com\\\/#website\",\"url\":\"https:\\\/\\\/www.iesabadinobhi.com\\\/\",\"name\":\"Abadi\u00f1oko Institutua - Instituto de Abadi\u00f1o\",\"description\":\"Centro p\u00fablico de modelo D para alumnos\\\/as de 12 a 16 a\u00f1os.\",\"publisher\":{\"@id\":\"https:\\\/\\\/www.iesabadinobhi.com\\\/#organization\"},\"potentialAction\":[{\"@type\":\"SearchAction\",\"target\":{\"@type\":\"EntryPoint\",\"urlTemplate\":\"https:\\\/\\\/www.iesabadinobhi.com\\\/?s={search_term_string}\"},\"query-input\":{\"@type\":\"PropertyValueSpecification\",\"valueRequired\":true,\"valueName\":\"search_term_string\"}}],\"inLanguage\":\"es\"},{\"@type\":\"Organization\",\"@id\":\"https:\\\/\\\/www.iesabadinobhi.com\\\/#organization\",\"name\":\"Abadi\u00f1oko Institutua - Instituto de Abadi\u00f1o\",\"url\":\"https:\\\/\\\/www.iesabadinobhi.com\\\/\",\"logo\":{\"@type\":\"ImageObject\",\"inLanguage\":\"es\",\"@id\":\"https:\\\/\\\/www.iesabadinobhi.com\\\/#\\\/schema\\\/logo\\\/image\\\/\",\"url\":\"https:\\\/\\\/www.iesabadinobhi.com\\\/wp-content\\\/uploads\\\/2022\\\/01\\\/logo_abadino_web_25-1.jpg\",\"contentUrl\":\"https:\\\/\\\/www.iesabadinobhi.com\\\/wp-content\\\/uploads\\\/2022\\\/01\\\/logo_abadino_web_25-1.jpg\",\"width\":246,\"height\":234,\"caption\":\"Abadi\u00f1oko Institutua - Instituto de Abadi\u00f1o\"},\"image\":{\"@id\":\"https:\\\/\\\/www.iesabadinobhi.com\\\/#\\\/schema\\\/logo\\\/image\\\/\"},\"sameAs\":[\"https:\\\/\\\/www.youtube.com\\\/channel\\\/UChFI9DF_PiIsiqzblGEpD6Q\"]},{\"@type\":\"Person\",\"@id\":\"https:\\\/\\\/www.iesabadinobhi.com\\\/#\\\/schema\\\/person\\\/a71a6965234a00ffd67b3fc3c9858cd3\",\"name\":\"komunika\",\"image\":{\"@type\":\"ImageObject\",\"inLanguage\":\"es\",\"@id\":\"https:\\\/\\\/secure.gravatar.com\\\/avatar\\\/a22f2ac29ef785448617c06f66acb86e91041eb5ff01e3e6145cdc0af3989762?s=96&d=mm&r=g\",\"url\":\"https:\\\/\\\/secure.gravatar.com\\\/avatar\\\/a22f2ac29ef785448617c06f66acb86e91041eb5ff01e3e6145cdc0af3989762?s=96&d=mm&r=g\",\"contentUrl\":\"https:\\\/\\\/secure.gravatar.com\\\/avatar\\\/a22f2ac29ef785448617c06f66acb86e91041eb5ff01e3e6145cdc0af3989762?s=96&d=mm&r=g\",\"caption\":\"komunika\"},\"sameAs\":[\"http:\\\/\\\/www.iesabadinobhi.com\"],\"url\":\"https:\\\/\\\/www.iesabadinobhi.com\\\/es\\\/author\\\/komunika\\\/\"}]}<\/script>\n<!-- \/ Yoast SEO plugin. -->","yoast_head_json":{"title":"El 14 de junio se presentar\u00e1 el programa de educaci\u00f3n vial \u201cDon\u2019t be Dummy\u201d . - Abadi\u00f1oko Institutua - Instituto de Abadi\u00f1o","robots":{"index":"index","follow":"follow","max-snippet":"max-snippet:-1","max-image-preview":"max-image-preview:large","max-video-preview":"max-video-preview:-1"},"canonical":"https:\/\/www.iesabadinobhi.com\/es\/el-proximo-14-de-junio-se-presentara-el-programa-de-educacion-vial-dont-be-dummy\/","og_locale":"es_ES","og_type":"article","og_title":"El 14 de junio se presentar\u00e1 el programa de educaci\u00f3n vial \u201cDon\u2019t be Dummy\u201d . - Abadi\u00f1oko Institutua - Instituto de Abadi\u00f1o","og_description":"Dakizuen bezala, datorren asteartean, ekainak 14, \u201cDon\u2019t be Dummy\u201d bide-hezkuntza programa zuen zentroko gazteen aurrean aurkeztera, eguerdiko 12:00etan, Abadi\u00f1oko Errota kultur etxean. Zuekin kontaktuan jartzen gara ekitaldi honen gogorapena egiteko; era berean, zuen webgune, sare sozial eta bestelakoetan albistea zabal dezazuen eska nahi dizuegu. Eusko Jaurlaritzako Segurtasun Sailaren \u201cDon\u2019t be&nbsp;&hellip;","og_url":"https:\/\/www.iesabadinobhi.com\/es\/el-proximo-14-de-junio-se-presentara-el-programa-de-educacion-vial-dont-be-dummy\/","og_site_name":"Abadi\u00f1oko Institutua - Instituto de Abadi\u00f1o","article_published_time":"2022-06-10T07:41:50+00:00","article_modified_time":"2022-06-10T07:49:38+00:00","og_image":[{"width":2284,"height":1288,"url":"https:\/\/www.iesabadinobhi.com\/wp-content\/uploads\/2022\/06\/dont_be_dummy_imagen.jpg","type":"image\/jpeg"}],"author":"komunika","twitter_card":"summary_large_image","twitter_misc":{"Escrito por":"komunika","Tiempo de lectura":"1 minuto"},"schema":{"@context":"https:\/\/schema.org","@graph":[{"@type":"Article","@id":"https:\/\/www.iesabadinobhi.com\/es\/el-proximo-14-de-junio-se-presentara-el-programa-de-educacion-vial-dont-be-dummy\/#article","isPartOf":{"@id":"https:\/\/www.iesabadinobhi.com\/es\/el-proximo-14-de-junio-se-presentara-el-programa-de-educacion-vial-dont-be-dummy\/"},"author":{"name":"komunika","@id":"https:\/\/www.iesabadinobhi.com\/#\/schema\/person\/a71a6965234a00ffd67b3fc3c9858cd3"},"headline":"El 14 de junio se presentar\u00e1 el programa de educaci\u00f3n vial \u201cDon\u2019t be Dummy\u201d .","datePublished":"2022-06-10T07:41:50+00:00","dateModified":"2022-06-10T07:49:38+00:00","mainEntityOfPage":{"@id":"https:\/\/www.iesabadinobhi.com\/es\/el-proximo-14-de-junio-se-presentara-el-programa-de-educacion-vial-dont-be-dummy\/"},"wordCount":219,"publisher":{"@id":"https:\/\/www.iesabadinobhi.com\/#organization"},"image":{"@id":"https:\/\/www.iesabadinobhi.com\/es\/el-proximo-14-de-junio-se-presentara-el-programa-de-educacion-vial-dont-be-dummy\/#primaryimage"},"thumbnailUrl":"https:\/\/www.iesabadinobhi.com\/wp-content\/uploads\/2022\/06\/dont_be_dummy_imagen.jpg","articleSection":["Noticias"],"inLanguage":"es"},{"@type":"WebPage","@id":"https:\/\/www.iesabadinobhi.com\/es\/el-proximo-14-de-junio-se-presentara-el-programa-de-educacion-vial-dont-be-dummy\/","url":"https:\/\/www.iesabadinobhi.com\/es\/el-proximo-14-de-junio-se-presentara-el-programa-de-educacion-vial-dont-be-dummy\/","name":"El 14 de junio se presentar\u00e1 el programa de educaci\u00f3n vial \u201cDon\u2019t be Dummy\u201d . - Abadi\u00f1oko Institutua - Instituto de Abadi\u00f1o","isPartOf":{"@id":"https:\/\/www.iesabadinobhi.com\/#website"},"primaryImageOfPage":{"@id":"https:\/\/www.iesabadinobhi.com\/es\/el-proximo-14-de-junio-se-presentara-el-programa-de-educacion-vial-dont-be-dummy\/#primaryimage"},"image":{"@id":"https:\/\/www.iesabadinobhi.com\/es\/el-proximo-14-de-junio-se-presentara-el-programa-de-educacion-vial-dont-be-dummy\/#primaryimage"},"thumbnailUrl":"https:\/\/www.iesabadinobhi.com\/wp-content\/uploads\/2022\/06\/dont_be_dummy_imagen.jpg","datePublished":"2022-06-10T07:41:50+00:00","dateModified":"2022-06-10T07:49:38+00:00","breadcrumb":{"@id":"https:\/\/www.iesabadinobhi.com\/es\/el-proximo-14-de-junio-se-presentara-el-programa-de-educacion-vial-dont-be-dummy\/#breadcrumb"},"inLanguage":"es","potentialAction":[{"@type":"ReadAction","target":["https:\/\/www.iesabadinobhi.com\/es\/el-proximo-14-de-junio-se-presentara-el-programa-de-educacion-vial-dont-be-dummy\/"]}]},{"@type":"ImageObject","inLanguage":"es","@id":"https:\/\/www.iesabadinobhi.com\/es\/el-proximo-14-de-junio-se-presentara-el-programa-de-educacion-vial-dont-be-dummy\/#primaryimage","url":"https:\/\/www.iesabadinobhi.com\/wp-content\/uploads\/2022\/06\/dont_be_dummy_imagen.jpg","contentUrl":"https:\/\/www.iesabadinobhi.com\/wp-content\/uploads\/2022\/06\/dont_be_dummy_imagen.jpg","width":2284,"height":1288},{"@type":"BreadcrumbList","@id":"https:\/\/www.iesabadinobhi.com\/es\/el-proximo-14-de-junio-se-presentara-el-programa-de-educacion-vial-dont-be-dummy\/#breadcrumb","itemListElement":[{"@type":"ListItem","position":1,"name":"Portada","item":"https:\/\/www.iesabadinobhi.com\/es\/"},{"@type":"ListItem","position":2,"name":"El 14 de junio se presentar\u00e1 el programa de educaci\u00f3n vial \u201cDon\u2019t be Dummy\u201d ."}]},{"@type":"WebSite","@id":"https:\/\/www.iesabadinobhi.com\/#website","url":"https:\/\/www.iesabadinobhi.com\/","name":"Abadi\u00f1oko Institutua - Instituto de Abadi\u00f1o","description":"Centro p\u00fablico de modelo D para alumnos\/as de 12 a 16 a\u00f1os.","publisher":{"@id":"https:\/\/www.iesabadinobhi.com\/#organization"},"potentialAction":[{"@type":"SearchAction","target":{"@type":"EntryPoint","urlTemplate":"https:\/\/www.iesabadinobhi.com\/?s={search_term_string}"},"query-input":{"@type":"PropertyValueSpecification","valueRequired":true,"valueName":"search_term_string"}}],"inLanguage":"es"},{"@type":"Organization","@id":"https:\/\/www.iesabadinobhi.com\/#organization","name":"Abadi\u00f1oko Institutua - Instituto de Abadi\u00f1o","url":"https:\/\/www.iesabadinobhi.com\/","logo":{"@type":"ImageObject","inLanguage":"es","@id":"https:\/\/www.iesabadinobhi.com\/#\/schema\/logo\/image\/","url":"https:\/\/www.iesabadinobhi.com\/wp-content\/uploads\/2022\/01\/logo_abadino_web_25-1.jpg","contentUrl":"https:\/\/www.iesabadinobhi.com\/wp-content\/uploads\/2022\/01\/logo_abadino_web_25-1.jpg","width":246,"height":234,"caption":"Abadi\u00f1oko Institutua - Instituto de Abadi\u00f1o"},"image":{"@id":"https:\/\/www.iesabadinobhi.com\/#\/schema\/logo\/image\/"},"sameAs":["https:\/\/www.youtube.com\/channel\/UChFI9DF_PiIsiqzblGEpD6Q"]},{"@type":"Person","@id":"https:\/\/www.iesabadinobhi.com\/#\/schema\/person\/a71a6965234a00ffd67b3fc3c9858cd3","name":"komunika","image":{"@type":"ImageObject","inLanguage":"es","@id":"https:\/\/secure.gravatar.com\/avatar\/a22f2ac29ef785448617c06f66acb86e91041eb5ff01e3e6145cdc0af3989762?s=96&d=mm&r=g","url":"https:\/\/secure.gravatar.com\/avatar\/a22f2ac29ef785448617c06f66acb86e91041eb5ff01e3e6145cdc0af3989762?s=96&d=mm&r=g","contentUrl":"https:\/\/secure.gravatar.com\/avatar\/a22f2ac29ef785448617c06f66acb86e91041eb5ff01e3e6145cdc0af3989762?s=96&d=mm&r=g","caption":"komunika"},"sameAs":["http:\/\/www.iesabadinobhi.com"],"url":"https:\/\/www.iesabadinobhi.com\/es\/author\/komunika\/"}]}},"_links":{"self":[{"href":"https:\/\/www.iesabadinobhi.com\/es\/wp-json\/wp\/v2\/posts\/10416","targetHints":{"allow":["GET"]}}],"collection":[{"href":"https:\/\/www.iesabadinobhi.com\/es\/wp-json\/wp\/v2\/posts"}],"about":[{"href":"https:\/\/www.iesabadinobhi.com\/es\/wp-json\/wp\/v2\/types\/post"}],"author":[{"embeddable":true,"href":"https:\/\/www.iesabadinobhi.com\/es\/wp-json\/wp\/v2\/users\/1"}],"replies":[{"embeddable":true,"href":"https:\/\/www.iesabadinobhi.com\/es\/wp-json\/wp\/v2\/comments?post=10416"}],"version-history":[{"count":8,"href":"https:\/\/www.iesabadinobhi.com\/es\/wp-json\/wp\/v2\/posts\/10416\/revisions"}],"predecessor-version":[{"id":10437,"href":"https:\/\/www.iesabadinobhi.com\/es\/wp-json\/wp\/v2\/posts\/10416\/revisions\/10437"}],"wp:featuredmedia":[{"embeddable":true,"href":"https:\/\/www.iesabadinobhi.com\/es\/wp-json\/wp\/v2\/media\/10412"}],"wp:attachment":[{"href":"https:\/\/www.iesabadinobhi.com\/es\/wp-json\/wp\/v2\/media?parent=10416"}],"wp:term":[{"taxonomy":"category","embeddable":true,"href":"https:\/\/www.iesabadinobhi.com\/es\/wp-json\/wp\/v2\/categories?post=10416"},{"taxonomy":"post_tag","embeddable":true,"href":"https:\/\/www.iesabadinobhi.com\/es\/wp-json\/wp\/v2\/tags?post=10416"}],"curies":[{"name":"wp","href":"https:\/\/api.w.org\/{rel}","templated":true}]}}