  {"id":10291,"date":"2022-05-05T11:30:51","date_gmt":"2022-05-05T09:30:51","guid":{"rendered":"https:\/\/www.iesabadinobhi.com\/?p=10291"},"modified":"2022-05-05T11:31:58","modified_gmt":"2022-05-05T09:31:58","slug":"analizando-la-movilidad-sostenible-en-matiena-a-pie-y-en-bicicleta","status":"publish","type":"post","link":"https:\/\/www.iesabadinobhi.com\/es\/analizando-la-movilidad-sostenible-en-matiena-a-pie-y-en-bicicleta\/","title":{"rendered":"Analizando la movilidad sostenible en Matiena: a pie y en bicicleta"},"content":{"rendered":"\t\t<div data-elementor-type=\"wp-post\" data-elementor-id=\"10291\" class=\"elementor elementor-10291 elementor-10290\" data-elementor-settings=\"[]\">\n\t\t\t\t\t\t<div class=\"elementor-inner\">\n\t\t\t\t\t\t\t<div class=\"elementor-section-wrap\">\n\t\t\t\t\t\t\t<section class=\"elementor-section elementor-top-section elementor-element elementor-element-79ff05d2 elementor-section-boxed elementor-section-height-default elementor-section-height-default\" data-id=\"79ff05d2\" data-element_type=\"section\">\n\t\t\t\t\t\t<div class=\"elementor-container elementor-column-gap-default\">\n\t\t\t\t\t\t\t<div class=\"elementor-row\">\n\t\t\t\t\t<div class=\"elementor-column elementor-col-100 elementor-top-column elementor-element elementor-element-4e1b8e4f\" data-id=\"4e1b8e4f\" data-element_type=\"column\">\n\t\t\t<div class=\"elementor-column-wrap elementor-element-populated\">\n\t\t\t\t\t\t\t<div class=\"elementor-widget-wrap\">\n\t\t\t\t\t\t<div class=\"elementor-element elementor-element-6069e05 elementor-widget elementor-widget-image\" data-id=\"6069e05\" data-element_type=\"widget\" data-widget_type=\"image.default\">\n\t\t\t\t<div class=\"elementor-widget-container\">\n\t\t\t\t\t<div class=\"elementor-image\">\n\t\t\t\t\t\t\t\t\t\t\t<a href=\"https:\/\/www.iesabadinobhi.com\/wp-content\/uploads\/2022\/05\/matiena_05.jpg\" data-elementor-open-lightbox=\"yes\" data-elementor-lightbox-title=\"Analizando la movilidad sostenible en Matiena: a pie y en bicicleta\">\n\t\t\t\t\t\t\t<img loading=\"lazy\" decoding=\"async\" width=\"1024\" height=\"709\" src=\"https:\/\/www.iesabadinobhi.com\/wp-content\/uploads\/2022\/05\/matiena_05-1024x709.jpg\" class=\"attachment-large size-large\" alt=\"Analizando la movilidad sostenible en Matiena: a pie y en bicicleta\" srcset=\"https:\/\/www.iesabadinobhi.com\/wp-content\/uploads\/2022\/05\/matiena_05-1024x709.jpg 1024w, https:\/\/www.iesabadinobhi.com\/wp-content\/uploads\/2022\/05\/matiena_05-500x346.jpg 500w, https:\/\/www.iesabadinobhi.com\/wp-content\/uploads\/2022\/05\/matiena_05-768x532.jpg 768w, https:\/\/www.iesabadinobhi.com\/wp-content\/uploads\/2022\/05\/matiena_05-1536x1064.jpg 1536w, https:\/\/www.iesabadinobhi.com\/wp-content\/uploads\/2022\/05\/matiena_05-150x104.jpg 150w, https:\/\/www.iesabadinobhi.com\/wp-content\/uploads\/2022\/05\/matiena_05.jpg 1559w\" sizes=\"auto, (max-width: 1024px) 100vw, 1024px\" \/>\t\t\t\t\t\t\t\t<\/a>\n\t\t\t\t\t\t\t\t\t\t\t<\/div>\n\t\t\t\t<\/div>\n\t\t\t\t<\/div>\n\t\t\t\t<div class=\"elementor-element elementor-element-153dc1c5 elementor-widget elementor-widget-text-editor\" data-id=\"153dc1c5\" data-element_type=\"widget\" data-widget_type=\"text-editor.default\">\n\t\t\t\t<div class=\"elementor-widget-container\">\n\t\t\t\t\t<div class=\"elementor-text-editor elementor-clearfix\"><p>El lunes y martes, algunos de los ecol\u00edderes del instituto estudiaron la movilidad sostenible de Matiena con el objetivo de realizar un diagn\u00f3stico municipal, de la mano de la asociaci\u00f3n &#8220;Ortzadar&#8221;.<\/p><p>En mayo, los alumnos llevar\u00e1n al ayuntamiento diversas propuestas para la mejora del pueblo, as\u00ed como los compromisos adquiridos.<\/p><\/div>\n\t\t\t\t<\/div>\n\t\t\t\t<\/div>\n\t\t\t\t<div class=\"elementor-element elementor-element-d1467e9 elementor-pagination-position-outside elementor-widget elementor-widget-image-carousel\" data-id=\"d1467e9\" data-element_type=\"widget\" data-settings=\"{&quot;slides_to_show&quot;:&quot;3&quot;,&quot;navigation&quot;:&quot;dots&quot;,&quot;autoplay&quot;:&quot;no&quot;,&quot;image_spacing_custom&quot;:{&quot;unit&quot;:&quot;px&quot;,&quot;size&quot;:15,&quot;sizes&quot;:[]},&quot;infinite&quot;:&quot;yes&quot;,&quot;speed&quot;:500}\" data-widget_type=\"image-carousel.default\">\n\t\t\t\t<div class=\"elementor-widget-container\">\n\t\t\t\t\t<div class=\"elementor-image-carousel-wrapper swiper-container\" dir=\"ltr\">\n\t\t\t<div class=\"elementor-image-carousel swiper-wrapper\">\n\t\t\t\t<div class=\"swiper-slide\"><a data-elementor-open-lightbox=\"yes\" data-elementor-lightbox-slideshow=\"d1467e9\" data-elementor-lightbox-title=\"Analizando la movilidad sostenible en Matiena: a pie y en bicicleta\" href=\"https:\/\/www.iesabadinobhi.com\/wp-content\/uploads\/2022\/05\/matiena_04.jpg\"><figure class=\"swiper-slide-inner\"><img decoding=\"async\" class=\"swiper-slide-image\" src=\"https:\/\/www.iesabadinobhi.com\/wp-content\/uploads\/2022\/05\/matiena_04-420x420.jpg\" alt=\"Analizando la movilidad sostenible en Matiena: a pie y en bicicleta\" \/><\/figure><\/a><\/div><div class=\"swiper-slide\"><a data-elementor-open-lightbox=\"yes\" data-elementor-lightbox-slideshow=\"d1467e9\" data-elementor-lightbox-title=\"Analizando la movilidad sostenible en Matiena: a pie y en bicicleta\" href=\"https:\/\/www.iesabadinobhi.com\/wp-content\/uploads\/2022\/05\/matiena_03.jpg\"><figure class=\"swiper-slide-inner\"><img decoding=\"async\" class=\"swiper-slide-image\" src=\"https:\/\/www.iesabadinobhi.com\/wp-content\/uploads\/2022\/05\/matiena_03-420x420.jpg\" alt=\"Analizando la movilidad sostenible en Matiena: a pie y en bicicleta\" \/><\/figure><\/a><\/div><div class=\"swiper-slide\"><a data-elementor-open-lightbox=\"yes\" data-elementor-lightbox-slideshow=\"d1467e9\" data-elementor-lightbox-title=\"Analizando la movilidad sostenible en Matiena: a pie y en bicicleta\" href=\"https:\/\/www.iesabadinobhi.com\/wp-content\/uploads\/2022\/05\/matiena_02.jpg\"><figure class=\"swiper-slide-inner\"><img decoding=\"async\" class=\"swiper-slide-image\" src=\"https:\/\/www.iesabadinobhi.com\/wp-content\/uploads\/2022\/05\/matiena_02-420x420.jpg\" alt=\"Analizando la movilidad sostenible en Matiena: a pie y en bicicleta\" \/><\/figure><\/a><\/div><div class=\"swiper-slide\"><a data-elementor-open-lightbox=\"yes\" data-elementor-lightbox-slideshow=\"d1467e9\" data-elementor-lightbox-title=\"Analizando la movilidad sostenible en Matiena: a pie y en bicicleta\" href=\"https:\/\/www.iesabadinobhi.com\/wp-content\/uploads\/2022\/05\/matiena_01.jpg\"><figure class=\"swiper-slide-inner\"><img decoding=\"async\" class=\"swiper-slide-image\" src=\"https:\/\/www.iesabadinobhi.com\/wp-content\/uploads\/2022\/05\/matiena_01-420x420.jpg\" alt=\"Analizando la movilidad sostenible en Matiena: a pie y en bicicleta\" \/><\/figure><\/a><\/div><div class=\"swiper-slide\"><a data-elementor-open-lightbox=\"yes\" data-elementor-lightbox-slideshow=\"d1467e9\" data-elementor-lightbox-title=\"Analizando la movilidad sostenible en Matiena: a pie y en bicicleta\" href=\"https:\/\/www.iesabadinobhi.com\/wp-content\/uploads\/2022\/05\/matiena_05.jpg\"><figure class=\"swiper-slide-inner\"><img decoding=\"async\" class=\"swiper-slide-image\" src=\"https:\/\/www.iesabadinobhi.com\/wp-content\/uploads\/2022\/05\/matiena_05-420x420.jpg\" alt=\"Analizando la movilidad sostenible en Matiena: a pie y en bicicleta\" \/><\/figure><\/a><\/div>\t\t\t<\/div>\n\t\t\t\t\t\t\t\t\t\t\t\t<div class=\"swiper-pagination\"><\/div>\n\t\t\t\t\t\t\t\t\t\t\t\t\t<\/div>\n\t\t\t\t<\/div>\n\t\t\t\t<\/div>\n\t\t\t\t\t\t<\/div>\n\t\t\t\t\t<\/div>\n\t\t<\/div>\n\t\t\t\t\t\t\t\t<\/div>\n\t\t\t\t\t<\/div>\n\t\t<\/section>\n\t\t\t\t\t\t<\/div>\n\t\t\t\t\t\t<\/div>\n\t\t\t\t\t<\/div>\n\t\t","protected":false},"excerpt":{"rendered":"<p>El lunes y martes, algunos de los ecol\u00edderes del instituto estudiaron la movilidad sostenible de Matiena con el objetivo de realizar un diagn\u00f3stico municipal, de la mano de la asociaci\u00f3n &#8220;Ortzadar&#8221;. En mayo, los alumnos llevar\u00e1n al ayuntamiento diversas propuestas para la mejora del pueblo, as\u00ed como los compromisos adquiridos.<\/p>\n","protected":false},"author":1,"featured_media":10287,"comment_status":"closed","ping_status":"closed","sticky":false,"template":"","format":"standard","meta":{"_acf_changed":false,"footnotes":""},"categories":[38],"tags":[],"class_list":["post-10291","post","type-post","status-publish","format-standard","has-post-thumbnail","hentry","category-noticias","odd"],"acf":[],"yoast_head":"<!-- This site is optimized with the Yoast SEO plugin v27.4 - https:\/\/yoast.com\/product\/yoast-seo-wordpress\/ -->\n<title>Analizando la movilidad sostenible en Matiena: a pie y en bicicleta - Abadi\u00f1oko Institutua - Instituto de Abadi\u00f1o<\/title>\n<meta name=\"robots\" content=\"index, follow, max-snippet:-1, max-image-preview:large, max-video-preview:-1\" \/>\n<link rel=\"canonical\" href=\"https:\/\/www.iesabadinobhi.com\/es\/analizando-la-movilidad-sostenible-en-matiena-a-pie-y-en-bicicleta\/\" \/>\n<meta property=\"og:locale\" content=\"es_ES\" \/>\n<meta property=\"og:type\" content=\"article\" \/>\n<meta property=\"og:title\" content=\"Analizando la movilidad sostenible en Matiena: a pie y en bicicleta - Abadi\u00f1oko Institutua - Instituto de Abadi\u00f1o\" \/>\n<meta property=\"og:description\" content=\"El lunes y martes, algunos de los ecol\u00edderes del instituto estudiaron la movilidad sostenible de Matiena con el objetivo de realizar un diagn\u00f3stico municipal, de la mano de la asociaci\u00f3n &#8220;Ortzadar&#8221;. En mayo, los alumnos llevar\u00e1n al ayuntamiento diversas propuestas para la mejora del pueblo, as\u00ed como los compromisos adquiridos.\" \/>\n<meta property=\"og:url\" content=\"https:\/\/www.iesabadinobhi.com\/es\/analizando-la-movilidad-sostenible-en-matiena-a-pie-y-en-bicicleta\/\" \/>\n<meta property=\"og:site_name\" content=\"Abadi\u00f1oko Institutua - Instituto de Abadi\u00f1o\" \/>\n<meta property=\"article:published_time\" content=\"2022-05-05T09:30:51+00:00\" \/>\n<meta property=\"article:modified_time\" content=\"2022-05-05T09:31:58+00:00\" \/>\n<meta property=\"og:image\" content=\"https:\/\/www.iesabadinobhi.com\/wp-content\/uploads\/2022\/05\/matiena_04.jpg\" \/>\n\t<meta property=\"og:image:width\" content=\"1440\" \/>\n\t<meta property=\"og:image:height\" content=\"1080\" \/>\n\t<meta property=\"og:image:type\" content=\"image\/jpeg\" \/>\n<meta name=\"author\" content=\"komunika\" \/>\n<meta name=\"twitter:card\" content=\"summary_large_image\" \/>\n<meta name=\"twitter:label1\" content=\"Escrito por\" \/>\n\t<meta name=\"twitter:data1\" content=\"komunika\" \/>\n<script type=\"application\/ld+json\" class=\"yoast-schema-graph\">{\"@context\":\"https:\\\/\\\/schema.org\",\"@graph\":[{\"@type\":\"Article\",\"@id\":\"https:\\\/\\\/www.iesabadinobhi.com\\\/es\\\/analizando-la-movilidad-sostenible-en-matiena-a-pie-y-en-bicicleta\\\/#article\",\"isPartOf\":{\"@id\":\"https:\\\/\\\/www.iesabadinobhi.com\\\/es\\\/analizando-la-movilidad-sostenible-en-matiena-a-pie-y-en-bicicleta\\\/\"},\"author\":{\"name\":\"komunika\",\"@id\":\"https:\\\/\\\/www.iesabadinobhi.com\\\/#\\\/schema\\\/person\\\/a71a6965234a00ffd67b3fc3c9858cd3\"},\"headline\":\"Analizando la movilidad sostenible en Matiena: a pie y en bicicleta\",\"datePublished\":\"2022-05-05T09:30:51+00:00\",\"dateModified\":\"2022-05-05T09:31:58+00:00\",\"mainEntityOfPage\":{\"@id\":\"https:\\\/\\\/www.iesabadinobhi.com\\\/es\\\/analizando-la-movilidad-sostenible-en-matiena-a-pie-y-en-bicicleta\\\/\"},\"wordCount\":65,\"publisher\":{\"@id\":\"https:\\\/\\\/www.iesabadinobhi.com\\\/#organization\"},\"image\":{\"@id\":\"https:\\\/\\\/www.iesabadinobhi.com\\\/es\\\/analizando-la-movilidad-sostenible-en-matiena-a-pie-y-en-bicicleta\\\/#primaryimage\"},\"thumbnailUrl\":\"https:\\\/\\\/www.iesabadinobhi.com\\\/wp-content\\\/uploads\\\/2022\\\/05\\\/matiena_04.jpg\",\"articleSection\":[\"Noticias\"],\"inLanguage\":\"es\"},{\"@type\":\"WebPage\",\"@id\":\"https:\\\/\\\/www.iesabadinobhi.com\\\/es\\\/analizando-la-movilidad-sostenible-en-matiena-a-pie-y-en-bicicleta\\\/\",\"url\":\"https:\\\/\\\/www.iesabadinobhi.com\\\/es\\\/analizando-la-movilidad-sostenible-en-matiena-a-pie-y-en-bicicleta\\\/\",\"name\":\"Analizando la movilidad sostenible en Matiena: a pie y en bicicleta - Abadi\u00f1oko Institutua - Instituto de Abadi\u00f1o\",\"isPartOf\":{\"@id\":\"https:\\\/\\\/www.iesabadinobhi.com\\\/#website\"},\"primaryImageOfPage\":{\"@id\":\"https:\\\/\\\/www.iesabadinobhi.com\\\/es\\\/analizando-la-movilidad-sostenible-en-matiena-a-pie-y-en-bicicleta\\\/#primaryimage\"},\"image\":{\"@id\":\"https:\\\/\\\/www.iesabadinobhi.com\\\/es\\\/analizando-la-movilidad-sostenible-en-matiena-a-pie-y-en-bicicleta\\\/#primaryimage\"},\"thumbnailUrl\":\"https:\\\/\\\/www.iesabadinobhi.com\\\/wp-content\\\/uploads\\\/2022\\\/05\\\/matiena_04.jpg\",\"datePublished\":\"2022-05-05T09:30:51+00:00\",\"dateModified\":\"2022-05-05T09:31:58+00:00\",\"breadcrumb\":{\"@id\":\"https:\\\/\\\/www.iesabadinobhi.com\\\/es\\\/analizando-la-movilidad-sostenible-en-matiena-a-pie-y-en-bicicleta\\\/#breadcrumb\"},\"inLanguage\":\"es\",\"potentialAction\":[{\"@type\":\"ReadAction\",\"target\":[\"https:\\\/\\\/www.iesabadinobhi.com\\\/es\\\/analizando-la-movilidad-sostenible-en-matiena-a-pie-y-en-bicicleta\\\/\"]}]},{\"@type\":\"ImageObject\",\"inLanguage\":\"es\",\"@id\":\"https:\\\/\\\/www.iesabadinobhi.com\\\/es\\\/analizando-la-movilidad-sostenible-en-matiena-a-pie-y-en-bicicleta\\\/#primaryimage\",\"url\":\"https:\\\/\\\/www.iesabadinobhi.com\\\/wp-content\\\/uploads\\\/2022\\\/05\\\/matiena_04.jpg\",\"contentUrl\":\"https:\\\/\\\/www.iesabadinobhi.com\\\/wp-content\\\/uploads\\\/2022\\\/05\\\/matiena_04.jpg\",\"width\":1440,\"height\":1080,\"caption\":\"Analizando la movilidad sostenible en Matiena: a pie y en bicicleta\"},{\"@type\":\"BreadcrumbList\",\"@id\":\"https:\\\/\\\/www.iesabadinobhi.com\\\/es\\\/analizando-la-movilidad-sostenible-en-matiena-a-pie-y-en-bicicleta\\\/#breadcrumb\",\"itemListElement\":[{\"@type\":\"ListItem\",\"position\":1,\"name\":\"Portada\",\"item\":\"https:\\\/\\\/www.iesabadinobhi.com\\\/es\\\/\"},{\"@type\":\"ListItem\",\"position\":2,\"name\":\"Analizando la movilidad sostenible en Matiena: a pie y en bicicleta\"}]},{\"@type\":\"WebSite\",\"@id\":\"https:\\\/\\\/www.iesabadinobhi.com\\\/#website\",\"url\":\"https:\\\/\\\/www.iesabadinobhi.com\\\/\",\"name\":\"Abadi\u00f1oko Institutua - Instituto de Abadi\u00f1o\",\"description\":\"Centro p\u00fablico de modelo D para alumnos\\\/as de 12 a 16 a\u00f1os.\",\"publisher\":{\"@id\":\"https:\\\/\\\/www.iesabadinobhi.com\\\/#organization\"},\"potentialAction\":[{\"@type\":\"SearchAction\",\"target\":{\"@type\":\"EntryPoint\",\"urlTemplate\":\"https:\\\/\\\/www.iesabadinobhi.com\\\/?s={search_term_string}\"},\"query-input\":{\"@type\":\"PropertyValueSpecification\",\"valueRequired\":true,\"valueName\":\"search_term_string\"}}],\"inLanguage\":\"es\"},{\"@type\":\"Organization\",\"@id\":\"https:\\\/\\\/www.iesabadinobhi.com\\\/#organization\",\"name\":\"Abadi\u00f1oko Institutua - Instituto de Abadi\u00f1o\",\"url\":\"https:\\\/\\\/www.iesabadinobhi.com\\\/\",\"logo\":{\"@type\":\"ImageObject\",\"inLanguage\":\"es\",\"@id\":\"https:\\\/\\\/www.iesabadinobhi.com\\\/#\\\/schema\\\/logo\\\/image\\\/\",\"url\":\"https:\\\/\\\/www.iesabadinobhi.com\\\/wp-content\\\/uploads\\\/2022\\\/01\\\/logo_abadino_web_25-1.jpg\",\"contentUrl\":\"https:\\\/\\\/www.iesabadinobhi.com\\\/wp-content\\\/uploads\\\/2022\\\/01\\\/logo_abadino_web_25-1.jpg\",\"width\":246,\"height\":234,\"caption\":\"Abadi\u00f1oko Institutua - Instituto de Abadi\u00f1o\"},\"image\":{\"@id\":\"https:\\\/\\\/www.iesabadinobhi.com\\\/#\\\/schema\\\/logo\\\/image\\\/\"},\"sameAs\":[\"https:\\\/\\\/www.youtube.com\\\/channel\\\/UChFI9DF_PiIsiqzblGEpD6Q\"]},{\"@type\":\"Person\",\"@id\":\"https:\\\/\\\/www.iesabadinobhi.com\\\/#\\\/schema\\\/person\\\/a71a6965234a00ffd67b3fc3c9858cd3\",\"name\":\"komunika\",\"image\":{\"@type\":\"ImageObject\",\"inLanguage\":\"es\",\"@id\":\"https:\\\/\\\/secure.gravatar.com\\\/avatar\\\/a22f2ac29ef785448617c06f66acb86e91041eb5ff01e3e6145cdc0af3989762?s=96&d=mm&r=g\",\"url\":\"https:\\\/\\\/secure.gravatar.com\\\/avatar\\\/a22f2ac29ef785448617c06f66acb86e91041eb5ff01e3e6145cdc0af3989762?s=96&d=mm&r=g\",\"contentUrl\":\"https:\\\/\\\/secure.gravatar.com\\\/avatar\\\/a22f2ac29ef785448617c06f66acb86e91041eb5ff01e3e6145cdc0af3989762?s=96&d=mm&r=g\",\"caption\":\"komunika\"},\"sameAs\":[\"http:\\\/\\\/www.iesabadinobhi.com\"],\"url\":\"https:\\\/\\\/www.iesabadinobhi.com\\\/es\\\/author\\\/komunika\\\/\"}]}<\/script>\n<!-- \/ Yoast SEO plugin. -->","yoast_head_json":{"title":"Analizando la movilidad sostenible en Matiena: a pie y en bicicleta - Abadi\u00f1oko Institutua - Instituto de Abadi\u00f1o","robots":{"index":"index","follow":"follow","max-snippet":"max-snippet:-1","max-image-preview":"max-image-preview:large","max-video-preview":"max-video-preview:-1"},"canonical":"https:\/\/www.iesabadinobhi.com\/es\/analizando-la-movilidad-sostenible-en-matiena-a-pie-y-en-bicicleta\/","og_locale":"es_ES","og_type":"article","og_title":"Analizando la movilidad sostenible en Matiena: a pie y en bicicleta - Abadi\u00f1oko Institutua - Instituto de Abadi\u00f1o","og_description":"El lunes y martes, algunos de los ecol\u00edderes del instituto estudiaron la movilidad sostenible de Matiena con el objetivo de realizar un diagn\u00f3stico municipal, de la mano de la asociaci\u00f3n &#8220;Ortzadar&#8221;. En mayo, los alumnos llevar\u00e1n al ayuntamiento diversas propuestas para la mejora del pueblo, as\u00ed como los compromisos adquiridos.","og_url":"https:\/\/www.iesabadinobhi.com\/es\/analizando-la-movilidad-sostenible-en-matiena-a-pie-y-en-bicicleta\/","og_site_name":"Abadi\u00f1oko Institutua - Instituto de Abadi\u00f1o","article_published_time":"2022-05-05T09:30:51+00:00","article_modified_time":"2022-05-05T09:31:58+00:00","og_image":[{"width":1440,"height":1080,"url":"https:\/\/www.iesabadinobhi.com\/wp-content\/uploads\/2022\/05\/matiena_04.jpg","type":"image\/jpeg"}],"author":"komunika","twitter_card":"summary_large_image","twitter_misc":{"Escrito por":"komunika"},"schema":{"@context":"https:\/\/schema.org","@graph":[{"@type":"Article","@id":"https:\/\/www.iesabadinobhi.com\/es\/analizando-la-movilidad-sostenible-en-matiena-a-pie-y-en-bicicleta\/#article","isPartOf":{"@id":"https:\/\/www.iesabadinobhi.com\/es\/analizando-la-movilidad-sostenible-en-matiena-a-pie-y-en-bicicleta\/"},"author":{"name":"komunika","@id":"https:\/\/www.iesabadinobhi.com\/#\/schema\/person\/a71a6965234a00ffd67b3fc3c9858cd3"},"headline":"Analizando la movilidad sostenible en Matiena: a pie y en bicicleta","datePublished":"2022-05-05T09:30:51+00:00","dateModified":"2022-05-05T09:31:58+00:00","mainEntityOfPage":{"@id":"https:\/\/www.iesabadinobhi.com\/es\/analizando-la-movilidad-sostenible-en-matiena-a-pie-y-en-bicicleta\/"},"wordCount":65,"publisher":{"@id":"https:\/\/www.iesabadinobhi.com\/#organization"},"image":{"@id":"https:\/\/www.iesabadinobhi.com\/es\/analizando-la-movilidad-sostenible-en-matiena-a-pie-y-en-bicicleta\/#primaryimage"},"thumbnailUrl":"https:\/\/www.iesabadinobhi.com\/wp-content\/uploads\/2022\/05\/matiena_04.jpg","articleSection":["Noticias"],"inLanguage":"es"},{"@type":"WebPage","@id":"https:\/\/www.iesabadinobhi.com\/es\/analizando-la-movilidad-sostenible-en-matiena-a-pie-y-en-bicicleta\/","url":"https:\/\/www.iesabadinobhi.com\/es\/analizando-la-movilidad-sostenible-en-matiena-a-pie-y-en-bicicleta\/","name":"Analizando la movilidad sostenible en Matiena: a pie y en bicicleta - Abadi\u00f1oko Institutua - Instituto de Abadi\u00f1o","isPartOf":{"@id":"https:\/\/www.iesabadinobhi.com\/#website"},"primaryImageOfPage":{"@id":"https:\/\/www.iesabadinobhi.com\/es\/analizando-la-movilidad-sostenible-en-matiena-a-pie-y-en-bicicleta\/#primaryimage"},"image":{"@id":"https:\/\/www.iesabadinobhi.com\/es\/analizando-la-movilidad-sostenible-en-matiena-a-pie-y-en-bicicleta\/#primaryimage"},"thumbnailUrl":"https:\/\/www.iesabadinobhi.com\/wp-content\/uploads\/2022\/05\/matiena_04.jpg","datePublished":"2022-05-05T09:30:51+00:00","dateModified":"2022-05-05T09:31:58+00:00","breadcrumb":{"@id":"https:\/\/www.iesabadinobhi.com\/es\/analizando-la-movilidad-sostenible-en-matiena-a-pie-y-en-bicicleta\/#breadcrumb"},"inLanguage":"es","potentialAction":[{"@type":"ReadAction","target":["https:\/\/www.iesabadinobhi.com\/es\/analizando-la-movilidad-sostenible-en-matiena-a-pie-y-en-bicicleta\/"]}]},{"@type":"ImageObject","inLanguage":"es","@id":"https:\/\/www.iesabadinobhi.com\/es\/analizando-la-movilidad-sostenible-en-matiena-a-pie-y-en-bicicleta\/#primaryimage","url":"https:\/\/www.iesabadinobhi.com\/wp-content\/uploads\/2022\/05\/matiena_04.jpg","contentUrl":"https:\/\/www.iesabadinobhi.com\/wp-content\/uploads\/2022\/05\/matiena_04.jpg","width":1440,"height":1080,"caption":"Analizando la movilidad sostenible en Matiena: a pie y en bicicleta"},{"@type":"BreadcrumbList","@id":"https:\/\/www.iesabadinobhi.com\/es\/analizando-la-movilidad-sostenible-en-matiena-a-pie-y-en-bicicleta\/#breadcrumb","itemListElement":[{"@type":"ListItem","position":1,"name":"Portada","item":"https:\/\/www.iesabadinobhi.com\/es\/"},{"@type":"ListItem","position":2,"name":"Analizando la movilidad sostenible en Matiena: a pie y en bicicleta"}]},{"@type":"WebSite","@id":"https:\/\/www.iesabadinobhi.com\/#website","url":"https:\/\/www.iesabadinobhi.com\/","name":"Abadi\u00f1oko Institutua - Instituto de Abadi\u00f1o","description":"Centro p\u00fablico de modelo D para alumnos\/as de 12 a 16 a\u00f1os.","publisher":{"@id":"https:\/\/www.iesabadinobhi.com\/#organization"},"potentialAction":[{"@type":"SearchAction","target":{"@type":"EntryPoint","urlTemplate":"https:\/\/www.iesabadinobhi.com\/?s={search_term_string}"},"query-input":{"@type":"PropertyValueSpecification","valueRequired":true,"valueName":"search_term_string"}}],"inLanguage":"es"},{"@type":"Organization","@id":"https:\/\/www.iesabadinobhi.com\/#organization","name":"Abadi\u00f1oko Institutua - Instituto de Abadi\u00f1o","url":"https:\/\/www.iesabadinobhi.com\/","logo":{"@type":"ImageObject","inLanguage":"es","@id":"https:\/\/www.iesabadinobhi.com\/#\/schema\/logo\/image\/","url":"https:\/\/www.iesabadinobhi.com\/wp-content\/uploads\/2022\/01\/logo_abadino_web_25-1.jpg","contentUrl":"https:\/\/www.iesabadinobhi.com\/wp-content\/uploads\/2022\/01\/logo_abadino_web_25-1.jpg","width":246,"height":234,"caption":"Abadi\u00f1oko Institutua - Instituto de Abadi\u00f1o"},"image":{"@id":"https:\/\/www.iesabadinobhi.com\/#\/schema\/logo\/image\/"},"sameAs":["https:\/\/www.youtube.com\/channel\/UChFI9DF_PiIsiqzblGEpD6Q"]},{"@type":"Person","@id":"https:\/\/www.iesabadinobhi.com\/#\/schema\/person\/a71a6965234a00ffd67b3fc3c9858cd3","name":"komunika","image":{"@type":"ImageObject","inLanguage":"es","@id":"https:\/\/secure.gravatar.com\/avatar\/a22f2ac29ef785448617c06f66acb86e91041eb5ff01e3e6145cdc0af3989762?s=96&d=mm&r=g","url":"https:\/\/secure.gravatar.com\/avatar\/a22f2ac29ef785448617c06f66acb86e91041eb5ff01e3e6145cdc0af3989762?s=96&d=mm&r=g","contentUrl":"https:\/\/secure.gravatar.com\/avatar\/a22f2ac29ef785448617c06f66acb86e91041eb5ff01e3e6145cdc0af3989762?s=96&d=mm&r=g","caption":"komunika"},"sameAs":["http:\/\/www.iesabadinobhi.com"],"url":"https:\/\/www.iesabadinobhi.com\/es\/author\/komunika\/"}]}},"_links":{"self":[{"href":"https:\/\/www.iesabadinobhi.com\/es\/wp-json\/wp\/v2\/posts\/10291","targetHints":{"allow":["GET"]}}],"collection":[{"href":"https:\/\/www.iesabadinobhi.com\/es\/wp-json\/wp\/v2\/posts"}],"about":[{"href":"https:\/\/www.iesabadinobhi.com\/es\/wp-json\/wp\/v2\/types\/post"}],"author":[{"embeddable":true,"href":"https:\/\/www.iesabadinobhi.com\/es\/wp-json\/wp\/v2\/users\/1"}],"replies":[{"embeddable":true,"href":"https:\/\/www.iesabadinobhi.com\/es\/wp-json\/wp\/v2\/comments?post=10291"}],"version-history":[{"count":4,"href":"https:\/\/www.iesabadinobhi.com\/es\/wp-json\/wp\/v2\/posts\/10291\/revisions"}],"predecessor-version":[{"id":10299,"href":"https:\/\/www.iesabadinobhi.com\/es\/wp-json\/wp\/v2\/posts\/10291\/revisions\/10299"}],"wp:featuredmedia":[{"embeddable":true,"href":"https:\/\/www.iesabadinobhi.com\/es\/wp-json\/wp\/v2\/media\/10287"}],"wp:attachment":[{"href":"https:\/\/www.iesabadinobhi.com\/es\/wp-json\/wp\/v2\/media?parent=10291"}],"wp:term":[{"taxonomy":"category","embeddable":true,"href":"https:\/\/www.iesabadinobhi.com\/es\/wp-json\/wp\/v2\/categories?post=10291"},{"taxonomy":"post_tag","embeddable":true,"href":"https:\/\/www.iesabadinobhi.com\/es\/wp-json\/wp\/v2\/tags?post=10291"}],"curies":[{"name":"wp","href":"https:\/\/api.w.org\/{rel}","templated":true}]}}