  {"id":10036,"date":"2021-12-22T13:49:34","date_gmt":"2021-12-22T12:49:34","guid":{"rendered":"https:\/\/www.iesabadinobhi.com\/?p=10036"},"modified":"2021-12-22T14:00:58","modified_gmt":"2021-12-22T13:00:58","slug":"exposicion-de-trabajos-de-los-alumnos-de-plastica","status":"publish","type":"post","link":"https:\/\/www.iesabadinobhi.com\/es\/exposicion-de-trabajos-de-los-alumnos-de-plastica\/","title":{"rendered":"Exposici\u00f3n de trabajos de los alumnos de pl\u00e1stica"},"content":{"rendered":"\t\t<div data-elementor-type=\"wp-post\" data-elementor-id=\"10036\" class=\"elementor elementor-10036 elementor-10035\" data-elementor-settings=\"[]\">\n\t\t\t\t\t\t<div class=\"elementor-inner\">\n\t\t\t\t\t\t\t<div class=\"elementor-section-wrap\">\n\t\t\t\t\t\t\t<section class=\"elementor-section elementor-top-section elementor-element elementor-element-79ff05d2 elementor-section-boxed elementor-section-height-default elementor-section-height-default\" data-id=\"79ff05d2\" data-element_type=\"section\">\n\t\t\t\t\t\t<div class=\"elementor-container elementor-column-gap-default\">\n\t\t\t\t\t\t\t<div class=\"elementor-row\">\n\t\t\t\t\t<div class=\"elementor-column elementor-col-100 elementor-top-column elementor-element elementor-element-4e1b8e4f\" data-id=\"4e1b8e4f\" data-element_type=\"column\">\n\t\t\t<div class=\"elementor-column-wrap elementor-element-populated\">\n\t\t\t\t\t\t\t<div class=\"elementor-widget-wrap\">\n\t\t\t\t\t\t<div class=\"elementor-element elementor-element-153dc1c5 elementor-widget elementor-widget-text-editor\" data-id=\"153dc1c5\" data-element_type=\"widget\" data-widget_type=\"text-editor.default\">\n\t\t\t\t<div class=\"elementor-widget-container\">\n\t\t\t\t\t<div class=\"elementor-text-editor elementor-clearfix\"><p><img loading=\"lazy\" decoding=\"async\" class=\"alignnone wp-image-10038 size-large\" src=\"https:\/\/www.iesabadinobhi.com\/wp-content\/uploads\/2021\/12\/AF1QipPN20tDG-ohDH8BqO05_tRdpjrqyzOtfK1QQtXUw4160-h2340-1024x686.jpg\" alt=\"\" width=\"1024\" height=\"686\" srcset=\"https:\/\/www.iesabadinobhi.com\/wp-content\/uploads\/2021\/12\/AF1QipPN20tDG-ohDH8BqO05_tRdpjrqyzOtfK1QQtXUw4160-h2340-1024x686.jpg 1024w, https:\/\/www.iesabadinobhi.com\/wp-content\/uploads\/2021\/12\/AF1QipPN20tDG-ohDH8BqO05_tRdpjrqyzOtfK1QQtXUw4160-h2340-500x335.jpg 500w, https:\/\/www.iesabadinobhi.com\/wp-content\/uploads\/2021\/12\/AF1QipPN20tDG-ohDH8BqO05_tRdpjrqyzOtfK1QQtXUw4160-h2340-768x515.jpg 768w, https:\/\/www.iesabadinobhi.com\/wp-content\/uploads\/2021\/12\/AF1QipPN20tDG-ohDH8BqO05_tRdpjrqyzOtfK1QQtXUw4160-h2340-150x101.jpg 150w, https:\/\/www.iesabadinobhi.com\/wp-content\/uploads\/2021\/12\/AF1QipPN20tDG-ohDH8BqO05_tRdpjrqyzOtfK1QQtXUw4160-h2340.jpg 1280w\" sizes=\"auto, (max-width: 1024px) 100vw, 1024px\" \/><\/p><p>Los \u00faltimos d\u00edas, l@s alumn@s de Pl\u00e1stica de 4\u00ba de la ESO han organizado una exposici\u00f3n en diferentes espacios del centro. Esta exposici\u00f3n tiene que ver con la Identidad Digital.<\/p><p>Aqu\u00ed ten\u00e9is el enlace de la versi\u00f3n web de la exposici\u00f3n:<\/p><p><a href=\"https:\/\/sites.google.com\/abadinoinsti.net\/dirtasun-erakusketa\/orri-nagusia\" target=\"_blank\" rel=\"noopener\"><strong>Dirtasun Erakusketa<\/strong><\/a><\/p><\/div>\n\t\t\t\t<\/div>\n\t\t\t\t<\/div>\n\t\t\t\t\t\t<\/div>\n\t\t\t\t\t<\/div>\n\t\t<\/div>\n\t\t\t\t\t\t\t\t<\/div>\n\t\t\t\t\t<\/div>\n\t\t<\/section>\n\t\t\t\t\t\t<\/div>\n\t\t\t\t\t\t<\/div>\n\t\t\t\t\t<\/div>\n\t\t","protected":false},"excerpt":{"rendered":"<p>Los \u00faltimos d\u00edas, l@s alumn@s de Pl\u00e1stica de 4\u00ba de la ESO han organizado una exposici\u00f3n en diferentes espacios del centro. Esta exposici\u00f3n tiene que ver con la Identidad Digital. Aqu\u00ed ten\u00e9is el enlace de la versi\u00f3n web de la exposici\u00f3n: Dirtasun Erakusketa<\/p>\n","protected":false},"author":1,"featured_media":10038,"comment_status":"closed","ping_status":"closed","sticky":false,"template":"","format":"standard","meta":{"_acf_changed":false,"footnotes":""},"categories":[38],"tags":[],"class_list":["post-10036","post","type-post","status-publish","format-standard","has-post-thumbnail","hentry","category-noticias","odd"],"acf":[],"yoast_head":"<!-- This site is optimized with the Yoast SEO plugin v27.4 - https:\/\/yoast.com\/product\/yoast-seo-wordpress\/ -->\n<title>Exposici\u00f3n de trabajos de los alumnos de pl\u00e1stica - Abadi\u00f1oko Institutua - Instituto de Abadi\u00f1o<\/title>\n<meta name=\"robots\" content=\"index, follow, max-snippet:-1, max-image-preview:large, max-video-preview:-1\" \/>\n<link rel=\"canonical\" href=\"https:\/\/www.iesabadinobhi.com\/es\/exposicion-de-trabajos-de-los-alumnos-de-plastica\/\" \/>\n<meta property=\"og:locale\" content=\"es_ES\" \/>\n<meta property=\"og:type\" content=\"article\" \/>\n<meta property=\"og:title\" content=\"Exposici\u00f3n de trabajos de los alumnos de pl\u00e1stica - Abadi\u00f1oko Institutua - Instituto de Abadi\u00f1o\" \/>\n<meta property=\"og:description\" content=\"Los \u00faltimos d\u00edas, l@s alumn@s de Pl\u00e1stica de 4\u00ba de la ESO han organizado una exposici\u00f3n en diferentes espacios del centro. Esta exposici\u00f3n tiene que ver con la Identidad Digital. Aqu\u00ed ten\u00e9is el enlace de la versi\u00f3n web de la exposici\u00f3n: Dirtasun Erakusketa\" \/>\n<meta property=\"og:url\" content=\"https:\/\/www.iesabadinobhi.com\/es\/exposicion-de-trabajos-de-los-alumnos-de-plastica\/\" \/>\n<meta property=\"og:site_name\" content=\"Abadi\u00f1oko Institutua - Instituto de Abadi\u00f1o\" \/>\n<meta property=\"article:published_time\" content=\"2021-12-22T12:49:34+00:00\" \/>\n<meta property=\"article:modified_time\" content=\"2021-12-22T13:00:58+00:00\" \/>\n<meta property=\"og:image\" content=\"https:\/\/www.iesabadinobhi.com\/wp-content\/uploads\/2021\/12\/AF1QipPN20tDG-ohDH8BqO05_tRdpjrqyzOtfK1QQtXUw4160-h2340.jpg\" \/>\n\t<meta property=\"og:image:width\" content=\"1280\" \/>\n\t<meta property=\"og:image:height\" content=\"858\" \/>\n\t<meta property=\"og:image:type\" content=\"image\/jpeg\" \/>\n<meta name=\"author\" content=\"komunika\" \/>\n<meta name=\"twitter:card\" content=\"summary_large_image\" \/>\n<meta name=\"twitter:label1\" content=\"Escrito por\" \/>\n\t<meta name=\"twitter:data1\" content=\"komunika\" \/>\n<script type=\"application\/ld+json\" class=\"yoast-schema-graph\">{\"@context\":\"https:\\\/\\\/schema.org\",\"@graph\":[{\"@type\":\"Article\",\"@id\":\"https:\\\/\\\/www.iesabadinobhi.com\\\/es\\\/exposicion-de-trabajos-de-los-alumnos-de-plastica\\\/#article\",\"isPartOf\":{\"@id\":\"https:\\\/\\\/www.iesabadinobhi.com\\\/es\\\/exposicion-de-trabajos-de-los-alumnos-de-plastica\\\/\"},\"author\":{\"name\":\"komunika\",\"@id\":\"https:\\\/\\\/www.iesabadinobhi.com\\\/#\\\/schema\\\/person\\\/a71a6965234a00ffd67b3fc3c9858cd3\"},\"headline\":\"Exposici\u00f3n de trabajos de los alumnos de pl\u00e1stica\",\"datePublished\":\"2021-12-22T12:49:34+00:00\",\"dateModified\":\"2021-12-22T13:00:58+00:00\",\"mainEntityOfPage\":{\"@id\":\"https:\\\/\\\/www.iesabadinobhi.com\\\/es\\\/exposicion-de-trabajos-de-los-alumnos-de-plastica\\\/\"},\"wordCount\":61,\"publisher\":{\"@id\":\"https:\\\/\\\/www.iesabadinobhi.com\\\/#organization\"},\"image\":{\"@id\":\"https:\\\/\\\/www.iesabadinobhi.com\\\/es\\\/exposicion-de-trabajos-de-los-alumnos-de-plastica\\\/#primaryimage\"},\"thumbnailUrl\":\"https:\\\/\\\/www.iesabadinobhi.com\\\/wp-content\\\/uploads\\\/2021\\\/12\\\/AF1QipPN20tDG-ohDH8BqO05_tRdpjrqyzOtfK1QQtXUw4160-h2340.jpg\",\"articleSection\":[\"Noticias\"],\"inLanguage\":\"es\"},{\"@type\":\"WebPage\",\"@id\":\"https:\\\/\\\/www.iesabadinobhi.com\\\/es\\\/exposicion-de-trabajos-de-los-alumnos-de-plastica\\\/\",\"url\":\"https:\\\/\\\/www.iesabadinobhi.com\\\/es\\\/exposicion-de-trabajos-de-los-alumnos-de-plastica\\\/\",\"name\":\"Exposici\u00f3n de trabajos de los alumnos de pl\u00e1stica - Abadi\u00f1oko Institutua - Instituto de Abadi\u00f1o\",\"isPartOf\":{\"@id\":\"https:\\\/\\\/www.iesabadinobhi.com\\\/#website\"},\"primaryImageOfPage\":{\"@id\":\"https:\\\/\\\/www.iesabadinobhi.com\\\/es\\\/exposicion-de-trabajos-de-los-alumnos-de-plastica\\\/#primaryimage\"},\"image\":{\"@id\":\"https:\\\/\\\/www.iesabadinobhi.com\\\/es\\\/exposicion-de-trabajos-de-los-alumnos-de-plastica\\\/#primaryimage\"},\"thumbnailUrl\":\"https:\\\/\\\/www.iesabadinobhi.com\\\/wp-content\\\/uploads\\\/2021\\\/12\\\/AF1QipPN20tDG-ohDH8BqO05_tRdpjrqyzOtfK1QQtXUw4160-h2340.jpg\",\"datePublished\":\"2021-12-22T12:49:34+00:00\",\"dateModified\":\"2021-12-22T13:00:58+00:00\",\"breadcrumb\":{\"@id\":\"https:\\\/\\\/www.iesabadinobhi.com\\\/es\\\/exposicion-de-trabajos-de-los-alumnos-de-plastica\\\/#breadcrumb\"},\"inLanguage\":\"es\",\"potentialAction\":[{\"@type\":\"ReadAction\",\"target\":[\"https:\\\/\\\/www.iesabadinobhi.com\\\/es\\\/exposicion-de-trabajos-de-los-alumnos-de-plastica\\\/\"]}]},{\"@type\":\"ImageObject\",\"inLanguage\":\"es\",\"@id\":\"https:\\\/\\\/www.iesabadinobhi.com\\\/es\\\/exposicion-de-trabajos-de-los-alumnos-de-plastica\\\/#primaryimage\",\"url\":\"https:\\\/\\\/www.iesabadinobhi.com\\\/wp-content\\\/uploads\\\/2021\\\/12\\\/AF1QipPN20tDG-ohDH8BqO05_tRdpjrqyzOtfK1QQtXUw4160-h2340.jpg\",\"contentUrl\":\"https:\\\/\\\/www.iesabadinobhi.com\\\/wp-content\\\/uploads\\\/2021\\\/12\\\/AF1QipPN20tDG-ohDH8BqO05_tRdpjrqyzOtfK1QQtXUw4160-h2340.jpg\",\"width\":1280,\"height\":858},{\"@type\":\"BreadcrumbList\",\"@id\":\"https:\\\/\\\/www.iesabadinobhi.com\\\/es\\\/exposicion-de-trabajos-de-los-alumnos-de-plastica\\\/#breadcrumb\",\"itemListElement\":[{\"@type\":\"ListItem\",\"position\":1,\"name\":\"Portada\",\"item\":\"https:\\\/\\\/www.iesabadinobhi.com\\\/es\\\/\"},{\"@type\":\"ListItem\",\"position\":2,\"name\":\"Exposici\u00f3n de trabajos de los alumnos de pl\u00e1stica\"}]},{\"@type\":\"WebSite\",\"@id\":\"https:\\\/\\\/www.iesabadinobhi.com\\\/#website\",\"url\":\"https:\\\/\\\/www.iesabadinobhi.com\\\/\",\"name\":\"Abadi\u00f1oko Institutua - Instituto de Abadi\u00f1o\",\"description\":\"Centro p\u00fablico de modelo D para alumnos\\\/as de 12 a 16 a\u00f1os.\",\"publisher\":{\"@id\":\"https:\\\/\\\/www.iesabadinobhi.com\\\/#organization\"},\"potentialAction\":[{\"@type\":\"SearchAction\",\"target\":{\"@type\":\"EntryPoint\",\"urlTemplate\":\"https:\\\/\\\/www.iesabadinobhi.com\\\/?s={search_term_string}\"},\"query-input\":{\"@type\":\"PropertyValueSpecification\",\"valueRequired\":true,\"valueName\":\"search_term_string\"}}],\"inLanguage\":\"es\"},{\"@type\":\"Organization\",\"@id\":\"https:\\\/\\\/www.iesabadinobhi.com\\\/#organization\",\"name\":\"Abadi\u00f1oko Institutua - Instituto de Abadi\u00f1o\",\"url\":\"https:\\\/\\\/www.iesabadinobhi.com\\\/\",\"logo\":{\"@type\":\"ImageObject\",\"inLanguage\":\"es\",\"@id\":\"https:\\\/\\\/www.iesabadinobhi.com\\\/#\\\/schema\\\/logo\\\/image\\\/\",\"url\":\"https:\\\/\\\/www.iesabadinobhi.com\\\/wp-content\\\/uploads\\\/2022\\\/01\\\/logo_abadino_web_25-1.jpg\",\"contentUrl\":\"https:\\\/\\\/www.iesabadinobhi.com\\\/wp-content\\\/uploads\\\/2022\\\/01\\\/logo_abadino_web_25-1.jpg\",\"width\":246,\"height\":234,\"caption\":\"Abadi\u00f1oko Institutua - Instituto de Abadi\u00f1o\"},\"image\":{\"@id\":\"https:\\\/\\\/www.iesabadinobhi.com\\\/#\\\/schema\\\/logo\\\/image\\\/\"},\"sameAs\":[\"https:\\\/\\\/www.youtube.com\\\/channel\\\/UChFI9DF_PiIsiqzblGEpD6Q\"]},{\"@type\":\"Person\",\"@id\":\"https:\\\/\\\/www.iesabadinobhi.com\\\/#\\\/schema\\\/person\\\/a71a6965234a00ffd67b3fc3c9858cd3\",\"name\":\"komunika\",\"image\":{\"@type\":\"ImageObject\",\"inLanguage\":\"es\",\"@id\":\"https:\\\/\\\/secure.gravatar.com\\\/avatar\\\/a22f2ac29ef785448617c06f66acb86e91041eb5ff01e3e6145cdc0af3989762?s=96&d=mm&r=g\",\"url\":\"https:\\\/\\\/secure.gravatar.com\\\/avatar\\\/a22f2ac29ef785448617c06f66acb86e91041eb5ff01e3e6145cdc0af3989762?s=96&d=mm&r=g\",\"contentUrl\":\"https:\\\/\\\/secure.gravatar.com\\\/avatar\\\/a22f2ac29ef785448617c06f66acb86e91041eb5ff01e3e6145cdc0af3989762?s=96&d=mm&r=g\",\"caption\":\"komunika\"},\"sameAs\":[\"http:\\\/\\\/www.iesabadinobhi.com\"],\"url\":\"https:\\\/\\\/www.iesabadinobhi.com\\\/es\\\/author\\\/komunika\\\/\"}]}<\/script>\n<!-- \/ Yoast SEO plugin. -->","yoast_head_json":{"title":"Exposici\u00f3n de trabajos de los alumnos de pl\u00e1stica - Abadi\u00f1oko Institutua - Instituto de Abadi\u00f1o","robots":{"index":"index","follow":"follow","max-snippet":"max-snippet:-1","max-image-preview":"max-image-preview:large","max-video-preview":"max-video-preview:-1"},"canonical":"https:\/\/www.iesabadinobhi.com\/es\/exposicion-de-trabajos-de-los-alumnos-de-plastica\/","og_locale":"es_ES","og_type":"article","og_title":"Exposici\u00f3n de trabajos de los alumnos de pl\u00e1stica - Abadi\u00f1oko Institutua - Instituto de Abadi\u00f1o","og_description":"Los \u00faltimos d\u00edas, l@s alumn@s de Pl\u00e1stica de 4\u00ba de la ESO han organizado una exposici\u00f3n en diferentes espacios del centro. Esta exposici\u00f3n tiene que ver con la Identidad Digital. Aqu\u00ed ten\u00e9is el enlace de la versi\u00f3n web de la exposici\u00f3n: Dirtasun Erakusketa","og_url":"https:\/\/www.iesabadinobhi.com\/es\/exposicion-de-trabajos-de-los-alumnos-de-plastica\/","og_site_name":"Abadi\u00f1oko Institutua - Instituto de Abadi\u00f1o","article_published_time":"2021-12-22T12:49:34+00:00","article_modified_time":"2021-12-22T13:00:58+00:00","og_image":[{"width":1280,"height":858,"url":"https:\/\/www.iesabadinobhi.com\/wp-content\/uploads\/2021\/12\/AF1QipPN20tDG-ohDH8BqO05_tRdpjrqyzOtfK1QQtXUw4160-h2340.jpg","type":"image\/jpeg"}],"author":"komunika","twitter_card":"summary_large_image","twitter_misc":{"Escrito por":"komunika"},"schema":{"@context":"https:\/\/schema.org","@graph":[{"@type":"Article","@id":"https:\/\/www.iesabadinobhi.com\/es\/exposicion-de-trabajos-de-los-alumnos-de-plastica\/#article","isPartOf":{"@id":"https:\/\/www.iesabadinobhi.com\/es\/exposicion-de-trabajos-de-los-alumnos-de-plastica\/"},"author":{"name":"komunika","@id":"https:\/\/www.iesabadinobhi.com\/#\/schema\/person\/a71a6965234a00ffd67b3fc3c9858cd3"},"headline":"Exposici\u00f3n de trabajos de los alumnos de pl\u00e1stica","datePublished":"2021-12-22T12:49:34+00:00","dateModified":"2021-12-22T13:00:58+00:00","mainEntityOfPage":{"@id":"https:\/\/www.iesabadinobhi.com\/es\/exposicion-de-trabajos-de-los-alumnos-de-plastica\/"},"wordCount":61,"publisher":{"@id":"https:\/\/www.iesabadinobhi.com\/#organization"},"image":{"@id":"https:\/\/www.iesabadinobhi.com\/es\/exposicion-de-trabajos-de-los-alumnos-de-plastica\/#primaryimage"},"thumbnailUrl":"https:\/\/www.iesabadinobhi.com\/wp-content\/uploads\/2021\/12\/AF1QipPN20tDG-ohDH8BqO05_tRdpjrqyzOtfK1QQtXUw4160-h2340.jpg","articleSection":["Noticias"],"inLanguage":"es"},{"@type":"WebPage","@id":"https:\/\/www.iesabadinobhi.com\/es\/exposicion-de-trabajos-de-los-alumnos-de-plastica\/","url":"https:\/\/www.iesabadinobhi.com\/es\/exposicion-de-trabajos-de-los-alumnos-de-plastica\/","name":"Exposici\u00f3n de trabajos de los alumnos de pl\u00e1stica - Abadi\u00f1oko Institutua - Instituto de Abadi\u00f1o","isPartOf":{"@id":"https:\/\/www.iesabadinobhi.com\/#website"},"primaryImageOfPage":{"@id":"https:\/\/www.iesabadinobhi.com\/es\/exposicion-de-trabajos-de-los-alumnos-de-plastica\/#primaryimage"},"image":{"@id":"https:\/\/www.iesabadinobhi.com\/es\/exposicion-de-trabajos-de-los-alumnos-de-plastica\/#primaryimage"},"thumbnailUrl":"https:\/\/www.iesabadinobhi.com\/wp-content\/uploads\/2021\/12\/AF1QipPN20tDG-ohDH8BqO05_tRdpjrqyzOtfK1QQtXUw4160-h2340.jpg","datePublished":"2021-12-22T12:49:34+00:00","dateModified":"2021-12-22T13:00:58+00:00","breadcrumb":{"@id":"https:\/\/www.iesabadinobhi.com\/es\/exposicion-de-trabajos-de-los-alumnos-de-plastica\/#breadcrumb"},"inLanguage":"es","potentialAction":[{"@type":"ReadAction","target":["https:\/\/www.iesabadinobhi.com\/es\/exposicion-de-trabajos-de-los-alumnos-de-plastica\/"]}]},{"@type":"ImageObject","inLanguage":"es","@id":"https:\/\/www.iesabadinobhi.com\/es\/exposicion-de-trabajos-de-los-alumnos-de-plastica\/#primaryimage","url":"https:\/\/www.iesabadinobhi.com\/wp-content\/uploads\/2021\/12\/AF1QipPN20tDG-ohDH8BqO05_tRdpjrqyzOtfK1QQtXUw4160-h2340.jpg","contentUrl":"https:\/\/www.iesabadinobhi.com\/wp-content\/uploads\/2021\/12\/AF1QipPN20tDG-ohDH8BqO05_tRdpjrqyzOtfK1QQtXUw4160-h2340.jpg","width":1280,"height":858},{"@type":"BreadcrumbList","@id":"https:\/\/www.iesabadinobhi.com\/es\/exposicion-de-trabajos-de-los-alumnos-de-plastica\/#breadcrumb","itemListElement":[{"@type":"ListItem","position":1,"name":"Portada","item":"https:\/\/www.iesabadinobhi.com\/es\/"},{"@type":"ListItem","position":2,"name":"Exposici\u00f3n de trabajos de los alumnos de pl\u00e1stica"}]},{"@type":"WebSite","@id":"https:\/\/www.iesabadinobhi.com\/#website","url":"https:\/\/www.iesabadinobhi.com\/","name":"Abadi\u00f1oko Institutua - Instituto de Abadi\u00f1o","description":"Centro p\u00fablico de modelo D para alumnos\/as de 12 a 16 a\u00f1os.","publisher":{"@id":"https:\/\/www.iesabadinobhi.com\/#organization"},"potentialAction":[{"@type":"SearchAction","target":{"@type":"EntryPoint","urlTemplate":"https:\/\/www.iesabadinobhi.com\/?s={search_term_string}"},"query-input":{"@type":"PropertyValueSpecification","valueRequired":true,"valueName":"search_term_string"}}],"inLanguage":"es"},{"@type":"Organization","@id":"https:\/\/www.iesabadinobhi.com\/#organization","name":"Abadi\u00f1oko Institutua - Instituto de Abadi\u00f1o","url":"https:\/\/www.iesabadinobhi.com\/","logo":{"@type":"ImageObject","inLanguage":"es","@id":"https:\/\/www.iesabadinobhi.com\/#\/schema\/logo\/image\/","url":"https:\/\/www.iesabadinobhi.com\/wp-content\/uploads\/2022\/01\/logo_abadino_web_25-1.jpg","contentUrl":"https:\/\/www.iesabadinobhi.com\/wp-content\/uploads\/2022\/01\/logo_abadino_web_25-1.jpg","width":246,"height":234,"caption":"Abadi\u00f1oko Institutua - Instituto de Abadi\u00f1o"},"image":{"@id":"https:\/\/www.iesabadinobhi.com\/#\/schema\/logo\/image\/"},"sameAs":["https:\/\/www.youtube.com\/channel\/UChFI9DF_PiIsiqzblGEpD6Q"]},{"@type":"Person","@id":"https:\/\/www.iesabadinobhi.com\/#\/schema\/person\/a71a6965234a00ffd67b3fc3c9858cd3","name":"komunika","image":{"@type":"ImageObject","inLanguage":"es","@id":"https:\/\/secure.gravatar.com\/avatar\/a22f2ac29ef785448617c06f66acb86e91041eb5ff01e3e6145cdc0af3989762?s=96&d=mm&r=g","url":"https:\/\/secure.gravatar.com\/avatar\/a22f2ac29ef785448617c06f66acb86e91041eb5ff01e3e6145cdc0af3989762?s=96&d=mm&r=g","contentUrl":"https:\/\/secure.gravatar.com\/avatar\/a22f2ac29ef785448617c06f66acb86e91041eb5ff01e3e6145cdc0af3989762?s=96&d=mm&r=g","caption":"komunika"},"sameAs":["http:\/\/www.iesabadinobhi.com"],"url":"https:\/\/www.iesabadinobhi.com\/es\/author\/komunika\/"}]}},"_links":{"self":[{"href":"https:\/\/www.iesabadinobhi.com\/es\/wp-json\/wp\/v2\/posts\/10036","targetHints":{"allow":["GET"]}}],"collection":[{"href":"https:\/\/www.iesabadinobhi.com\/es\/wp-json\/wp\/v2\/posts"}],"about":[{"href":"https:\/\/www.iesabadinobhi.com\/es\/wp-json\/wp\/v2\/types\/post"}],"author":[{"embeddable":true,"href":"https:\/\/www.iesabadinobhi.com\/es\/wp-json\/wp\/v2\/users\/1"}],"replies":[{"embeddable":true,"href":"https:\/\/www.iesabadinobhi.com\/es\/wp-json\/wp\/v2\/comments?post=10036"}],"version-history":[{"count":16,"href":"https:\/\/www.iesabadinobhi.com\/es\/wp-json\/wp\/v2\/posts\/10036\/revisions"}],"predecessor-version":[{"id":10064,"href":"https:\/\/www.iesabadinobhi.com\/es\/wp-json\/wp\/v2\/posts\/10036\/revisions\/10064"}],"wp:featuredmedia":[{"embeddable":true,"href":"https:\/\/www.iesabadinobhi.com\/es\/wp-json\/wp\/v2\/media\/10038"}],"wp:attachment":[{"href":"https:\/\/www.iesabadinobhi.com\/es\/wp-json\/wp\/v2\/media?parent=10036"}],"wp:term":[{"taxonomy":"category","embeddable":true,"href":"https:\/\/www.iesabadinobhi.com\/es\/wp-json\/wp\/v2\/categories?post=10036"},{"taxonomy":"post_tag","embeddable":true,"href":"https:\/\/www.iesabadinobhi.com\/es\/wp-json\/wp\/v2\/tags?post=10036"}],"curies":[{"name":"wp","href":"https:\/\/api.w.org\/{rel}","templated":true}]}}